{"id":994,"date":"2019-08-07T15:15:31","date_gmt":"2019-08-07T13:15:31","guid":{"rendered":"http:\/\/studenckifestiwal.pl\/?p=994"},"modified":"2019-08-13T08:58:41","modified_gmt":"2019-08-13T06:58:41","slug":"koncert-galowy-pt-89","status":"publish","type":"post","link":"https:\/\/studenckifestiwal.pl\/index.php\/2019\/08\/07\/koncert-galowy-pt-89\/","title":{"rendered":"Koncert Galowy pt. &#8222;#89&#8221;"},"content":{"rendered":"<div class='booster-block booster-read-block'>\n                <div class=\"twp-read-time\">\n                \t<i class=\"booster-icon twp-clock\"><\/i> <span>Read Time:<\/span>1 Minute, 4 Second                <\/div>\n\n            <\/div>\n<p>\n\n&#8222;#89&#8221;<\/p>\n\n\n\n<p>Ju\u017c nam si\u0119 nie chce powa\u017cnych ton\u00f3w, rozm\u00f3w o mi\u0142o\u015bci, \u015bmierci i przemijaniu. Ju\u017c nam si\u0119 nie chce na powa\u017cnie, z szeroko otwartymi oczami i wzrokiem wbitym w ostatnie rz\u0119dy widowni. Ju\u017c nam si\u0119 nie chce \u0142adnych make-up\u2019\u00f3w, flirt\u00f3w i kokieterii. Ju\u017c nam si\u0119 nie chce udawa\u0107, \u017ce jeste\u015bmy a\u017c tak doro\u015bli, \u017ce jeste\u015bmy a\u017c tak wybitni, \u017ce wiemy wi\u0119cej. <\/p>\n\n\n\n<p>Nie us\u0142yszycie patriotycznych pie\u015bni, pomrukiwania o tym co by\u0142o, szeptania o marzeniach. Nie zobaczycie stworzonych zgodnie z re\u017cyserskim zamys\u0142em postaci, wykreowanych dla potrzeb spektaklu. Nie us\u0142yszycie podnios\u0142ych s\u0142\u00f3w nawo\u0142uj\u0105cych do zmiany.<\/p>\n\n\n\n<p>Bo sztuka to przede wszystkim ludzie. Tu i teraz. <\/p>\n\n\n\n<p>Wyst\u0105pi\u0105: <\/p>\n\n\n\n<p>Wokali\u015bci: Karolina Leszko, Justyna Panfilewicz, Jakub Buga\u0142a, Daniel Cebula- Orynicz, Mariusz Oziu Orzechowski, Kamil Franek Franczak, Kamil Studnicki. <\/p>\n\n\n\n<p>Muzycy: Bartosz Banasik, Jacek D\u0142ugosz, Piotr Feledyk, Pawe\u0142 Kukla, Piotr Nowak, Micha\u0142 Pamu\u0142a, Wojciech Szwugier<\/p>\n\n\n\n<p>Scenariusz i re\u017cyseria: Beata Banasik <\/p>\n\n\n\n<p>Produkcja koncertu: Magdalena Mrozek, Mateusz Marchewka <\/p>\n\n\n\n<p>Scenografia: Katarzyna Dorda <\/p>\n\n\n\n<p>Kostiumy: Marta Kuliga <\/p>\n\n\n\n<p>Wideo:<\/p>\n\n\n\n<p>Wyst\u0119puje: Paulina Walendziak<\/p>\n\n\n\n<p>Operator: Pawe\u0142 Maruszak<\/p>\n\n\n\n<p>Producent: Katarzyna Dorda<\/p>\n\n\n\n<p>Asystent operatora: Tomasz St\u0119pie\u0144<\/p>\n\n\n\n<p>Producent d\u017awi\u0119ku: Jakub Buga\u0142a<\/p>\n\n\n\n<p>Produkcja: FAT\/thisisfat.com<\/p>\n\n\n\n<p>D\u017awi\u0119k\/ \u015bwiat\u0142o : Ma\u0142opolski Ogr\u00f3d Sztuki<\/p>\n\n\n\n<p>Czas trwania koncertu: 80 minut. <\/p>\n\n\n\n<p>Miejsce: Ma\u0142opolski Ogr\u00f3d Sztuki (ul. Rajska 12, Krak\u00f3w) <\/p>\n\n\n\n<p>Godzina: 18h00<\/p>\n\n\n\n<p>Data: 19.10.2019<\/p>\n\n\n\n<p>Cena bilet\u00f3w: 60 z\u0142 <\/p>\n\n\n\n<p>Link do sprzeda\u017cy bilet\u00f3w:<\/p>\n\n\n\n<p><a href=\"https:\/\/www.facebook.com\/events\/2379091828849959\/\" target=\"_blank\" rel=\"noreferrer noopener\" aria-label=\" (otwiera si\u0119 na nowej zak\u0142adce)\">https:\/\/www.facebook.com\/events\/2379091828849959\/<\/a><\/p>\n        <div class=\"booster-block booster-reactions-block\">\n            <div class=\"twp-reactions-icons\">\n                \n                <div class=\"twp-reacts-wrap\">\n                    <a react-data=\"be-react-1\" post-id=\"994\" class=\"be-face-icons un-reacted\" href=\"javascript:void(0)\">\n                        <img decoding=\"async\" src=\"https:\/\/studenckifestiwal.pl\/wp-content\/plugins\/booster-extension\/\/assets\/icon\/happy.svg\" alt=\"Happy\">\n                    <\/a>\n                    <div class=\"twp-reaction-title\">\n                        Happy                    <\/div>\n                    <div class=\"twp-count-percent\">\n                                                    <span style=\"display: none;\" class=\"twp-react-count\">0<\/span>\n                        \n                                                <span class=\"twp-react-percent\"><span>0<\/span> %<\/span>\n                                            <\/div>\n                <\/div>\n\n                <div class=\"twp-reacts-wrap\">\n                    <a react-data=\"be-react-2\" post-id=\"994\" class=\"be-face-icons un-reacted\" href=\"javascript:void(0)\">\n                        <img decoding=\"async\" src=\"https:\/\/studenckifestiwal.pl\/wp-content\/plugins\/booster-extension\/\/assets\/icon\/sad.svg\" alt=\"Sad\">\n                    <\/a>\n                    <div class=\"twp-reaction-title\">\n                        Sad                    <\/div>\n                    <div class=\"twp-count-percent\">\n                                                    <span style=\"display: none;\" class=\"twp-react-count\">0<\/span>\n                                                                        <span class=\"twp-react-percent\"><span>0<\/span> %<\/span>\n                                            <\/div>\n                <\/div>\n\n                <div class=\"twp-reacts-wrap\">\n                    <a react-data=\"be-react-3\" post-id=\"994\" class=\"be-face-icons un-reacted\" href=\"javascript:void(0)\">\n                        <img decoding=\"async\" src=\"https:\/\/studenckifestiwal.pl\/wp-content\/plugins\/booster-extension\/\/assets\/icon\/excited.svg\" alt=\"Excited\">\n                    <\/a>\n                    <div class=\"twp-reaction-title\">\n                        Excited                    <\/div>\n                    <div class=\"twp-count-percent\">\n                                                    <span style=\"display: none;\" class=\"twp-react-count\">0<\/span>\n                                                                        <span class=\"twp-react-percent\"><span>0<\/span> %<\/span>\n                                            <\/div>\n                <\/div>\n\n                <div class=\"twp-reacts-wrap\">\n                    <a react-data=\"be-react-6\" post-id=\"994\" class=\"be-face-icons un-reacted\" href=\"javascript:void(0)\">\n                        <img decoding=\"async\" src=\"https:\/\/studenckifestiwal.pl\/wp-content\/plugins\/booster-extension\/\/assets\/icon\/sleepy.svg\" alt=\"Sleepy\">\n                    <\/a>\n                    <div class=\"twp-reaction-title\">\n                        Sleepy                    <\/div>\n                    <div class=\"twp-count-percent\">\n                                                    <span style=\"display: none;\" class=\"twp-react-count\">0<\/span>\n                        \n                                                <span class=\"twp-react-percent\"><span>0<\/span> %<\/span>\n                                            <\/div>\n                <\/div>\n\n                <div class=\"twp-reacts-wrap\">\n                    <a react-data=\"be-react-4\" post-id=\"994\" class=\"be-face-icons un-reacted\" href=\"javascript:void(0)\">\n                        <img decoding=\"async\" src=\"https:\/\/studenckifestiwal.pl\/wp-content\/plugins\/booster-extension\/\/assets\/icon\/angry.svg\" alt=\"Angry\">\n                    <\/a>\n                    <div class=\"twp-reaction-title\">Angry<\/div>\n                    <div class=\"twp-count-percent\">\n                                                    <span style=\"display: none;\" class=\"twp-react-count\">0<\/span>\n                                                                        <span class=\"twp-react-percent\"><span>0<\/span> %<\/span>\n                        \n                    <\/div>\n                <\/div>\n\n                <div class=\"twp-reacts-wrap\">\n                    <a react-data=\"be-react-5\" post-id=\"994\" class=\"be-face-icons un-reacted\" href=\"javascript:void(0)\">\n                        <img decoding=\"async\" src=\"https:\/\/studenckifestiwal.pl\/wp-content\/plugins\/booster-extension\/\/assets\/icon\/surprise.svg\" alt=\"Surprise\">\n                    <\/a>\n                    <div class=\"twp-reaction-title\">Surprise<\/div>\n                    <div class=\"twp-count-percent\">\n                                                    <span style=\"display: none;\" class=\"twp-react-count\">0<\/span>\n                                                                        <span class=\"twp-react-percent\"><span>0<\/span> %<\/span>\n                                            <\/div>\n                <\/div>\n\n            <\/div>\n        <\/div>\n\n    ","protected":false},"excerpt":{"rendered":"<p>&#8222;#89&#8221; Ju\u017c nam si\u0119 nie chce powa\u017cnych ton\u00f3w, rozm\u00f3w o mi\u0142o\u015bci, \u015bmierci i przemijaniu. Ju\u017c nam si\u0119 nie chce na<\/p>\n<p><a href=\"https:\/\/studenckifestiwal.pl\/index.php\/2019\/08\/07\/koncert-galowy-pt-89\/\" class=\"more-link\">Czytaj wi\u0119cej<span class=\"screen-reader-text\">Koncert Galowy pt. &#8222;#89&#8221;<\/span><\/a><\/p>\n","protected":false},"author":1,"featured_media":995,"comment_status":"closed","ping_status":"closed","sticky":false,"template":"","format":"standard","meta":{"ngg_post_thumbnail":0,"footnotes":""},"categories":[1],"tags":[],"class_list":["post-994","post","type-post","status-publish","format-standard","has-post-thumbnail","hentry","category-slider"],"builder_content":"","_links":{"self":[{"href":"https:\/\/studenckifestiwal.pl\/index.php\/wp-json\/wp\/v2\/posts\/994","targetHints":{"allow":["GET"]}}],"collection":[{"href":"https:\/\/studenckifestiwal.pl\/index.php\/wp-json\/wp\/v2\/posts"}],"about":[{"href":"https:\/\/studenckifestiwal.pl\/index.php\/wp-json\/wp\/v2\/types\/post"}],"author":[{"embeddable":true,"href":"https:\/\/studenckifestiwal.pl\/index.php\/wp-json\/wp\/v2\/users\/1"}],"replies":[{"embeddable":true,"href":"https:\/\/studenckifestiwal.pl\/index.php\/wp-json\/wp\/v2\/comments?post=994"}],"version-history":[{"count":2,"href":"https:\/\/studenckifestiwal.pl\/index.php\/wp-json\/wp\/v2\/posts\/994\/revisions"}],"predecessor-version":[{"id":1014,"href":"https:\/\/studenckifestiwal.pl\/index.php\/wp-json\/wp\/v2\/posts\/994\/revisions\/1014"}],"wp:featuredmedia":[{"embeddable":true,"href":"https:\/\/studenckifestiwal.pl\/index.php\/wp-json\/wp\/v2\/media\/995"}],"wp:attachment":[{"href":"https:\/\/studenckifestiwal.pl\/index.php\/wp-json\/wp\/v2\/media?parent=994"}],"wp:term":[{"taxonomy":"category","embeddable":true,"href":"https:\/\/studenckifestiwal.pl\/index.php\/wp-json\/wp\/v2\/categories?post=994"},{"taxonomy":"post_tag","embeddable":true,"href":"https:\/\/studenckifestiwal.pl\/index.php\/wp-json\/wp\/v2\/tags?post=994"}],"curies":[{"name":"wp","href":"https:\/\/api.w.org\/{rel}","templated":true}]}}