{"id":915,"date":"2019-03-18T15:53:42","date_gmt":"2019-03-18T14:53:42","guid":{"rendered":"http:\/\/studenckifestiwal.pl\/?p=915"},"modified":"2019-03-18T15:53:42","modified_gmt":"2019-03-18T14:53:42","slug":"werdykt-jury-ofpa-rybnik-2019-nominacje-do-55-sfp","status":"publish","type":"post","link":"https:\/\/studenckifestiwal.pl\/index.php\/2019\/03\/18\/werdykt-jury-ofpa-rybnik-2019-nominacje-do-55-sfp\/","title":{"rendered":"Werdykt jury OFPA Rybnik 2019 &#8211; nominacje do 55. SFP"},"content":{"rendered":"<div class='booster-block booster-read-block'>\n                <div class=\"twp-read-time\">\n                \t<i class=\"booster-icon twp-clock\"><\/i> <span>Read Time:<\/span>41 Second                <\/div>\n\n            <\/div><p>Jury w sk\u0142adzie:<\/p>\n<ul>\n<li>Ewa Kornecka<\/li>\n<li>Jacek Glenc<\/li>\n<li>Konrad Imiela<\/li>\n<li>Grzegorz Tomczak<\/li>\n<\/ul>\n<p>po wys\u0142uchaniu w dniu 23 lutego 2019 dziesi\u0119ciu finalist\u00f3w 23. Og\u00f3lnopolskiego Festiwalu Piosenki Artystycznej w Rybniku postanowi\u0142o:<\/p>\n<p>I nagrod\u0119 w wysoko\u015bci 6000,00 z\u0142 otrzymuje Natalia Skorupa<\/p>\n<p>II nagrod\u0119 w wysoko\u015bci 3500,00 z\u0142 otrzymuje Piotr Zubek<\/p>\n<p>II nagrod\u0119 w wysoko\u015bci 2500,00 z\u0142 otrzymuje Dawid G\u0119bala<\/p>\n<p>R\u00f3wnorz\u0119dne wyr\u00f3\u017cnienie w wysoko\u015bci 1000,00 z\u0142 ka\u017cde otrzymuje ( kolejno\u015b\u0107 alfabetyczna ):<\/p>\n<p>1.Karolina Wojtko<\/p>\n<p>2.Marta Skowiera<\/p>\n<p>Nagrod\u0119 honorow\u0105 dla najlepszego akompaniatora jury przyznaje Adamowi Poterze.<\/p>\n<p>Nagrod\u0119 specjaln\u0105 w postaci sesji nagraniowej w\u00a0 profesjonalnym studio jury przyznaje Natalii Skorupce.<\/p>\n<p>Do II etapu Przegl\u0105du Piosenki Aktorskiej we Wroc\u0142awiu Konrad Imiela, jako cz\u0142onek rady Artystycznej Festiwalu nominuje, Natali\u0119 Skorupk\u0119.<\/p>\n<p><strong>Nominacj\u0119 do Studenckiego Festiwalu Piosenki w Krakowie w 2019 roku decyzj\u0105 jury otrzymuj\u0105:\u00a0<\/strong><\/p>\n<p><strong>1.Natalia Skorupka<\/strong><\/p>\n<p><strong>2.Marta Milej<\/strong><\/p>\n<p><strong>3.Piotr Zubek<\/strong><\/p>\n<p>&nbsp;<\/p>\n        <div class=\"booster-block booster-reactions-block\">\n            <div class=\"twp-reactions-icons\">\n                \n                <div class=\"twp-reacts-wrap\">\n                    <a react-data=\"be-react-1\" post-id=\"915\" class=\"be-face-icons un-reacted\" href=\"javascript:void(0)\">\n                        <img decoding=\"async\" src=\"https:\/\/studenckifestiwal.pl\/wp-content\/plugins\/booster-extension\/\/assets\/icon\/happy.svg\" alt=\"Happy\">\n                    <\/a>\n                    <div class=\"twp-reaction-title\">\n                        Happy                    <\/div>\n                    <div class=\"twp-count-percent\">\n                                                    <span style=\"display: none;\" class=\"twp-react-count\">0<\/span>\n                        \n                                                <span class=\"twp-react-percent\"><span>0<\/span> %<\/span>\n                                            <\/div>\n                <\/div>\n\n                <div class=\"twp-reacts-wrap\">\n                    <a react-data=\"be-react-2\" post-id=\"915\" class=\"be-face-icons un-reacted\" href=\"javascript:void(0)\">\n                        <img decoding=\"async\" src=\"https:\/\/studenckifestiwal.pl\/wp-content\/plugins\/booster-extension\/\/assets\/icon\/sad.svg\" alt=\"Sad\">\n                    <\/a>\n                    <div class=\"twp-reaction-title\">\n                        Sad                    <\/div>\n                    <div class=\"twp-count-percent\">\n                                                    <span style=\"display: none;\" class=\"twp-react-count\">0<\/span>\n                                                                        <span class=\"twp-react-percent\"><span>0<\/span> %<\/span>\n                                            <\/div>\n                <\/div>\n\n                <div class=\"twp-reacts-wrap\">\n                    <a react-data=\"be-react-3\" post-id=\"915\" class=\"be-face-icons un-reacted\" href=\"javascript:void(0)\">\n                        <img decoding=\"async\" src=\"https:\/\/studenckifestiwal.pl\/wp-content\/plugins\/booster-extension\/\/assets\/icon\/excited.svg\" alt=\"Excited\">\n                    <\/a>\n                    <div class=\"twp-reaction-title\">\n                        Excited                    <\/div>\n                    <div class=\"twp-count-percent\">\n                                                    <span style=\"display: none;\" class=\"twp-react-count\">0<\/span>\n                                                                        <span class=\"twp-react-percent\"><span>0<\/span> %<\/span>\n                                            <\/div>\n                <\/div>\n\n                <div class=\"twp-reacts-wrap\">\n                    <a react-data=\"be-react-6\" post-id=\"915\" class=\"be-face-icons un-reacted\" href=\"javascript:void(0)\">\n                        <img decoding=\"async\" src=\"https:\/\/studenckifestiwal.pl\/wp-content\/plugins\/booster-extension\/\/assets\/icon\/sleepy.svg\" alt=\"Sleepy\">\n                    <\/a>\n                    <div class=\"twp-reaction-title\">\n                        Sleepy                    <\/div>\n                    <div class=\"twp-count-percent\">\n                                                    <span style=\"display: none;\" class=\"twp-react-count\">0<\/span>\n                        \n                                                <span class=\"twp-react-percent\"><span>0<\/span> %<\/span>\n                                            <\/div>\n                <\/div>\n\n                <div class=\"twp-reacts-wrap\">\n                    <a react-data=\"be-react-4\" post-id=\"915\" class=\"be-face-icons un-reacted\" href=\"javascript:void(0)\">\n                        <img decoding=\"async\" src=\"https:\/\/studenckifestiwal.pl\/wp-content\/plugins\/booster-extension\/\/assets\/icon\/angry.svg\" alt=\"Angry\">\n                    <\/a>\n                    <div class=\"twp-reaction-title\">Angry<\/div>\n                    <div class=\"twp-count-percent\">\n                                                    <span style=\"display: none;\" class=\"twp-react-count\">0<\/span>\n                                                                        <span class=\"twp-react-percent\"><span>0<\/span> %<\/span>\n                        \n                    <\/div>\n                <\/div>\n\n                <div class=\"twp-reacts-wrap\">\n                    <a react-data=\"be-react-5\" post-id=\"915\" class=\"be-face-icons un-reacted\" href=\"javascript:void(0)\">\n                        <img decoding=\"async\" src=\"https:\/\/studenckifestiwal.pl\/wp-content\/plugins\/booster-extension\/\/assets\/icon\/surprise.svg\" alt=\"Surprise\">\n                    <\/a>\n                    <div class=\"twp-reaction-title\">Surprise<\/div>\n                    <div class=\"twp-count-percent\">\n                                                    <span style=\"display: none;\" class=\"twp-react-count\">0<\/span>\n                                                                        <span class=\"twp-react-percent\"><span>0<\/span> %<\/span>\n                                            <\/div>\n                <\/div>\n\n            <\/div>\n        <\/div>\n\n    ","protected":false},"excerpt":{"rendered":"<p>Jury w sk\u0142adzie: Ewa Kornecka Jacek Glenc Konrad Imiela Grzegorz Tomczak po wys\u0142uchaniu w dniu 23 lutego 2019 dziesi\u0119ciu finalist\u00f3w<\/p>\n<p><a href=\"https:\/\/studenckifestiwal.pl\/index.php\/2019\/03\/18\/werdykt-jury-ofpa-rybnik-2019-nominacje-do-55-sfp\/\" class=\"more-link\">Czytaj wi\u0119cej<span class=\"screen-reader-text\">Werdykt jury OFPA Rybnik 2019 &#8211; nominacje do 55. SFP<\/span><\/a><\/p>\n","protected":false},"author":1,"featured_media":916,"comment_status":"closed","ping_status":"closed","sticky":false,"template":"","format":"standard","meta":{"ngg_post_thumbnail":0,"footnotes":""},"categories":[1],"tags":[],"class_list":["post-915","post","type-post","status-publish","format-standard","has-post-thumbnail","hentry","category-slider"],"builder_content":"","_links":{"self":[{"href":"https:\/\/studenckifestiwal.pl\/index.php\/wp-json\/wp\/v2\/posts\/915","targetHints":{"allow":["GET"]}}],"collection":[{"href":"https:\/\/studenckifestiwal.pl\/index.php\/wp-json\/wp\/v2\/posts"}],"about":[{"href":"https:\/\/studenckifestiwal.pl\/index.php\/wp-json\/wp\/v2\/types\/post"}],"author":[{"embeddable":true,"href":"https:\/\/studenckifestiwal.pl\/index.php\/wp-json\/wp\/v2\/users\/1"}],"replies":[{"embeddable":true,"href":"https:\/\/studenckifestiwal.pl\/index.php\/wp-json\/wp\/v2\/comments?post=915"}],"version-history":[{"count":1,"href":"https:\/\/studenckifestiwal.pl\/index.php\/wp-json\/wp\/v2\/posts\/915\/revisions"}],"predecessor-version":[{"id":917,"href":"https:\/\/studenckifestiwal.pl\/index.php\/wp-json\/wp\/v2\/posts\/915\/revisions\/917"}],"wp:featuredmedia":[{"embeddable":true,"href":"https:\/\/studenckifestiwal.pl\/index.php\/wp-json\/wp\/v2\/media\/916"}],"wp:attachment":[{"href":"https:\/\/studenckifestiwal.pl\/index.php\/wp-json\/wp\/v2\/media?parent=915"}],"wp:term":[{"taxonomy":"category","embeddable":true,"href":"https:\/\/studenckifestiwal.pl\/index.php\/wp-json\/wp\/v2\/categories?post=915"},{"taxonomy":"post_tag","embeddable":true,"href":"https:\/\/studenckifestiwal.pl\/index.php\/wp-json\/wp\/v2\/tags?post=915"}],"curies":[{"name":"wp","href":"https:\/\/api.w.org\/{rel}","templated":true}]}}