{"id":902,"date":"2018-10-20T23:57:52","date_gmt":"2018-10-20T21:57:52","guid":{"rendered":"http:\/\/studenckifestiwal.pl\/?p=902"},"modified":"2018-10-21T00:06:59","modified_gmt":"2018-10-20T22:06:59","slug":"werdykt-54-studenckiego-festiwalu-piosenki-krakowskiego-festiwalu-piosenki","status":"publish","type":"post","link":"https:\/\/studenckifestiwal.pl\/index.php\/2018\/10\/20\/werdykt-54-studenckiego-festiwalu-piosenki-krakowskiego-festiwalu-piosenki\/","title":{"rendered":"Werdykt 54. Studenckiego Festiwalu Piosenki &#8211; Krakowskiego Festiwalu Piosenki"},"content":{"rendered":"<div class='booster-block booster-read-block'>\n                <div class=\"twp-read-time\">\n                \t<i class=\"booster-icon twp-clock\"><\/i> <span>Read Time:<\/span>40 Second                <\/div>\n\n            <\/div><div>\n<p>Jury w sk\u0142adzie: Jaros\u0142aw Wasik (przewodnicz\u0105cy), Joanna S\u0142owi\u0144ska, Jan Poprawa, Aleksander Brzezi\u0144ski oraz Marcin Januszkiewicz po przes\u0142uchaniu w dniu 20 pa\u017adziernika 2018 r. 26. zespo\u0142\u00f3w i solist\u00f3w nominowanych przez Rad\u0119 Artystyczn\u0105 SFP do fina\u0142u konkursu, oraz po burzliwej dyskusji &#8211; postanowi\u0142o:<\/p>\n<p>&nbsp;<\/p>\n<p><span style=\"color: #fff;\">Pierwsz\u0105 nagrod\u0119 54 Studenckiego Festiwalu Piosenki przyzna\u0107:<\/span><\/p>\n<p>Zespo\u0142owi S\u0104ST\u0104D ( w wysoko\u015bci 5000,00 z\u0142 oraz organizacji koncertu o warto\u015bci 3000,00 z\u0142 ufundowanego przez Krakowskie Forum Kultury ).<\/p>\n<p>&nbsp;<\/p>\n<p><span style=\"color: #fff;\">Drug\u0105 nagrod\u0119 przyznano:<\/span><\/p>\n<p>Dominice Handzlik\u00a0 ( 3000 z\u0142 nagrod\u0119 ufundowa\u0142o Muzeum Polskiej Piosenki ).<\/p>\n<p>&nbsp;<\/p>\n<p><span style=\"color: #fff;\">Dwie r\u00f3wnorz\u0119dne trzecie nagrody Jury przyzna\u0142o:<\/span><\/p>\n<p>Filipowi Mizii oraz Andrzejowi D\u0119bowskiemu (po 1500 z\u0142)<\/p>\n<p>&nbsp;<\/p>\n<p><span style=\"color: #fff;\">Nagrod\u0105 specjaln\u0105 im. Wojciecha Bellona za walory autorskich tekst\u00f3w piosenek Jury przyzna\u0142o:<\/span><\/p>\n<p>Andrzejowi D\u0119bowskiemu ( 1500 z\u0142 )<\/p>\n<p>&nbsp;<\/p>\n<p><span style=\"color: #fff;\">Wyr\u00f3\u017cnienie festiwalowe wraz z tytu\u0142em laureatki 54 SFP Jury przyzna\u0142o:<\/span><\/p>\n<p>Idzie \u201eDZIK\u201d Nowak ( 500 z\u0142 )<\/p>\n<p>&nbsp;<\/p>\n<p>Na tym protok\u00f3\u0142 zamkni\u0119to.<\/p>\n<\/div>\n        <div class=\"booster-block booster-reactions-block\">\n            <div class=\"twp-reactions-icons\">\n                \n                <div class=\"twp-reacts-wrap\">\n                    <a react-data=\"be-react-1\" post-id=\"902\" class=\"be-face-icons un-reacted\" href=\"javascript:void(0)\">\n                        <img decoding=\"async\" src=\"https:\/\/studenckifestiwal.pl\/wp-content\/plugins\/booster-extension\/\/assets\/icon\/happy.svg\" alt=\"Happy\">\n                    <\/a>\n                    <div class=\"twp-reaction-title\">\n                        Happy                    <\/div>\n                    <div class=\"twp-count-percent\">\n                                                    <span style=\"display: none;\" class=\"twp-react-count\">0<\/span>\n                        \n                                                <span class=\"twp-react-percent\"><span>0<\/span> %<\/span>\n                                            <\/div>\n                <\/div>\n\n                <div class=\"twp-reacts-wrap\">\n                    <a react-data=\"be-react-2\" post-id=\"902\" class=\"be-face-icons un-reacted\" href=\"javascript:void(0)\">\n                        <img decoding=\"async\" src=\"https:\/\/studenckifestiwal.pl\/wp-content\/plugins\/booster-extension\/\/assets\/icon\/sad.svg\" alt=\"Sad\">\n                    <\/a>\n                    <div class=\"twp-reaction-title\">\n                        Sad                    <\/div>\n                    <div class=\"twp-count-percent\">\n                                                    <span style=\"display: none;\" class=\"twp-react-count\">0<\/span>\n                                                                        <span class=\"twp-react-percent\"><span>0<\/span> %<\/span>\n                                            <\/div>\n                <\/div>\n\n                <div class=\"twp-reacts-wrap\">\n                    <a react-data=\"be-react-3\" post-id=\"902\" class=\"be-face-icons un-reacted\" href=\"javascript:void(0)\">\n                        <img decoding=\"async\" src=\"https:\/\/studenckifestiwal.pl\/wp-content\/plugins\/booster-extension\/\/assets\/icon\/excited.svg\" alt=\"Excited\">\n                    <\/a>\n                    <div class=\"twp-reaction-title\">\n                        Excited                    <\/div>\n                    <div class=\"twp-count-percent\">\n                                                    <span style=\"display: none;\" class=\"twp-react-count\">0<\/span>\n                                                                        <span class=\"twp-react-percent\"><span>0<\/span> %<\/span>\n                                            <\/div>\n                <\/div>\n\n                <div class=\"twp-reacts-wrap\">\n                    <a react-data=\"be-react-6\" post-id=\"902\" class=\"be-face-icons un-reacted\" href=\"javascript:void(0)\">\n                        <img decoding=\"async\" src=\"https:\/\/studenckifestiwal.pl\/wp-content\/plugins\/booster-extension\/\/assets\/icon\/sleepy.svg\" alt=\"Sleepy\">\n                    <\/a>\n                    <div class=\"twp-reaction-title\">\n                        Sleepy                    <\/div>\n                    <div class=\"twp-count-percent\">\n                                                    <span style=\"display: none;\" class=\"twp-react-count\">0<\/span>\n                        \n                                                <span class=\"twp-react-percent\"><span>0<\/span> %<\/span>\n                                            <\/div>\n                <\/div>\n\n                <div class=\"twp-reacts-wrap\">\n                    <a react-data=\"be-react-4\" post-id=\"902\" class=\"be-face-icons un-reacted\" href=\"javascript:void(0)\">\n                        <img decoding=\"async\" src=\"https:\/\/studenckifestiwal.pl\/wp-content\/plugins\/booster-extension\/\/assets\/icon\/angry.svg\" alt=\"Angry\">\n                    <\/a>\n                    <div class=\"twp-reaction-title\">Angry<\/div>\n                    <div class=\"twp-count-percent\">\n                                                    <span style=\"display: none;\" class=\"twp-react-count\">0<\/span>\n                                                                        <span class=\"twp-react-percent\"><span>0<\/span> %<\/span>\n                        \n                    <\/div>\n                <\/div>\n\n                <div class=\"twp-reacts-wrap\">\n                    <a react-data=\"be-react-5\" post-id=\"902\" class=\"be-face-icons un-reacted\" href=\"javascript:void(0)\">\n                        <img decoding=\"async\" src=\"https:\/\/studenckifestiwal.pl\/wp-content\/plugins\/booster-extension\/\/assets\/icon\/surprise.svg\" alt=\"Surprise\">\n                    <\/a>\n                    <div class=\"twp-reaction-title\">Surprise<\/div>\n                    <div class=\"twp-count-percent\">\n                                                    <span style=\"display: none;\" class=\"twp-react-count\">0<\/span>\n                                                                        <span class=\"twp-react-percent\"><span>0<\/span> %<\/span>\n                                            <\/div>\n                <\/div>\n\n            <\/div>\n        <\/div>\n\n    ","protected":false},"excerpt":{"rendered":"<p>Jury w sk\u0142adzie: Jaros\u0142aw Wasik (przewodnicz\u0105cy), Joanna S\u0142owi\u0144ska, Jan Poprawa, Aleksander Brzezi\u0144ski oraz Marcin Januszkiewicz po przes\u0142uchaniu w dniu 20<\/p>\n<p><a href=\"https:\/\/studenckifestiwal.pl\/index.php\/2018\/10\/20\/werdykt-54-studenckiego-festiwalu-piosenki-krakowskiego-festiwalu-piosenki\/\" class=\"more-link\">Czytaj wi\u0119cej<span class=\"screen-reader-text\">Werdykt 54. Studenckiego Festiwalu Piosenki &#8211; Krakowskiego Festiwalu Piosenki<\/span><\/a><\/p>\n","protected":false},"author":1,"featured_media":905,"comment_status":"closed","ping_status":"closed","sticky":false,"template":"","format":"standard","meta":{"ngg_post_thumbnail":0,"footnotes":""},"categories":[1],"tags":[],"class_list":["post-902","post","type-post","status-publish","format-standard","has-post-thumbnail","hentry","category-slider"],"builder_content":"","_links":{"self":[{"href":"https:\/\/studenckifestiwal.pl\/index.php\/wp-json\/wp\/v2\/posts\/902","targetHints":{"allow":["GET"]}}],"collection":[{"href":"https:\/\/studenckifestiwal.pl\/index.php\/wp-json\/wp\/v2\/posts"}],"about":[{"href":"https:\/\/studenckifestiwal.pl\/index.php\/wp-json\/wp\/v2\/types\/post"}],"author":[{"embeddable":true,"href":"https:\/\/studenckifestiwal.pl\/index.php\/wp-json\/wp\/v2\/users\/1"}],"replies":[{"embeddable":true,"href":"https:\/\/studenckifestiwal.pl\/index.php\/wp-json\/wp\/v2\/comments?post=902"}],"version-history":[{"count":4,"href":"https:\/\/studenckifestiwal.pl\/index.php\/wp-json\/wp\/v2\/posts\/902\/revisions"}],"predecessor-version":[{"id":908,"href":"https:\/\/studenckifestiwal.pl\/index.php\/wp-json\/wp\/v2\/posts\/902\/revisions\/908"}],"wp:featuredmedia":[{"embeddable":true,"href":"https:\/\/studenckifestiwal.pl\/index.php\/wp-json\/wp\/v2\/media\/905"}],"wp:attachment":[{"href":"https:\/\/studenckifestiwal.pl\/index.php\/wp-json\/wp\/v2\/media?parent=902"}],"wp:term":[{"taxonomy":"category","embeddable":true,"href":"https:\/\/studenckifestiwal.pl\/index.php\/wp-json\/wp\/v2\/categories?post=902"},{"taxonomy":"post_tag","embeddable":true,"href":"https:\/\/studenckifestiwal.pl\/index.php\/wp-json\/wp\/v2\/tags?post=902"}],"curies":[{"name":"wp","href":"https:\/\/api.w.org\/{rel}","templated":true}]}}