{"id":893,"date":"2018-10-18T21:45:23","date_gmt":"2018-10-18T19:45:23","guid":{"rendered":"http:\/\/studenckifestiwal.pl\/?p=893"},"modified":"2018-10-18T21:53:25","modified_gmt":"2018-10-18T19:53:25","slug":"uczestnicy-konkursu-54-sfp-kfp","status":"publish","type":"post","link":"https:\/\/studenckifestiwal.pl\/index.php\/2018\/10\/18\/uczestnicy-konkursu-54-sfp-kfp\/","title":{"rendered":"Uczestnicy konkursu 54. SFP-KFP"},"content":{"rendered":"<div class='booster-block booster-read-block'>\n                <div class=\"twp-read-time\">\n                \t<i class=\"booster-icon twp-clock\"><\/i> <span>Read Time:<\/span>26 Second                <\/div>\n\n            <\/div><p>&nbsp;<\/p>\n<p>Przedstawiamy Pa\u0144stwu pe\u0142n\u0105 list\u0119 uczestnik\u00f3w konkursu 54. Studenckiego Festiwalu Piosenki! Wpadajcie na przes\u0142uchania konkursowe ju\u017c w najbli\u017csz\u0105 sobot\u0119 tj. 20.10.2018 o godz: 11:00 w Krakowskie Forum Kultury!<\/p>\n<p>&nbsp;<\/p>\n<ul>\n<li>Filip Mizia<\/li>\n<li><span class=\"gmail-_247o\">Sandra Mika<\/span><\/li>\n<li><span class=\"gmail-_247o\">Andrzej D\u0119bowski<\/span><\/li>\n<li>Anna Bia\u0142o\u0144<\/li>\n<li><span class=\"gmail-_247o\">Basia Piotrowska<\/span><\/li>\n<li><span class=\"gmail-_247o\">EKHTO<\/span><\/li>\n<li><span class=\"gmail-_247o\">Ida Dzik<\/span><\/li>\n<li><span class=\"gmail-_247o\">Iza Niedzi\u00f3\u0142ka<\/span><\/li>\n<li><span class=\"gmail-_247o\">Jakub Zuckerman<\/span><\/li>\n<li><span class=\"gmail-_247o\">Anastazja Karolina Lizer<\/span><\/li>\n<li>Wojciech Szuma\u0144ski<\/li>\n<li>Joanna Jewu\u0142<\/li>\n<li><span class=\"gmail-_247o\">Zuza Wi\u015bniewska<\/span><\/li>\n<li><span class=\"gmail-_247o\">Kinga Bodzak<\/span><span class=\"gmail-_247o\">Kinga Bodzak<\/span><\/li>\n<li><span class=\"gmail-_247o\">PARALUZJA<\/span><\/li>\n<li><span class=\"gmail-_247o\">Magdalena Fennig<\/span><\/li>\n<li>Due Cuori<\/li>\n<li><span class=\"gmail-_247o\">Aleksandra Kwiatkowska<\/span><\/li>\n<li><span class=\"gmail-_247o\">Weronika Boczek<\/span><\/li>\n<li><span class=\"gmail-_247o\">Alicja Dawidowicz<\/span><\/li>\n<li>EUFORIA<\/li>\n<li><span class=\"gmail-_247o\">Dominika Beza Handzlik<\/span><\/li>\n<li><span class=\"gmail-_247o\">Maksymilian \u0141api\u0144ski<\/span><\/li>\n<li>PARA<\/li>\n<li><span class=\"gmail-_247o\">Dawid Gebala<\/span><\/li>\n<li>Sara Lity\u0144ska<\/li>\n<li><span class=\"gmail-_247o\">S\u0104ST\u0104D<\/span><\/li>\n<\/ul>\n<p>ZAPRASZAMY!!! \ud83d\ude42<\/p>\n        <div class=\"booster-block booster-reactions-block\">\n            <div class=\"twp-reactions-icons\">\n                \n                <div class=\"twp-reacts-wrap\">\n                    <a react-data=\"be-react-1\" post-id=\"893\" class=\"be-face-icons un-reacted\" href=\"javascript:void(0)\">\n                        <img decoding=\"async\" src=\"https:\/\/studenckifestiwal.pl\/wp-content\/plugins\/booster-extension\/\/assets\/icon\/happy.svg\" alt=\"Happy\">\n                    <\/a>\n                    <div class=\"twp-reaction-title\">\n                        Happy                    <\/div>\n                    <div class=\"twp-count-percent\">\n                                                    <span style=\"display: none;\" class=\"twp-react-count\">0<\/span>\n                        \n                                                <span class=\"twp-react-percent\"><span>0<\/span> %<\/span>\n                                            <\/div>\n                <\/div>\n\n                <div class=\"twp-reacts-wrap\">\n                    <a react-data=\"be-react-2\" post-id=\"893\" class=\"be-face-icons un-reacted\" href=\"javascript:void(0)\">\n                        <img decoding=\"async\" src=\"https:\/\/studenckifestiwal.pl\/wp-content\/plugins\/booster-extension\/\/assets\/icon\/sad.svg\" alt=\"Sad\">\n                    <\/a>\n                    <div class=\"twp-reaction-title\">\n                        Sad                    <\/div>\n                    <div class=\"twp-count-percent\">\n                                                    <span style=\"display: none;\" class=\"twp-react-count\">0<\/span>\n                                                                        <span class=\"twp-react-percent\"><span>0<\/span> %<\/span>\n                                            <\/div>\n                <\/div>\n\n                <div class=\"twp-reacts-wrap\">\n                    <a react-data=\"be-react-3\" post-id=\"893\" class=\"be-face-icons un-reacted\" href=\"javascript:void(0)\">\n                        <img decoding=\"async\" src=\"https:\/\/studenckifestiwal.pl\/wp-content\/plugins\/booster-extension\/\/assets\/icon\/excited.svg\" alt=\"Excited\">\n                    <\/a>\n                    <div class=\"twp-reaction-title\">\n                        Excited                    <\/div>\n                    <div class=\"twp-count-percent\">\n                                                    <span style=\"display: none;\" class=\"twp-react-count\">0<\/span>\n                                                                        <span class=\"twp-react-percent\"><span>0<\/span> %<\/span>\n                                            <\/div>\n                <\/div>\n\n                <div class=\"twp-reacts-wrap\">\n                    <a react-data=\"be-react-6\" post-id=\"893\" class=\"be-face-icons un-reacted\" href=\"javascript:void(0)\">\n                        <img decoding=\"async\" src=\"https:\/\/studenckifestiwal.pl\/wp-content\/plugins\/booster-extension\/\/assets\/icon\/sleepy.svg\" alt=\"Sleepy\">\n                    <\/a>\n                    <div class=\"twp-reaction-title\">\n                        Sleepy                    <\/div>\n                    <div class=\"twp-count-percent\">\n                                                    <span style=\"display: none;\" class=\"twp-react-count\">0<\/span>\n                        \n                                                <span class=\"twp-react-percent\"><span>0<\/span> %<\/span>\n                                            <\/div>\n                <\/div>\n\n                <div class=\"twp-reacts-wrap\">\n                    <a react-data=\"be-react-4\" post-id=\"893\" class=\"be-face-icons un-reacted\" href=\"javascript:void(0)\">\n                        <img decoding=\"async\" src=\"https:\/\/studenckifestiwal.pl\/wp-content\/plugins\/booster-extension\/\/assets\/icon\/angry.svg\" alt=\"Angry\">\n                    <\/a>\n                    <div class=\"twp-reaction-title\">Angry<\/div>\n                    <div class=\"twp-count-percent\">\n                                                    <span style=\"display: none;\" class=\"twp-react-count\">0<\/span>\n                                                                        <span class=\"twp-react-percent\"><span>0<\/span> %<\/span>\n                        \n                    <\/div>\n                <\/div>\n\n                <div class=\"twp-reacts-wrap\">\n                    <a react-data=\"be-react-5\" post-id=\"893\" class=\"be-face-icons un-reacted\" href=\"javascript:void(0)\">\n                        <img decoding=\"async\" src=\"https:\/\/studenckifestiwal.pl\/wp-content\/plugins\/booster-extension\/\/assets\/icon\/surprise.svg\" alt=\"Surprise\">\n                    <\/a>\n                    <div class=\"twp-reaction-title\">Surprise<\/div>\n                    <div class=\"twp-count-percent\">\n                                                    <span style=\"display: none;\" class=\"twp-react-count\">0<\/span>\n                                                                        <span class=\"twp-react-percent\"><span>0<\/span> %<\/span>\n                                            <\/div>\n                <\/div>\n\n            <\/div>\n        <\/div>\n\n    ","protected":false},"excerpt":{"rendered":"<p>&nbsp; Przedstawiamy Pa\u0144stwu pe\u0142n\u0105 list\u0119 uczestnik\u00f3w konkursu 54. Studenckiego Festiwalu Piosenki! Wpadajcie na przes\u0142uchania konkursowe ju\u017c w najbli\u017csz\u0105 sobot\u0119 tj.<\/p>\n<p><a href=\"https:\/\/studenckifestiwal.pl\/index.php\/2018\/10\/18\/uczestnicy-konkursu-54-sfp-kfp\/\" class=\"more-link\">Czytaj wi\u0119cej<span class=\"screen-reader-text\">Uczestnicy konkursu 54. SFP-KFP<\/span><\/a><\/p>\n","protected":false},"author":1,"featured_media":572,"comment_status":"closed","ping_status":"closed","sticky":false,"template":"","format":"standard","meta":{"ngg_post_thumbnail":0,"footnotes":""},"categories":[1],"tags":[],"class_list":["post-893","post","type-post","status-publish","format-standard","has-post-thumbnail","hentry","category-slider"],"builder_content":"","_links":{"self":[{"href":"https:\/\/studenckifestiwal.pl\/index.php\/wp-json\/wp\/v2\/posts\/893","targetHints":{"allow":["GET"]}}],"collection":[{"href":"https:\/\/studenckifestiwal.pl\/index.php\/wp-json\/wp\/v2\/posts"}],"about":[{"href":"https:\/\/studenckifestiwal.pl\/index.php\/wp-json\/wp\/v2\/types\/post"}],"author":[{"embeddable":true,"href":"https:\/\/studenckifestiwal.pl\/index.php\/wp-json\/wp\/v2\/users\/1"}],"replies":[{"embeddable":true,"href":"https:\/\/studenckifestiwal.pl\/index.php\/wp-json\/wp\/v2\/comments?post=893"}],"version-history":[{"count":6,"href":"https:\/\/studenckifestiwal.pl\/index.php\/wp-json\/wp\/v2\/posts\/893\/revisions"}],"predecessor-version":[{"id":899,"href":"https:\/\/studenckifestiwal.pl\/index.php\/wp-json\/wp\/v2\/posts\/893\/revisions\/899"}],"wp:featuredmedia":[{"embeddable":true,"href":"https:\/\/studenckifestiwal.pl\/index.php\/wp-json\/wp\/v2\/media\/572"}],"wp:attachment":[{"href":"https:\/\/studenckifestiwal.pl\/index.php\/wp-json\/wp\/v2\/media?parent=893"}],"wp:term":[{"taxonomy":"category","embeddable":true,"href":"https:\/\/studenckifestiwal.pl\/index.php\/wp-json\/wp\/v2\/categories?post=893"},{"taxonomy":"post_tag","embeddable":true,"href":"https:\/\/studenckifestiwal.pl\/index.php\/wp-json\/wp\/v2\/tags?post=893"}],"curies":[{"name":"wp","href":"https:\/\/api.w.org\/{rel}","templated":true}]}}