{"id":889,"date":"2018-10-16T10:21:24","date_gmt":"2018-10-16T08:21:24","guid":{"rendered":"http:\/\/studenckifestiwal.pl\/?p=889"},"modified":"2018-10-16T10:22:31","modified_gmt":"2018-10-16T08:22:31","slug":"bilety-na-recital-adrianny-kucmierz-milosc-i-inne-klopoty","status":"publish","type":"post","link":"https:\/\/studenckifestiwal.pl\/index.php\/2018\/10\/16\/bilety-na-recital-adrianny-kucmierz-milosc-i-inne-klopoty\/","title":{"rendered":"Bilety na recital Adrianny Ku\u0107mierz &#8222;Mi\u0142o\u015b\u0107 i inne k\u0142opoty&#8221;"},"content":{"rendered":"<div class='booster-block booster-read-block'>\n                <div class=\"twp-read-time\">\n                \t<i class=\"booster-icon twp-clock\"><\/i> <span>Read Time:<\/span>1 Minute, 14 Second                <\/div>\n\n            <\/div><p>Zapraszamy do zakupu bilet\u00f3w na recital Adrianny Ku\u0107mierz &#8222;Mi\u0142o\u015b\u0107 i inne k\u0142opoty&#8221; recital piosenek Andrzej Zaryckiego.<br \/>\n&nbsp;<br \/>\nBilety dost\u0119pne pod poni\u017cszym linkiem:<br \/>\n<a href=\"http:\/\/www.kupbilecik.pl\/impreza-30467-strefajazz.krakow.html\" target=\"_target\">Kup bilet<\/a><br \/>\n&nbsp;<\/p>\n<p style=\"text-align: center; color: #fff;\"><b>18.10.2018 \u2013 czwartek<\/b><\/p>\n<p class=\"gmail-Standard\" align=\"center\"><b><i>Klub Strefa, ul. \u015aw. Tomasza 31<\/i><\/b><\/p>\n<p class=\"gmail-Standard\" align=\"center\"><b><i>godz: 18:10 \u2013 <\/i><\/b><i style=\"color: #e40438;\">\u201eMi\u0142o\u015b\u0107 i inne k\u0142opoty\u201d recital piosenek Andrzeja Zaryckiego, \u015bpiewa: Adrianna Ku\u0107mierz<\/i><\/p>\n<p>&nbsp;<\/p>\n<div dir=\"auto\">\u201eMi\u0142o\u015b\u0107 i inne k\u0142opoty\u201d to recital piosenek z muzyk\u0105 Andrzeja Zaryckiego \u2013 wybitnego kompozytora muzyki rozrywkowej, symfonicznej, teatralnej, filmowej oraz poezji \u015bpiewanej. Jego kompozycje przez wiele lat tworzy\u0142y niezwyk\u0142y nastr\u00f3j Piwnicy Pod Baranami, towarzyszy\u0142y spektaklom i filmom, a\u017c w 2015 roku zosta\u0142y utrwalone na p\u0142ycie \u201eKrajobraz rzeczy pi\u0119knych\u201d.<\/div>\n<div dir=\"auto\"><\/div>\n<p>&nbsp;<\/p>\n<div dir=\"auto\">Spo\u015br\u00f3d kilkuset piosenek artystycznych, trafi\u0142o tam 28 utwor\u00f3w, a kilka z nich, starannie wyselekcjonowanych tematycznie i nastrojowo, zabrzmi na scenie klubu Strefa 18.10.2018r o g.18:10.<\/div>\n<div dir=\"auto\"><\/div>\n<p>&nbsp;<\/p>\n<div dir=\"auto\">Wykonawczyni\u0105 wszystkich utwor\u00f3w b\u0119dzie Adrianna Maja Ku\u0107mierz \u2013 krakowska aktorka, obecnie wyst\u0119puj\u0105ca g\u0142\u00f3wnie na deskach warszawskich teatr\u00f3w, absolwentka PWST (aktualnie AST) w Krakowie oraz laureatka I. nagrody Studenckiego Festiwalu Piosenki w 2015 r.<\/div>\n<div dir=\"auto\"><\/div>\n<p>&nbsp;<\/p>\n<div dir=\"auto\">Teksty (autorstwa m.in.: A. Pacu\u0142y, M. Rusinka, M. Pinkwarta, B.St\u0119pniak-Wilk), kt\u00f3re zabrzmi\u0105 ze sceny m\u00f3wi\u0105 o \u017cyciu, a wi\u0119c zar\u00f3wno o mi\u0142o\u015bci, jak i o sprawach zwyczajnych i nadzwyczajnych. Z ca\u0142\u0105 pewno\u015bci\u0105 nie s\u0105 to wiersze banalne ani nazbyt wsp\u00f3\u0142czesne, za to pe\u0142ne uroku i sk\u0142aniaj\u0105ce do zadumy, a czasem do \u015bmiechu czy cho\u0107by \u2013 u\u015bmiechu. Ich wdzi\u0119k podkre\u015bla niezwyk\u0142a i ponadczasowa, a przecie\u017c tak bliska sercu muzyka A.Zaryckiego.<\/div>\n<div dir=\"auto\"><\/div>\n<p>&nbsp;<\/p>\n<div dir=\"auto\">Dodatkowo, widzowie b\u0119d\u0105 mogli wys\u0142ucha\u0107 kilku autorskich piosenek, z muzyk\u0105 i tekstami Adrianny Ku\u0107mierz.<\/div>\n        <div class=\"booster-block booster-reactions-block\">\n            <div class=\"twp-reactions-icons\">\n                \n                <div class=\"twp-reacts-wrap\">\n                    <a react-data=\"be-react-1\" post-id=\"889\" class=\"be-face-icons un-reacted\" href=\"javascript:void(0)\">\n                        <img decoding=\"async\" src=\"https:\/\/studenckifestiwal.pl\/wp-content\/plugins\/booster-extension\/\/assets\/icon\/happy.svg\" alt=\"Happy\">\n                    <\/a>\n                    <div class=\"twp-reaction-title\">\n                        Happy                    <\/div>\n                    <div class=\"twp-count-percent\">\n                                                    <span style=\"display: none;\" class=\"twp-react-count\">0<\/span>\n                        \n                                                <span class=\"twp-react-percent\"><span>0<\/span> %<\/span>\n                                            <\/div>\n                <\/div>\n\n                <div class=\"twp-reacts-wrap\">\n                    <a react-data=\"be-react-2\" post-id=\"889\" class=\"be-face-icons un-reacted\" href=\"javascript:void(0)\">\n                        <img decoding=\"async\" src=\"https:\/\/studenckifestiwal.pl\/wp-content\/plugins\/booster-extension\/\/assets\/icon\/sad.svg\" alt=\"Sad\">\n                    <\/a>\n                    <div class=\"twp-reaction-title\">\n                        Sad                    <\/div>\n                    <div class=\"twp-count-percent\">\n                                                    <span style=\"display: none;\" class=\"twp-react-count\">0<\/span>\n                                                                        <span class=\"twp-react-percent\"><span>0<\/span> %<\/span>\n                                            <\/div>\n                <\/div>\n\n                <div class=\"twp-reacts-wrap\">\n                    <a react-data=\"be-react-3\" post-id=\"889\" class=\"be-face-icons un-reacted\" href=\"javascript:void(0)\">\n                        <img decoding=\"async\" src=\"https:\/\/studenckifestiwal.pl\/wp-content\/plugins\/booster-extension\/\/assets\/icon\/excited.svg\" alt=\"Excited\">\n                    <\/a>\n                    <div class=\"twp-reaction-title\">\n                        Excited                    <\/div>\n                    <div class=\"twp-count-percent\">\n                                                    <span style=\"display: none;\" class=\"twp-react-count\">0<\/span>\n                                                                        <span class=\"twp-react-percent\"><span>0<\/span> %<\/span>\n                                            <\/div>\n                <\/div>\n\n                <div class=\"twp-reacts-wrap\">\n                    <a react-data=\"be-react-6\" post-id=\"889\" class=\"be-face-icons un-reacted\" href=\"javascript:void(0)\">\n                        <img decoding=\"async\" src=\"https:\/\/studenckifestiwal.pl\/wp-content\/plugins\/booster-extension\/\/assets\/icon\/sleepy.svg\" alt=\"Sleepy\">\n                    <\/a>\n                    <div class=\"twp-reaction-title\">\n                        Sleepy                    <\/div>\n                    <div class=\"twp-count-percent\">\n                                                    <span style=\"display: none;\" class=\"twp-react-count\">0<\/span>\n                        \n                                                <span class=\"twp-react-percent\"><span>0<\/span> %<\/span>\n                                            <\/div>\n                <\/div>\n\n                <div class=\"twp-reacts-wrap\">\n                    <a react-data=\"be-react-4\" post-id=\"889\" class=\"be-face-icons un-reacted\" href=\"javascript:void(0)\">\n                        <img decoding=\"async\" src=\"https:\/\/studenckifestiwal.pl\/wp-content\/plugins\/booster-extension\/\/assets\/icon\/angry.svg\" alt=\"Angry\">\n                    <\/a>\n                    <div class=\"twp-reaction-title\">Angry<\/div>\n                    <div class=\"twp-count-percent\">\n                                                    <span style=\"display: none;\" class=\"twp-react-count\">0<\/span>\n                                                                        <span class=\"twp-react-percent\"><span>0<\/span> %<\/span>\n                        \n                    <\/div>\n                <\/div>\n\n                <div class=\"twp-reacts-wrap\">\n                    <a react-data=\"be-react-5\" post-id=\"889\" class=\"be-face-icons un-reacted\" href=\"javascript:void(0)\">\n                        <img decoding=\"async\" src=\"https:\/\/studenckifestiwal.pl\/wp-content\/plugins\/booster-extension\/\/assets\/icon\/surprise.svg\" alt=\"Surprise\">\n                    <\/a>\n                    <div class=\"twp-reaction-title\">Surprise<\/div>\n                    <div class=\"twp-count-percent\">\n                                                    <span style=\"display: none;\" class=\"twp-react-count\">0<\/span>\n                                                                        <span class=\"twp-react-percent\"><span>0<\/span> %<\/span>\n                                            <\/div>\n                <\/div>\n\n            <\/div>\n        <\/div>\n\n    ","protected":false},"excerpt":{"rendered":"<p>Zapraszamy do zakupu bilet\u00f3w na recital Adrianny Ku\u0107mierz &#8222;Mi\u0142o\u015b\u0107 i inne k\u0142opoty&#8221; recital piosenek Andrzej Zaryckiego. &nbsp; Bilety dost\u0119pne pod<\/p>\n<p><a href=\"https:\/\/studenckifestiwal.pl\/index.php\/2018\/10\/16\/bilety-na-recital-adrianny-kucmierz-milosc-i-inne-klopoty\/\" class=\"more-link\">Czytaj wi\u0119cej<span class=\"screen-reader-text\">Bilety na recital Adrianny Ku\u0107mierz &#8222;Mi\u0142o\u015b\u0107 i inne k\u0142opoty&#8221;<\/span><\/a><\/p>\n","protected":false},"author":1,"featured_media":831,"comment_status":"closed","ping_status":"closed","sticky":false,"template":"","format":"standard","meta":{"ngg_post_thumbnail":0,"footnotes":""},"categories":[1],"tags":[],"class_list":["post-889","post","type-post","status-publish","format-standard","has-post-thumbnail","hentry","category-slider"],"builder_content":"","_links":{"self":[{"href":"https:\/\/studenckifestiwal.pl\/index.php\/wp-json\/wp\/v2\/posts\/889","targetHints":{"allow":["GET"]}}],"collection":[{"href":"https:\/\/studenckifestiwal.pl\/index.php\/wp-json\/wp\/v2\/posts"}],"about":[{"href":"https:\/\/studenckifestiwal.pl\/index.php\/wp-json\/wp\/v2\/types\/post"}],"author":[{"embeddable":true,"href":"https:\/\/studenckifestiwal.pl\/index.php\/wp-json\/wp\/v2\/users\/1"}],"replies":[{"embeddable":true,"href":"https:\/\/studenckifestiwal.pl\/index.php\/wp-json\/wp\/v2\/comments?post=889"}],"version-history":[{"count":2,"href":"https:\/\/studenckifestiwal.pl\/index.php\/wp-json\/wp\/v2\/posts\/889\/revisions"}],"predecessor-version":[{"id":891,"href":"https:\/\/studenckifestiwal.pl\/index.php\/wp-json\/wp\/v2\/posts\/889\/revisions\/891"}],"wp:featuredmedia":[{"embeddable":true,"href":"https:\/\/studenckifestiwal.pl\/index.php\/wp-json\/wp\/v2\/media\/831"}],"wp:attachment":[{"href":"https:\/\/studenckifestiwal.pl\/index.php\/wp-json\/wp\/v2\/media?parent=889"}],"wp:term":[{"taxonomy":"category","embeddable":true,"href":"https:\/\/studenckifestiwal.pl\/index.php\/wp-json\/wp\/v2\/categories?post=889"},{"taxonomy":"post_tag","embeddable":true,"href":"https:\/\/studenckifestiwal.pl\/index.php\/wp-json\/wp\/v2\/tags?post=889"}],"curies":[{"name":"wp","href":"https:\/\/api.w.org\/{rel}","templated":true}]}}