{"id":870,"date":"2018-09-28T21:55:15","date_gmt":"2018-09-28T19:55:15","guid":{"rendered":"http:\/\/studenckifestiwal.pl\/?p=870"},"modified":"2018-09-28T21:58:37","modified_gmt":"2018-09-28T19:58:37","slug":"magda-umer-moje-ulubione-piosenki-recital","status":"publish","type":"post","link":"https:\/\/studenckifestiwal.pl\/index.php\/2018\/09\/28\/magda-umer-moje-ulubione-piosenki-recital\/","title":{"rendered":"Magda Umer \u201eMoje ulubione piosenki\u201d \u2013 recital"},"content":{"rendered":"<div class='booster-block booster-read-block'>\n                <div class=\"twp-read-time\">\n                \t<i class=\"booster-icon twp-clock\"><\/i> <span>Read Time:<\/span>43 Second                <\/div>\n\n            <\/div><p style=\"text-align: center; color: #fff;\"><b>15.10.2018 \u2013 poniedzia\u0142ek<\/b><\/p>\n<p class=\"gmail-Standard\" align=\"center\"><b><i>Teatr Loch Camelot, ul. \u015aw. Tomasza 17<\/i><\/b><\/p>\n<p class=\"gmail-Standard\" align=\"center\"><b><i>godz: 20:00 \u2013 <\/i><\/b><i style=\"color: #e40438;\">Magda Umer \u201eMoje ulubione piosenki\u201d \u2013 recital<\/i><\/p>\n<p class=\"gmail-Standard\" align=\"center\">Akompaniament \u2013 Wojciech Borkowski<\/p>\n<p>&nbsp;<br \/>\n\u201eMagda Umer to mistrzyni interpretacji piosenki literackiej. W kolejnym programie<br \/>\nkoncertu us\u0142yszymy nie tylko utwory z dw\u00f3ch ostatnich p\u0142yt \u2013 \u201eNoce i sny\u201d oraz<br \/>\n\u201eWci\u0105\u015c si\u0119 na co\u015b czeka\u201d, ale tez znane, lubiane i zawsze oczekiwane piosenki z jej<br \/>\nrepertuaru, \u015bpiewane od lat, w\u0142a\u015bciwie ju\u015c wizyt\u00f3wki i samej artystki i tak\u015ce gatunku<br \/>\npiosenki literackiej, miedzy innymi \u201eJu\u015c szumi\u0105 kasztany\u201d, \u201eOczy tej ma\u0142ej\u201d czy<br \/>\n\u201eO niebieskim pachn\u0105cym groszku\u201d<br \/>\n&nbsp;<br \/>\nArtystce towarzyszy pianista Wojciech Borkowski<br \/>\n\u201eOd kiedy dowiedzia\u0142am si\u0119, \u015ce moich p\u0142yt s\u0142ucha, nie rozumiej\u0105cy s\u0142owa po polsku,<br \/>\nprofesor Peter Russell z Nowej Zelandii, powa\u015cniej traktuj\u0119 moje<br \/>\nnucenie. Pan profesor s\u0142yszy tam tak\u015ce u\u015bmiech, a to przecie\u015c<br \/>\nmi\u0119dzynarodowy \u015brodek wyrazu. U\u015bmiecham si\u0119 do pa\u0144stwa<br \/>\npo polsku i we wszystkich j\u0119zykach \u015bwiata!\u201d<br \/>\nMagda Umer<\/p>\n        <div class=\"booster-block booster-reactions-block\">\n            <div class=\"twp-reactions-icons\">\n                \n                <div class=\"twp-reacts-wrap\">\n                    <a react-data=\"be-react-1\" post-id=\"870\" class=\"be-face-icons un-reacted\" href=\"javascript:void(0)\">\n                        <img decoding=\"async\" src=\"https:\/\/studenckifestiwal.pl\/wp-content\/plugins\/booster-extension\/\/assets\/icon\/happy.svg\" alt=\"Happy\">\n                    <\/a>\n                    <div class=\"twp-reaction-title\">\n                        Happy                    <\/div>\n                    <div class=\"twp-count-percent\">\n                                                    <span style=\"display: none;\" class=\"twp-react-count\">0<\/span>\n                        \n                                                <span class=\"twp-react-percent\"><span>0<\/span> %<\/span>\n                                            <\/div>\n                <\/div>\n\n                <div class=\"twp-reacts-wrap\">\n                    <a react-data=\"be-react-2\" post-id=\"870\" class=\"be-face-icons un-reacted\" href=\"javascript:void(0)\">\n                        <img decoding=\"async\" src=\"https:\/\/studenckifestiwal.pl\/wp-content\/plugins\/booster-extension\/\/assets\/icon\/sad.svg\" alt=\"Sad\">\n                    <\/a>\n                    <div class=\"twp-reaction-title\">\n                        Sad                    <\/div>\n                    <div class=\"twp-count-percent\">\n                                                    <span style=\"display: none;\" class=\"twp-react-count\">0<\/span>\n                                                                        <span class=\"twp-react-percent\"><span>0<\/span> %<\/span>\n                                            <\/div>\n                <\/div>\n\n                <div class=\"twp-reacts-wrap\">\n                    <a react-data=\"be-react-3\" post-id=\"870\" class=\"be-face-icons un-reacted\" href=\"javascript:void(0)\">\n                        <img decoding=\"async\" src=\"https:\/\/studenckifestiwal.pl\/wp-content\/plugins\/booster-extension\/\/assets\/icon\/excited.svg\" alt=\"Excited\">\n                    <\/a>\n                    <div class=\"twp-reaction-title\">\n                        Excited                    <\/div>\n                    <div class=\"twp-count-percent\">\n                                                    <span style=\"display: none;\" class=\"twp-react-count\">0<\/span>\n                                                                        <span class=\"twp-react-percent\"><span>0<\/span> %<\/span>\n                                            <\/div>\n                <\/div>\n\n                <div class=\"twp-reacts-wrap\">\n                    <a react-data=\"be-react-6\" post-id=\"870\" class=\"be-face-icons un-reacted\" href=\"javascript:void(0)\">\n                        <img decoding=\"async\" src=\"https:\/\/studenckifestiwal.pl\/wp-content\/plugins\/booster-extension\/\/assets\/icon\/sleepy.svg\" alt=\"Sleepy\">\n                    <\/a>\n                    <div class=\"twp-reaction-title\">\n                        Sleepy                    <\/div>\n                    <div class=\"twp-count-percent\">\n                                                    <span style=\"display: none;\" class=\"twp-react-count\">0<\/span>\n                        \n                                                <span class=\"twp-react-percent\"><span>0<\/span> %<\/span>\n                                            <\/div>\n                <\/div>\n\n                <div class=\"twp-reacts-wrap\">\n                    <a react-data=\"be-react-4\" post-id=\"870\" class=\"be-face-icons un-reacted\" href=\"javascript:void(0)\">\n                        <img decoding=\"async\" src=\"https:\/\/studenckifestiwal.pl\/wp-content\/plugins\/booster-extension\/\/assets\/icon\/angry.svg\" alt=\"Angry\">\n                    <\/a>\n                    <div class=\"twp-reaction-title\">Angry<\/div>\n                    <div class=\"twp-count-percent\">\n                                                    <span style=\"display: none;\" class=\"twp-react-count\">0<\/span>\n                                                                        <span class=\"twp-react-percent\"><span>0<\/span> %<\/span>\n                        \n                    <\/div>\n                <\/div>\n\n                <div class=\"twp-reacts-wrap\">\n                    <a react-data=\"be-react-5\" post-id=\"870\" class=\"be-face-icons un-reacted\" href=\"javascript:void(0)\">\n                        <img decoding=\"async\" src=\"https:\/\/studenckifestiwal.pl\/wp-content\/plugins\/booster-extension\/\/assets\/icon\/surprise.svg\" alt=\"Surprise\">\n                    <\/a>\n                    <div class=\"twp-reaction-title\">Surprise<\/div>\n                    <div class=\"twp-count-percent\">\n                                                    <span style=\"display: none;\" class=\"twp-react-count\">0<\/span>\n                                                                        <span class=\"twp-react-percent\"><span>0<\/span> %<\/span>\n                                            <\/div>\n                <\/div>\n\n            <\/div>\n        <\/div>\n\n    ","protected":false},"excerpt":{"rendered":"<p>15.10.2018 \u2013 poniedzia\u0142ek Teatr Loch Camelot, ul. \u015aw. Tomasza 17 godz: 20:00 \u2013 Magda Umer \u201eMoje ulubione piosenki\u201d \u2013 recital<\/p>\n<p><a href=\"https:\/\/studenckifestiwal.pl\/index.php\/2018\/09\/28\/magda-umer-moje-ulubione-piosenki-recital\/\" class=\"more-link\">Czytaj wi\u0119cej<span class=\"screen-reader-text\">Magda Umer \u201eMoje ulubione piosenki\u201d \u2013 recital<\/span><\/a><\/p>\n","protected":false},"author":1,"featured_media":871,"comment_status":"closed","ping_status":"closed","sticky":false,"template":"","format":"standard","meta":{"ngg_post_thumbnail":0,"footnotes":""},"categories":[1],"tags":[],"class_list":["post-870","post","type-post","status-publish","format-standard","has-post-thumbnail","hentry","category-slider"],"builder_content":"","_links":{"self":[{"href":"https:\/\/studenckifestiwal.pl\/index.php\/wp-json\/wp\/v2\/posts\/870","targetHints":{"allow":["GET"]}}],"collection":[{"href":"https:\/\/studenckifestiwal.pl\/index.php\/wp-json\/wp\/v2\/posts"}],"about":[{"href":"https:\/\/studenckifestiwal.pl\/index.php\/wp-json\/wp\/v2\/types\/post"}],"author":[{"embeddable":true,"href":"https:\/\/studenckifestiwal.pl\/index.php\/wp-json\/wp\/v2\/users\/1"}],"replies":[{"embeddable":true,"href":"https:\/\/studenckifestiwal.pl\/index.php\/wp-json\/wp\/v2\/comments?post=870"}],"version-history":[{"count":1,"href":"https:\/\/studenckifestiwal.pl\/index.php\/wp-json\/wp\/v2\/posts\/870\/revisions"}],"predecessor-version":[{"id":872,"href":"https:\/\/studenckifestiwal.pl\/index.php\/wp-json\/wp\/v2\/posts\/870\/revisions\/872"}],"wp:featuredmedia":[{"embeddable":true,"href":"https:\/\/studenckifestiwal.pl\/index.php\/wp-json\/wp\/v2\/media\/871"}],"wp:attachment":[{"href":"https:\/\/studenckifestiwal.pl\/index.php\/wp-json\/wp\/v2\/media?parent=870"}],"wp:term":[{"taxonomy":"category","embeddable":true,"href":"https:\/\/studenckifestiwal.pl\/index.php\/wp-json\/wp\/v2\/categories?post=870"},{"taxonomy":"post_tag","embeddable":true,"href":"https:\/\/studenckifestiwal.pl\/index.php\/wp-json\/wp\/v2\/tags?post=870"}],"curies":[{"name":"wp","href":"https:\/\/api.w.org\/{rel}","templated":true}]}}