{"id":3814,"date":"2026-01-29T12:23:12","date_gmt":"2026-01-29T11:23:12","guid":{"rendered":"https:\/\/studenckifestiwal.pl\/?p=3814"},"modified":"2026-01-29T12:23:13","modified_gmt":"2026-01-29T11:23:13","slug":"werdykt-61-sfp","status":"publish","type":"post","link":"https:\/\/studenckifestiwal.pl\/index.php\/2026\/01\/29\/werdykt-61-sfp\/","title":{"rendered":"Werdykt 61.SFP"},"content":{"rendered":"<div class='booster-block booster-read-block'>\n                <div class=\"twp-read-time\">\n                \t<i class=\"booster-icon twp-clock\"><\/i> <span>Read Time:<\/span>37 Second                <\/div>\n\n            <\/div><!--themify_builder_content-->\n<div id=\"themify_builder_content-3814\" data-postid=\"3814\" class=\"themify_builder_content themify_builder_content-3814 themify_builder tf_clear\">\n                    <div  data-lazy=\"1\" class=\"module_row themify_builder_row tb_xclz354 tb_first tf_w\">\n                        <div class=\"row_inner col_align_top tb_col_count_1 tf_box tf_rel\">\n                        <div  data-lazy=\"1\" class=\"module_column tb-column col-full tb_osin354 first\">\n                    <!-- module text -->\n<div  class=\"module module-text tb_62f8419   \" data-lazy=\"1\">\n        <div  class=\"tb_text_wrap\">\n        <div class=\"x14z9mp xat24cr x1lziwak x1vvkbs xtlvy1s x126k92a\"><div dir=\"auto\">Protok\u00f3\u0142 JURY<\/div><div dir=\"auto\">&nbsp;<\/div><\/div><div class=\"x14z9mp xat24cr x1lziwak x1vvkbs xtlvy1s x126k92a\"><div dir=\"auto\">Jury w sk\u0142adzie:<\/div><\/div><div class=\"x14z9mp xat24cr x1lziwak x1vvkbs xtlvy1s x126k92a\"><div dir=\"auto\"><span class=\"html-span xdj266r x14z9mp xat24cr x1lziwak xexx8yu xyri2b x18d9i69 x1c1uobl x1hl2dhg x16tdsg8 x1vvkbs\"><a class=\"x1i10hfl xjbqb8w x1ejq31n x18oe1m7 x1sy0etr xstzfhl x972fbf x10w94by x1qhh985 x14e42zd x9f619 x1ypdohk xt0psk2 x3ct3a4 xdj266r x14z9mp xat24cr x1lziwak xexx8yu xyri2b x18d9i69 x1c1uobl x16tdsg8 x1hl2dhg xggy1nq x1a2a7pz xkrqix3 x1sur9pj x1fey0fg x1s688f\" tabindex=\"0\" role=\"link\" href=\"https:\/\/www.facebook.com\/profile.php?id=1579760542&amp;__cft__[0]=AZbc3thLhRiEBQqKg5-N6ivOIVNP4L2vJN3vTD2S6tff7uKKGtTSShyuWCJNSUXMZfIGCYxLSnNJp3jefGu6_FB2qjO3PPQfZLLKMKfFk20UO2Y837t_epqjynyXrCZ6JOJrDYsXjosyiiT_g3FZAfPIcUqiI7JE-UKxDKTLAmtjGCnjE7SVk-DcFbqPSJXN0jw&amp;__tn__=-]K-R\"><span class=\"xt0psk2\"><span class=\"xjp7ctv\">Jaros\u0142aw Wasik<\/span><\/span><\/a><\/span> \u2013 przewodnicz\u0105cy<\/div><div dir=\"auto\">Ewa Kornecka<\/div><div dir=\"auto\">Ewa \u015anie\u017canka<\/div><div dir=\"auto\">Artur Orzech<\/div><div dir=\"auto\">Jan Poprawa<\/div><div dir=\"auto\">&nbsp;<\/div><\/div><div class=\"x14z9mp xat24cr x1lziwak x1vvkbs xtlvy1s x126k92a\"><div dir=\"auto\">Po wys\u0142uchaniu 25 wykonawc\u00f3w zakwalifikowanych do udzia\u0142u w Konkursie 61. Studenckiego Festiwalu Piosenki w Krakowie, Jury postanowi\u0142o przyzna\u0107 nast\u0119puj\u0105ce nagrody:<\/div><div dir=\"auto\">&nbsp;<\/div><\/div><div class=\"x14z9mp xat24cr x1lziwak x1vvkbs xtlvy1s x126k92a\"><div dir=\"auto\">I Nagroda<\/div><\/div><div class=\"x14z9mp xat24cr x1lziwak x1vvkbs xtlvy1s x126k92a\"><div dir=\"auto\"><span class=\"html-span xdj266r x14z9mp xat24cr x1lziwak xexx8yu xyri2b x18d9i69 x1c1uobl x1hl2dhg x16tdsg8 x1vvkbs\"><a class=\"x1i10hfl xjbqb8w x1ejq31n x18oe1m7 x1sy0etr xstzfhl x972fbf x10w94by x1qhh985 x14e42zd x9f619 x1ypdohk xt0psk2 x3ct3a4 xdj266r x14z9mp xat24cr x1lziwak xexx8yu xyri2b x18d9i69 x1c1uobl x16tdsg8 x1hl2dhg xggy1nq x1a2a7pz xkrqix3 x1sur9pj x1fey0fg x1s688f\" tabindex=\"0\" role=\"link\" href=\"https:\/\/www.facebook.com\/profile.php?id=61572830714475&amp;__cft__[0]=AZbc3thLhRiEBQqKg5-N6ivOIVNP4L2vJN3vTD2S6tff7uKKGtTSShyuWCJNSUXMZfIGCYxLSnNJp3jefGu6_FB2qjO3PPQfZLLKMKfFk20UO2Y837t_epqjynyXrCZ6JOJrDYsXjosyiiT_g3FZAfPIcUqiI7JE-UKxDKTLAmtjGCnjE7SVk-DcFbqPSJXN0jw&amp;__tn__=-]K-R\"><span class=\"xt0psk2\"><span class=\"xjp7ctv\">Briela<\/span><\/span><\/a><\/span> (Gabriela Kundziewicz)<\/div><div dir=\"auto\">&#8211; 4 500 z\u0142 \u2013 nagroda ufundowana przez Prezydenta Miasta Krakowa<\/div><div dir=\"auto\">&#8211; 1 000 euro \u2013 nagroda ufundowana przez <span class=\"html-span xdj266r x14z9mp xat24cr x1lziwak xexx8yu xyri2b x18d9i69 x1c1uobl x1hl2dhg x16tdsg8 x1vvkbs\"><a class=\"x1i10hfl xjbqb8w x1ejq31n x18oe1m7 x1sy0etr xstzfhl x972fbf x10w94by x1qhh985 x14e42zd x9f619 x1ypdohk xt0psk2 x3ct3a4 xdj266r x14z9mp xat24cr x1lziwak xexx8yu xyri2b x18d9i69 x1c1uobl x16tdsg8 x1hl2dhg xggy1nq x1a2a7pz xkrqix3 x1sur9pj x1fey0fg x1s688f\" tabindex=\"0\" role=\"link\" href=\"https:\/\/www.facebook.com\/stowarzyszeniesawp?__cft__[0]=AZbc3thLhRiEBQqKg5-N6ivOIVNP4L2vJN3vTD2S6tff7uKKGtTSShyuWCJNSUXMZfIGCYxLSnNJp3jefGu6_FB2qjO3PPQfZLLKMKfFk20UO2Y837t_epqjynyXrCZ6JOJrDYsXjosyiiT_g3FZAfPIcUqiI7JE-UKxDKTLAmtjGCnjE7SVk-DcFbqPSJXN0jw&amp;__tn__=-]K-R\"><span class=\"xt0psk2\"><span class=\"xjp7ctv\">Stowarzyszenie SAWP<\/span><\/span><\/a><\/span><\/div><div dir=\"auto\">&#8211; Koncert w Klubie pod Jaszczurami \u2013 ufundowany przez Instytut Sztuki<\/div><div dir=\"auto\">&#8211; Sesja nagraniowa w studiu nagra\u0144 Muzeum Polskiej Piosenki w Opolu \u2013 ufundowana przez <span class=\"html-span xdj266r x14z9mp xat24cr x1lziwak xexx8yu xyri2b x18d9i69 x1c1uobl x1hl2dhg x16tdsg8 x1vvkbs\"><a class=\"x1i10hfl xjbqb8w x1ejq31n x18oe1m7 x1sy0etr xstzfhl x972fbf x10w94by x1qhh985 x14e42zd x9f619 x1ypdohk xt0psk2 x3ct3a4 xdj266r x14z9mp xat24cr x1lziwak xexx8yu xyri2b x18d9i69 x1c1uobl x16tdsg8 x1hl2dhg xggy1nq x1a2a7pz xkrqix3 x1sur9pj x1fey0fg x1s688f\" tabindex=\"0\" role=\"link\" href=\"https:\/\/www.facebook.com\/muzeumpolskiejpiosenki?__cft__[0]=AZbc3thLhRiEBQqKg5-N6ivOIVNP4L2vJN3vTD2S6tff7uKKGtTSShyuWCJNSUXMZfIGCYxLSnNJp3jefGu6_FB2qjO3PPQfZLLKMKfFk20UO2Y837t_epqjynyXrCZ6JOJrDYsXjosyiiT_g3FZAfPIcUqiI7JE-UKxDKTLAmtjGCnjE7SVk-DcFbqPSJXN0jw&amp;__tn__=-]K-R\"><span class=\"xt0psk2\"><span class=\"xjp7ctv\">Muzeum Polskiej Piosenki w Opolu<\/span><\/span><\/a><\/span><\/div><div dir=\"auto\">&nbsp;<\/div><\/div><div class=\"x14z9mp xat24cr x1lziwak x1vvkbs xtlvy1s x126k92a\"><div dir=\"auto\">II Nagroda<\/div><\/div><div class=\"x14z9mp xat24cr x1lziwak x1vvkbs xtlvy1s x126k92a\"><div dir=\"auto\">Sara Lity\u0144ska \u2013 4 000 z\u0142<\/div><\/div><div class=\"x14z9mp xat24cr x1lziwak x1vvkbs xtlvy1s x126k92a\"><div dir=\"auto\">III Nagroda<\/div><div dir=\"auto\">&nbsp;<\/div><\/div><div class=\"x14z9mp xat24cr x1lziwak x1vvkbs xtlvy1s x126k92a\"><div dir=\"auto\">Zesp\u00f3\u0142 \u201ewci\u00f3rno\u015bci\u201d \u2013 3 000 z\u0142<\/div><\/div><div class=\"x14z9mp xat24cr x1lziwak x1vvkbs xtlvy1s x126k92a\"><div dir=\"auto\">&nbsp;<\/div><div dir=\"auto\">Wyr\u00f3\u017cnienia:<\/div><\/div><div class=\"x14z9mp xat24cr x1lziwak x1vvkbs xtlvy1s x126k92a\"><div dir=\"auto\">Jury postanowi\u0142o przyzna\u0107 trzy wyr\u00f3\u017cnienia, ka\u017cde w wysoko\u015bci 1 000 z\u0142, za wykonanie piosenki:<\/div><div dir=\"auto\">&nbsp;<\/div><\/div><div class=\"x14z9mp xat24cr x1lziwak x1vvkbs xtlvy1s x126k92a\"><div dir=\"auto\">Aleksandra Konieczna<\/div><div dir=\"auto\">Zesp\u00f3\u0142 <span class=\"html-span xdj266r x14z9mp xat24cr x1lziwak xexx8yu xyri2b x18d9i69 x1c1uobl x1hl2dhg x16tdsg8 x1vvkbs\"><a class=\"x1i10hfl xjbqb8w x1ejq31n x18oe1m7 x1sy0etr xstzfhl x972fbf x10w94by x1qhh985 x14e42zd x9f619 x1ypdohk xt0psk2 x3ct3a4 xdj266r x14z9mp xat24cr x1lziwak xexx8yu xyri2b x18d9i69 x1c1uobl x16tdsg8 x1hl2dhg xggy1nq x1a2a7pz xkrqix3 x1sur9pj x1fey0fg x1s688f\" tabindex=\"0\" role=\"link\" href=\"https:\/\/www.facebook.com\/vatrapiesnitradycyjne?__cft__[0]=AZbc3thLhRiEBQqKg5-N6ivOIVNP4L2vJN3vTD2S6tff7uKKGtTSShyuWCJNSUXMZfIGCYxLSnNJp3jefGu6_FB2qjO3PPQfZLLKMKfFk20UO2Y837t_epqjynyXrCZ6JOJrDYsXjosyiiT_g3FZAfPIcUqiI7JE-UKxDKTLAmtjGCnjE7SVk-DcFbqPSJXN0jw&amp;__tn__=-]K-R\"><span class=\"xt0psk2\"><span class=\"xjp7ctv\">Vatra &#8211; pie\u015bni tradycyjne<\/span><\/span><\/a><\/span><\/div><div dir=\"auto\">Zesp\u00f3\u0142 Nieobecni Ludzie<\/div><\/div><div class=\"x14z9mp xat24cr x1lziwak x1vvkbs xtlvy1s x126k92a\"><div dir=\"auto\">&nbsp;<\/div><div dir=\"auto\">fot. Patrycja D\u0142ugosz<\/div><\/div>    <\/div>\n<\/div>\n<!-- \/module text -->        <\/div>\n                        <\/div>\n        <\/div>\n        <\/div>\n<!--\/themify_builder_content-->        <div class=\"booster-block booster-reactions-block\">\n            <div class=\"twp-reactions-icons\">\n                \n                <div class=\"twp-reacts-wrap\">\n                    <a react-data=\"be-react-1\" post-id=\"3814\" class=\"be-face-icons un-reacted\" href=\"javascript:void(0)\">\n                        <img decoding=\"async\" src=\"https:\/\/studenckifestiwal.pl\/wp-content\/plugins\/booster-extension\/\/assets\/icon\/happy.svg\" alt=\"Happy\">\n                    <\/a>\n                    <div class=\"twp-reaction-title\">\n                        Happy                    <\/div>\n                    <div class=\"twp-count-percent\">\n                                                    <span style=\"display: none;\" class=\"twp-react-count\">0<\/span>\n                        \n                                                <span class=\"twp-react-percent\"><span>0<\/span> %<\/span>\n                                            <\/div>\n                <\/div>\n\n                <div class=\"twp-reacts-wrap\">\n                    <a react-data=\"be-react-2\" post-id=\"3814\" class=\"be-face-icons un-reacted\" href=\"javascript:void(0)\">\n                        <img decoding=\"async\" src=\"https:\/\/studenckifestiwal.pl\/wp-content\/plugins\/booster-extension\/\/assets\/icon\/sad.svg\" alt=\"Sad\">\n                    <\/a>\n                    <div class=\"twp-reaction-title\">\n                        Sad                    <\/div>\n                    <div class=\"twp-count-percent\">\n                                                    <span style=\"display: none;\" class=\"twp-react-count\">0<\/span>\n                                                                        <span class=\"twp-react-percent\"><span>0<\/span> %<\/span>\n                                            <\/div>\n                <\/div>\n\n                <div class=\"twp-reacts-wrap\">\n                    <a react-data=\"be-react-3\" post-id=\"3814\" class=\"be-face-icons un-reacted\" href=\"javascript:void(0)\">\n                        <img decoding=\"async\" src=\"https:\/\/studenckifestiwal.pl\/wp-content\/plugins\/booster-extension\/\/assets\/icon\/excited.svg\" alt=\"Excited\">\n                    <\/a>\n                    <div class=\"twp-reaction-title\">\n                        Excited                    <\/div>\n                    <div class=\"twp-count-percent\">\n                                                    <span style=\"display: none;\" class=\"twp-react-count\">0<\/span>\n                                                                        <span class=\"twp-react-percent\"><span>0<\/span> %<\/span>\n                                            <\/div>\n                <\/div>\n\n                <div class=\"twp-reacts-wrap\">\n                    <a react-data=\"be-react-6\" post-id=\"3814\" class=\"be-face-icons un-reacted\" href=\"javascript:void(0)\">\n                        <img decoding=\"async\" src=\"https:\/\/studenckifestiwal.pl\/wp-content\/plugins\/booster-extension\/\/assets\/icon\/sleepy.svg\" alt=\"Sleepy\">\n                    <\/a>\n                    <div class=\"twp-reaction-title\">\n                        Sleepy                    <\/div>\n                    <div class=\"twp-count-percent\">\n                                                    <span style=\"display: none;\" class=\"twp-react-count\">0<\/span>\n                        \n                                                <span class=\"twp-react-percent\"><span>0<\/span> %<\/span>\n                                            <\/div>\n                <\/div>\n\n                <div class=\"twp-reacts-wrap\">\n                    <a react-data=\"be-react-4\" post-id=\"3814\" class=\"be-face-icons un-reacted\" href=\"javascript:void(0)\">\n                        <img decoding=\"async\" src=\"https:\/\/studenckifestiwal.pl\/wp-content\/plugins\/booster-extension\/\/assets\/icon\/angry.svg\" alt=\"Angry\">\n                    <\/a>\n                    <div class=\"twp-reaction-title\">Angry<\/div>\n                    <div class=\"twp-count-percent\">\n                                                    <span style=\"display: none;\" class=\"twp-react-count\">0<\/span>\n                                                                        <span class=\"twp-react-percent\"><span>0<\/span> %<\/span>\n                        \n                    <\/div>\n                <\/div>\n\n                <div class=\"twp-reacts-wrap\">\n                    <a react-data=\"be-react-5\" post-id=\"3814\" class=\"be-face-icons un-reacted\" href=\"javascript:void(0)\">\n                        <img decoding=\"async\" src=\"https:\/\/studenckifestiwal.pl\/wp-content\/plugins\/booster-extension\/\/assets\/icon\/surprise.svg\" alt=\"Surprise\">\n                    <\/a>\n                    <div class=\"twp-reaction-title\">Surprise<\/div>\n                    <div class=\"twp-count-percent\">\n                                                    <span style=\"display: none;\" class=\"twp-react-count\">0<\/span>\n                                                                        <span class=\"twp-react-percent\"><span>0<\/span> %<\/span>\n                                            <\/div>\n                <\/div>\n\n            <\/div>\n        <\/div>","protected":false},"excerpt":{"rendered":"<p>Protok\u00f3\u0142 JURY&nbsp;Jury w sk\u0142adzie:Jaros\u0142aw Wasik \u2013 przewodnicz\u0105cyEwa KorneckaEwa \u015anie\u017cankaArtur OrzechJan Poprawa&nbsp;Po wys\u0142uchaniu 25 wykonawc\u00f3w zakwalifikowanych do udzia\u0142u w Konkursie 61.<\/p>\n<p><a href=\"https:\/\/studenckifestiwal.pl\/index.php\/2026\/01\/29\/werdykt-61-sfp\/\" class=\"more-link\">Czytaj wi\u0119cej<span class=\"screen-reader-text\">Werdykt 61.SFP<\/span><\/a><\/p>\n","protected":false},"author":1,"featured_media":3671,"comment_status":"closed","ping_status":"closed","sticky":false,"template":"","format":"standard","meta":{"ngg_post_thumbnail":0,"footnotes":""},"categories":[1],"tags":[],"class_list":["post-3814","post","type-post","status-publish","format-standard","has-post-thumbnail","hentry","category-slider"],"builder_content":"Protok\u00f3\u0142 JURY&nbsp;Jury w sk\u0142adzie:<a tabindex=\"0\" role=\"link\" href=\"https:\/\/www.facebook.com\/profile.php?id=1579760542&amp;__cft__[0]=AZbc3thLhRiEBQqKg5-N6ivOIVNP4L2vJN3vTD2S6tff7uKKGtTSShyuWCJNSUXMZfIGCYxLSnNJp3jefGu6_FB2qjO3PPQfZLLKMKfFk20UO2Y837t_epqjynyXrCZ6JOJrDYsXjosyiiT_g3FZAfPIcUqiI7JE-UKxDKTLAmtjGCnjE7SVk-DcFbqPSJXN0jw&amp;__tn__=-]K-R\">Jaros\u0142aw Wasik<\/a> \u2013 przewodnicz\u0105cyEwa KorneckaEwa \u015anie\u017cankaArtur OrzechJan Poprawa&nbsp;Po wys\u0142uchaniu 25 wykonawc\u00f3w zakwalifikowanych do udzia\u0142u w Konkursie 61. Studenckiego Festiwalu Piosenki w Krakowie, Jury postanowi\u0142o przyzna\u0107 nast\u0119puj\u0105ce nagrody:&nbsp;I Nagroda<a tabindex=\"0\" role=\"link\" href=\"https:\/\/www.facebook.com\/profile.php?id=61572830714475&amp;__cft__[0]=AZbc3thLhRiEBQqKg5-N6ivOIVNP4L2vJN3vTD2S6tff7uKKGtTSShyuWCJNSUXMZfIGCYxLSnNJp3jefGu6_FB2qjO3PPQfZLLKMKfFk20UO2Y837t_epqjynyXrCZ6JOJrDYsXjosyiiT_g3FZAfPIcUqiI7JE-UKxDKTLAmtjGCnjE7SVk-DcFbqPSJXN0jw&amp;__tn__=-]K-R\">Briela<\/a> (Gabriela Kundziewicz)- 4 500 z\u0142 \u2013 nagroda ufundowana przez Prezydenta Miasta Krakowa- 1 000 euro \u2013 nagroda ufundowana przez <a tabindex=\"0\" role=\"link\" href=\"https:\/\/www.facebook.com\/stowarzyszeniesawp?__cft__[0]=AZbc3thLhRiEBQqKg5-N6ivOIVNP4L2vJN3vTD2S6tff7uKKGtTSShyuWCJNSUXMZfIGCYxLSnNJp3jefGu6_FB2qjO3PPQfZLLKMKfFk20UO2Y837t_epqjynyXrCZ6JOJrDYsXjosyiiT_g3FZAfPIcUqiI7JE-UKxDKTLAmtjGCnjE7SVk-DcFbqPSJXN0jw&amp;__tn__=-]K-R\">Stowarzyszenie SAWP<\/a>- Koncert w Klubie pod Jaszczurami \u2013 ufundowany przez Instytut Sztuki- Sesja nagraniowa w studiu nagra\u0144 Muzeum Polskiej Piosenki w Opolu \u2013 ufundowana przez <a tabindex=\"0\" role=\"link\" href=\"https:\/\/www.facebook.com\/muzeumpolskiejpiosenki?__cft__[0]=AZbc3thLhRiEBQqKg5-N6ivOIVNP4L2vJN3vTD2S6tff7uKKGtTSShyuWCJNSUXMZfIGCYxLSnNJp3jefGu6_FB2qjO3PPQfZLLKMKfFk20UO2Y837t_epqjynyXrCZ6JOJrDYsXjosyiiT_g3FZAfPIcUqiI7JE-UKxDKTLAmtjGCnjE7SVk-DcFbqPSJXN0jw&amp;__tn__=-]K-R\">Muzeum Polskiej Piosenki w Opolu<\/a>&nbsp;II NagrodaSara Lity\u0144ska \u2013 4 000 z\u0142III Nagroda&nbsp;Zesp\u00f3\u0142 \u201ewci\u00f3rno\u015bci\u201d \u2013 3 000 z\u0142&nbsp;Wyr\u00f3\u017cnienia:Jury postanowi\u0142o przyzna\u0107 trzy wyr\u00f3\u017cnienia, ka\u017cde w wysoko\u015bci 1 000 z\u0142, za wykonanie piosenki:&nbsp;Aleksandra KoniecznaZesp\u00f3\u0142 <a tabindex=\"0\" role=\"link\" href=\"https:\/\/www.facebook.com\/vatrapiesnitradycyjne?__cft__[0]=AZbc3thLhRiEBQqKg5-N6ivOIVNP4L2vJN3vTD2S6tff7uKKGtTSShyuWCJNSUXMZfIGCYxLSnNJp3jefGu6_FB2qjO3PPQfZLLKMKfFk20UO2Y837t_epqjynyXrCZ6JOJrDYsXjosyiiT_g3FZAfPIcUqiI7JE-UKxDKTLAmtjGCnjE7SVk-DcFbqPSJXN0jw&amp;__tn__=-]K-R\">Vatra - pie\u015bni tradycyjne<\/a>Zesp\u00f3\u0142 Nieobecni Ludzie&nbsp;fot. Patrycja D\u0142ugosz","_links":{"self":[{"href":"https:\/\/studenckifestiwal.pl\/index.php\/wp-json\/wp\/v2\/posts\/3814","targetHints":{"allow":["GET"]}}],"collection":[{"href":"https:\/\/studenckifestiwal.pl\/index.php\/wp-json\/wp\/v2\/posts"}],"about":[{"href":"https:\/\/studenckifestiwal.pl\/index.php\/wp-json\/wp\/v2\/types\/post"}],"author":[{"embeddable":true,"href":"https:\/\/studenckifestiwal.pl\/index.php\/wp-json\/wp\/v2\/users\/1"}],"replies":[{"embeddable":true,"href":"https:\/\/studenckifestiwal.pl\/index.php\/wp-json\/wp\/v2\/comments?post=3814"}],"version-history":[{"count":2,"href":"https:\/\/studenckifestiwal.pl\/index.php\/wp-json\/wp\/v2\/posts\/3814\/revisions"}],"predecessor-version":[{"id":3817,"href":"https:\/\/studenckifestiwal.pl\/index.php\/wp-json\/wp\/v2\/posts\/3814\/revisions\/3817"}],"wp:featuredmedia":[{"embeddable":true,"href":"https:\/\/studenckifestiwal.pl\/index.php\/wp-json\/wp\/v2\/media\/3671"}],"wp:attachment":[{"href":"https:\/\/studenckifestiwal.pl\/index.php\/wp-json\/wp\/v2\/media?parent=3814"}],"wp:term":[{"taxonomy":"category","embeddable":true,"href":"https:\/\/studenckifestiwal.pl\/index.php\/wp-json\/wp\/v2\/categories?post=3814"},{"taxonomy":"post_tag","embeddable":true,"href":"https:\/\/studenckifestiwal.pl\/index.php\/wp-json\/wp\/v2\/tags?post=3814"}],"curies":[{"name":"wp","href":"https:\/\/api.w.org\/{rel}","templated":true}]}}