{"id":3384,"date":"2024-09-24T12:08:31","date_gmt":"2024-09-24T10:08:31","guid":{"rendered":"https:\/\/studenckifestiwal.pl\/?p=3384"},"modified":"2024-09-24T12:08:32","modified_gmt":"2024-09-24T10:08:32","slug":"marek-dyjak-glos-absolutnie-fenomenalny","status":"publish","type":"post","link":"https:\/\/studenckifestiwal.pl\/index.php\/2024\/09\/24\/marek-dyjak-glos-absolutnie-fenomenalny\/","title":{"rendered":"Marek Dyjak g\u0142os absolutnie fenomenalny."},"content":{"rendered":"<div class='booster-block booster-read-block'>\n                <div class=\"twp-read-time\">\n                \t<i class=\"booster-icon twp-clock\"><\/i> <span>Read Time:<\/span>1 Minute, 5 Second                <\/div>\n\n            <\/div><!--themify_builder_content-->\n<div id=\"themify_builder_content-3384\" data-postid=\"3384\" class=\"themify_builder_content themify_builder_content-3384 themify_builder tf_clear\">\n                    <div  data-lazy=\"1\" class=\"module_row themify_builder_row tb_t99c130 tb_first tf_w\">\n                        <div class=\"row_inner col_align_top tb_col_count_1 tf_box tf_rel\">\n                        <div  data-lazy=\"1\" class=\"module_column tb-column col-full tb_d59l132 first\">\n                    <!-- module text -->\n<div  class=\"module module-text tb_jlqp663   \" data-lazy=\"1\">\n        <div  class=\"tb_text_wrap\">\n        <div class=\"xdj266r x11i5rnm xat24cr x1mh8g0r x1vvkbs x126k92a\"><div dir=\"auto\"><span class=\"html-span xexx8yu x4uap5 x18d9i69 xkhd6sd x1hl2dhg x16tdsg8 x1vvkbs x3nfvp2 x1j61x8r x1fcty0u xdj266r xat24cr xgzva0m xhhsvwb xxymvpz xlup9mm x1kky2od\"><img loading=\"lazy\" decoding=\"async\" class=\"xz74otr\" src=\"https:\/\/static.xx.fbcdn.net\/images\/emoji.php\/v9\/t1f\/1\/16\/1f3b6.png\" alt=\"\ud83c\udfb6\" width=\"16\" height=\"16\"><\/span> Czas na prezentacj\u0119 gwiazd Koncertu Fina\u0142owego! <span class=\"html-span xexx8yu x4uap5 x18d9i69 xkhd6sd x1hl2dhg x16tdsg8 x1vvkbs x3nfvp2 x1j61x8r x1fcty0u xdj266r xat24cr xgzva0m xhhsvwb xxymvpz xlup9mm x1kky2od\"><img loading=\"lazy\" decoding=\"async\" class=\"xz74otr\" src=\"https:\/\/static.xx.fbcdn.net\/images\/emoji.php\/v9\/t1f\/1\/16\/1f3b6.png\" alt=\"\ud83c\udfb6\" width=\"16\" height=\"16\"><\/span><\/div><\/div><div class=\"x11i5rnm xat24cr x1mh8g0r x1vvkbs xtlvy1s x126k92a\"><div dir=\"auto\">Zaczynamy od wyj\u0105tkowej postaci, kt\u00f3ra w tym roku obchodzi sw\u00f3j sceniczny jubileusz \u2013 <span class=\"html-span xdj266r x11i5rnm xat24cr x1mh8g0r xexx8yu x4uap5 x18d9i69 xkhd6sd x1hl2dhg x16tdsg8 x1vvkbs\"><a class=\"x1i10hfl xjbqb8w x1ejq31n xd10rxx x1sy0etr x17r0tee x972fbf xcfux6l x1qhh985 xm0m39n x9f619 x1ypdohk xt0psk2 xe8uvvx xdj266r x11i5rnm xat24cr x1mh8g0r xexx8yu x4uap5 x18d9i69 xkhd6sd x16tdsg8 x1hl2dhg xggy1nq x1a2a7pz x1sur9pj xkrqix3 x1fey0fg x1s688f\" tabindex=\"0\" role=\"link\" href=\"https:\/\/www.facebook.com\/dyjakpl?__cft__[0]=AZXIN4KXCgVIKghr3rS-CYbLyPjV30MXYApj8w05QvMibFM35UTNjxAwjFPvJETFvaKUWrtzrCVbLPsPsRGgpI0T0vewNpqy67D-whshSPO_CkwJEv0U08NcDK_cOSylq6QQqlztF6hmRtknrOa0q5zT5KeuFSSFJl8Pu84Et4vXzqZaBtjtYyfdmnrgIsbOR8Z2_33YLKkVcy6truDZluMP&amp;__tn__=-]K-R\"><span class=\"xt0psk2\">Marek Dyjak<\/span><\/a><\/span> laureat II nagrody Festiwalu z 1995 roku!<\/div><div dir=\"auto\">&nbsp;<\/div><\/div><div class=\"x11i5rnm xat24cr x1mh8g0r x1vvkbs xtlvy1s x126k92a\"><div dir=\"auto\"><span class=\"html-span xdj266r x11i5rnm xat24cr x1mh8g0r xexx8yu x4uap5 x18d9i69 xkhd6sd x1hl2dhg x16tdsg8 x1vvkbs\"><a class=\"x1i10hfl xjbqb8w x1ejq31n xd10rxx x1sy0etr x17r0tee x972fbf xcfux6l x1qhh985 xm0m39n x9f619 x1ypdohk xt0psk2 xe8uvvx xdj266r x11i5rnm xat24cr x1mh8g0r xexx8yu x4uap5 x18d9i69 xkhd6sd x16tdsg8 x1hl2dhg xggy1nq x1a2a7pz x1sur9pj xkrqix3 x1fey0fg x1s688f\" tabindex=\"0\" role=\"link\" href=\"https:\/\/www.facebook.com\/dyjakpl?__cft__[0]=AZXIN4KXCgVIKghr3rS-CYbLyPjV30MXYApj8w05QvMibFM35UTNjxAwjFPvJETFvaKUWrtzrCVbLPsPsRGgpI0T0vewNpqy67D-whshSPO_CkwJEv0U08NcDK_cOSylq6QQqlztF6hmRtknrOa0q5zT5KeuFSSFJl8Pu84Et4vXzqZaBtjtYyfdmnrgIsbOR8Z2_33YLKkVcy6truDZluMP&amp;__tn__=-]K-R\"><span class=\"xt0psk2\">Marek Dyjak<\/span><\/a><\/span> g\u0142os absolutnie fenomenalny. Spi\u017cowy, szeroki i ci\u0119\u017cki jakby Dzwon Zygmunta mia\u0142 za pa-trona. Przy tym ma niepowtarzaln\u0105 chryp\u0119, ten g\u0142os, intryguj\u0105c\u0105. Co\u015b jakby bulgot siarki piekielnej we m\u0142y-nie do skalnego kruszywa. W dodatku zawsze rozbrzmiewa w temperaturze wrzenia. Idealnie nadaje si\u0119 do \u015bpiewania piosenek dramatycznych. Oczyszczaj\u0105cych w my\u015bl poj\u0119cia &#8222;Katharsis&#8221; Ten atut ju\u017c zosta\u0142 po wielekro\u0107 wykorzystany. Ostatnio nast\u0105pi\u0142y pozytywne zmiany w \u017cyciu prywatnym Marka Dyjaka. W zwi\u0105zku z tym artysta proponuje widowni &#8222;Nowego Dyjaka&#8221;, kt\u00f3ry wzbogaci sw\u00f3j wizerunek o piosenki pogodne, przywo\u0142uj\u0105ce r\u00f3wnie\u017c dobre strony \u017cycia cz\u0142owieczego. B\u0119dzie to nieco kontrastuj\u0105ce przedsi\u0119wzi\u0119cie z dotychczasowym dorobkiem wokalisty ale z wielk\u0105 korzy\u015bci\u0105 dla widz\u00f3w. Dyjakowi mo\u017cna zaufa\u0107, gdy\u017c opr\u00f3cz talentu do \u015bpiewania i charyzmy ma jeszcze zdolno\u015b\u0107 dobierania odpowiedniego repertuaru, i w tym wzgl\u0119dzie nigdy si\u0119 nie pomyli\u0142. Otw\u00f3rzmy si\u0119 na nowe w Dyjaku, a on odnowi nas sw\u0105 odnow\u0105.<\/div><div dir=\"auto\">&nbsp;<\/div><\/div><div class=\"x11i5rnm xat24cr x1mh8g0r x1vvkbs xtlvy1s x126k92a\"><div dir=\"auto\">Koncert <span class=\"html-span xdj266r x11i5rnm xat24cr x1mh8g0r xexx8yu x4uap5 x18d9i69 xkhd6sd x1hl2dhg x16tdsg8 x1vvkbs\"><a class=\"x1i10hfl xjbqb8w x1ejq31n xd10rxx x1sy0etr x17r0tee x972fbf xcfux6l x1qhh985 xm0m39n x9f619 x1ypdohk xt0psk2 xe8uvvx xdj266r x11i5rnm xat24cr x1mh8g0r xexx8yu x4uap5 x18d9i69 xkhd6sd x16tdsg8 x1hl2dhg xggy1nq x1a2a7pz x1sur9pj xkrqix3 x1fey0fg x1s688f\" tabindex=\"0\" role=\"link\" href=\"https:\/\/www.facebook.com\/events\/778934141060298\/?__cft__[0]=AZXIN4KXCgVIKghr3rS-CYbLyPjV30MXYApj8w05QvMibFM35UTNjxAwjFPvJETFvaKUWrtzrCVbLPsPsRGgpI0T0vewNpqy67D-whshSPO_CkwJEv0U08NcDK_cOSylq6QQqlztF6hmRtknrOa0q5zT5KeuFSSFJl8Pu84Et4vXzqZaBtjtYyfdmnrgIsbOR8Z2_33YLKkVcy6truDZluMP&amp;__tn__=-UK-R\"><span class=\"xt0psk2\">MAREK DYJAK I GO\u015a\u0106IE: KASIA MO\u015a, JAN KONDRAK, ROBERT KASPRZYCKI | KONCERT FINA\u0141OWY 60.SFP<\/span><\/a><\/span> ju\u017c 20 pa\u017adziernika o godz. 19:00 w <span class=\"html-span xdj266r x11i5rnm xat24cr x1mh8g0r xexx8yu x4uap5 x18d9i69 xkhd6sd x1hl2dhg x16tdsg8 x1vvkbs\"><a class=\"x1i10hfl xjbqb8w x1ejq31n xd10rxx x1sy0etr x17r0tee x972fbf xcfux6l x1qhh985 xm0m39n x9f619 x1ypdohk xt0psk2 xe8uvvx xdj266r x11i5rnm xat24cr x1mh8g0r xexx8yu x4uap5 x18d9i69 xkhd6sd x16tdsg8 x1hl2dhg xggy1nq x1a2a7pz x1sur9pj xkrqix3 x1fey0fg x1s688f\" tabindex=\"0\" role=\"link\" href=\"https:\/\/www.facebook.com\/MuzeumManggha?__cft__[0]=AZXIN4KXCgVIKghr3rS-CYbLyPjV30MXYApj8w05QvMibFM35UTNjxAwjFPvJETFvaKUWrtzrCVbLPsPsRGgpI0T0vewNpqy67D-whshSPO_CkwJEv0U08NcDK_cOSylq6QQqlztF6hmRtknrOa0q5zT5KeuFSSFJl8Pu84Et4vXzqZaBtjtYyfdmnrgIsbOR8Z2_33YLKkVcy6truDZluMP&amp;__tn__=-]K-R\"><span class=\"xt0psk2\">Muzeum Sztuki i Techniki Japo\u0144skiej Manggha<\/span><\/a><\/span>!<span class=\"html-span xexx8yu x4uap5 x18d9i69 xkhd6sd x1hl2dhg x16tdsg8 x1vvkbs x3nfvp2 x1j61x8r x1fcty0u xdj266r xat24cr xgzva0m xhhsvwb xxymvpz xlup9mm x1kky2od\"><img loading=\"lazy\" decoding=\"async\" class=\"xz74otr\" src=\"https:\/\/static.xx.fbcdn.net\/images\/emoji.php\/v9\/t2\/1\/16\/1f60d.png\" alt=\"\ud83d\ude0d\" width=\"16\" height=\"16\"><\/span><\/div><\/div><div class=\"x11i5rnm xat24cr x1mh8g0r x1vvkbs xtlvy1s x126k92a\"><div dir=\"auto\">&nbsp;<\/div><\/div><div class=\"x11i5rnm xat24cr x1mh8g0r x1vvkbs xtlvy1s x126k92a\"><div dir=\"auto\">Nie mo\u017ce Was zabrakn\u0105\u0107! B\u0105d\u017acie z nami i \u015bwi\u0119tujcie z nami podw\u00f3jny Jubileusz! <span class=\"html-span xexx8yu x4uap5 x18d9i69 xkhd6sd x1hl2dhg x16tdsg8 x1vvkbs x3nfvp2 x1j61x8r x1fcty0u xdj266r xat24cr xgzva0m xhhsvwb xxymvpz xlup9mm x1kky2od\"><img loading=\"lazy\" decoding=\"async\" class=\"xz74otr\" src=\"https:\/\/static.xx.fbcdn.net\/images\/emoji.php\/v9\/t40\/1\/16\/1f4a5.png\" alt=\"\ud83d\udca5\" width=\"16\" height=\"16\"><\/span><\/div><\/div>    <\/div>\n<\/div>\n<!-- \/module text -->        <\/div>\n                        <\/div>\n        <\/div>\n        <\/div>\n<!--\/themify_builder_content-->        <div class=\"booster-block booster-reactions-block\">\n            <div class=\"twp-reactions-icons\">\n                \n                <div class=\"twp-reacts-wrap\">\n                    <a react-data=\"be-react-1\" post-id=\"3384\" class=\"be-face-icons un-reacted\" href=\"javascript:void(0)\">\n                        <img decoding=\"async\" src=\"https:\/\/studenckifestiwal.pl\/wp-content\/plugins\/booster-extension\/\/assets\/icon\/happy.svg\" alt=\"Happy\">\n                    <\/a>\n                    <div class=\"twp-reaction-title\">\n                        Happy                    <\/div>\n                    <div class=\"twp-count-percent\">\n                                                    <span style=\"display: none;\" class=\"twp-react-count\">0<\/span>\n                        \n                                                <span class=\"twp-react-percent\"><span>0<\/span> %<\/span>\n                                            <\/div>\n                <\/div>\n\n                <div class=\"twp-reacts-wrap\">\n                    <a react-data=\"be-react-2\" post-id=\"3384\" class=\"be-face-icons un-reacted\" href=\"javascript:void(0)\">\n                        <img decoding=\"async\" src=\"https:\/\/studenckifestiwal.pl\/wp-content\/plugins\/booster-extension\/\/assets\/icon\/sad.svg\" alt=\"Sad\">\n                    <\/a>\n                    <div class=\"twp-reaction-title\">\n                        Sad                    <\/div>\n                    <div class=\"twp-count-percent\">\n                                                    <span style=\"display: none;\" class=\"twp-react-count\">0<\/span>\n                                                                        <span class=\"twp-react-percent\"><span>0<\/span> %<\/span>\n                                            <\/div>\n                <\/div>\n\n                <div class=\"twp-reacts-wrap\">\n                    <a react-data=\"be-react-3\" post-id=\"3384\" class=\"be-face-icons un-reacted\" href=\"javascript:void(0)\">\n                        <img decoding=\"async\" src=\"https:\/\/studenckifestiwal.pl\/wp-content\/plugins\/booster-extension\/\/assets\/icon\/excited.svg\" alt=\"Excited\">\n                    <\/a>\n                    <div class=\"twp-reaction-title\">\n                        Excited                    <\/div>\n                    <div class=\"twp-count-percent\">\n                                                    <span style=\"display: none;\" class=\"twp-react-count\">0<\/span>\n                                                                        <span class=\"twp-react-percent\"><span>0<\/span> %<\/span>\n                                            <\/div>\n                <\/div>\n\n                <div class=\"twp-reacts-wrap\">\n                    <a react-data=\"be-react-6\" post-id=\"3384\" class=\"be-face-icons un-reacted\" href=\"javascript:void(0)\">\n                        <img decoding=\"async\" src=\"https:\/\/studenckifestiwal.pl\/wp-content\/plugins\/booster-extension\/\/assets\/icon\/sleepy.svg\" alt=\"Sleepy\">\n                    <\/a>\n                    <div class=\"twp-reaction-title\">\n                        Sleepy                    <\/div>\n                    <div class=\"twp-count-percent\">\n                                                    <span style=\"display: none;\" class=\"twp-react-count\">0<\/span>\n                        \n                                                <span class=\"twp-react-percent\"><span>0<\/span> %<\/span>\n                                            <\/div>\n                <\/div>\n\n                <div class=\"twp-reacts-wrap\">\n                    <a react-data=\"be-react-4\" post-id=\"3384\" class=\"be-face-icons un-reacted\" href=\"javascript:void(0)\">\n                        <img decoding=\"async\" src=\"https:\/\/studenckifestiwal.pl\/wp-content\/plugins\/booster-extension\/\/assets\/icon\/angry.svg\" alt=\"Angry\">\n                    <\/a>\n                    <div class=\"twp-reaction-title\">Angry<\/div>\n                    <div class=\"twp-count-percent\">\n                                                    <span style=\"display: none;\" class=\"twp-react-count\">0<\/span>\n                                                                        <span class=\"twp-react-percent\"><span>0<\/span> %<\/span>\n                        \n                    <\/div>\n                <\/div>\n\n                <div class=\"twp-reacts-wrap\">\n                    <a react-data=\"be-react-5\" post-id=\"3384\" class=\"be-face-icons un-reacted\" href=\"javascript:void(0)\">\n                        <img decoding=\"async\" src=\"https:\/\/studenckifestiwal.pl\/wp-content\/plugins\/booster-extension\/\/assets\/icon\/surprise.svg\" alt=\"Surprise\">\n                    <\/a>\n                    <div class=\"twp-reaction-title\">Surprise<\/div>\n                    <div class=\"twp-count-percent\">\n                                                    <span style=\"display: none;\" class=\"twp-react-count\">0<\/span>\n                                                                        <span class=\"twp-react-percent\"><span>0<\/span> %<\/span>\n                                            <\/div>\n                <\/div>\n\n            <\/div>\n        <\/div>","protected":false},"excerpt":{"rendered":"<p>Czas na prezentacj\u0119 gwiazd Koncertu Fina\u0142owego! Zaczynamy od wyj\u0105tkowej postaci, kt\u00f3ra w tym roku obchodzi sw\u00f3j sceniczny jubileusz \u2013 Marek<\/p>\n<p><a href=\"https:\/\/studenckifestiwal.pl\/index.php\/2024\/09\/24\/marek-dyjak-glos-absolutnie-fenomenalny\/\" class=\"more-link\">Czytaj wi\u0119cej<span class=\"screen-reader-text\">Marek Dyjak g\u0142os absolutnie fenomenalny.<\/span><\/a><\/p>\n","protected":false},"author":1,"featured_media":3385,"comment_status":"closed","ping_status":"closed","sticky":false,"template":"","format":"standard","meta":{"ngg_post_thumbnail":0,"footnotes":""},"categories":[1],"tags":[],"class_list":["post-3384","post","type-post","status-publish","format-standard","has-post-thumbnail","hentry","category-slider"],"builder_content":"<img loading=\"lazy\" decoding=\"async\" src=\"https:\/\/static.xx.fbcdn.net\/images\/emoji.php\/v9\/t1f\/1\/16\/1f3b6.png\" alt=\"\ud83c\udfb6\" width=\"16\" height=\"16\"> Czas na prezentacj\u0119 gwiazd Koncertu Fina\u0142owego! <img loading=\"lazy\" decoding=\"async\" src=\"https:\/\/static.xx.fbcdn.net\/images\/emoji.php\/v9\/t1f\/1\/16\/1f3b6.png\" alt=\"\ud83c\udfb6\" width=\"16\" height=\"16\">Zaczynamy od wyj\u0105tkowej postaci, kt\u00f3ra w tym roku obchodzi sw\u00f3j sceniczny jubileusz \u2013 <a tabindex=\"0\" role=\"link\" href=\"https:\/\/www.facebook.com\/dyjakpl?__cft__[0]=AZXIN4KXCgVIKghr3rS-CYbLyPjV30MXYApj8w05QvMibFM35UTNjxAwjFPvJETFvaKUWrtzrCVbLPsPsRGgpI0T0vewNpqy67D-whshSPO_CkwJEv0U08NcDK_cOSylq6QQqlztF6hmRtknrOa0q5zT5KeuFSSFJl8Pu84Et4vXzqZaBtjtYyfdmnrgIsbOR8Z2_33YLKkVcy6truDZluMP&amp;__tn__=-]K-R\">Marek Dyjak<\/a> laureat II nagrody Festiwalu z 1995 roku!&nbsp;<a tabindex=\"0\" role=\"link\" href=\"https:\/\/www.facebook.com\/dyjakpl?__cft__[0]=AZXIN4KXCgVIKghr3rS-CYbLyPjV30MXYApj8w05QvMibFM35UTNjxAwjFPvJETFvaKUWrtzrCVbLPsPsRGgpI0T0vewNpqy67D-whshSPO_CkwJEv0U08NcDK_cOSylq6QQqlztF6hmRtknrOa0q5zT5KeuFSSFJl8Pu84Et4vXzqZaBtjtYyfdmnrgIsbOR8Z2_33YLKkVcy6truDZluMP&amp;__tn__=-]K-R\">Marek Dyjak<\/a> g\u0142os absolutnie fenomenalny. Spi\u017cowy, szeroki i ci\u0119\u017cki jakby Dzwon Zygmunta mia\u0142 za pa-trona. Przy tym ma niepowtarzaln\u0105 chryp\u0119, ten g\u0142os, intryguj\u0105c\u0105. Co\u015b jakby bulgot siarki piekielnej we m\u0142y-nie do skalnego kruszywa. W dodatku zawsze rozbrzmiewa w temperaturze wrzenia. Idealnie nadaje si\u0119 do \u015bpiewania piosenek dramatycznych. Oczyszczaj\u0105cych w my\u015bl poj\u0119cia \"Katharsis\" Ten atut ju\u017c zosta\u0142 po wielekro\u0107 wykorzystany. Ostatnio nast\u0105pi\u0142y pozytywne zmiany w \u017cyciu prywatnym Marka Dyjaka. W zwi\u0105zku z tym artysta proponuje widowni \"Nowego Dyjaka\", kt\u00f3ry wzbogaci sw\u00f3j wizerunek o piosenki pogodne, przywo\u0142uj\u0105ce r\u00f3wnie\u017c dobre strony \u017cycia cz\u0142owieczego. B\u0119dzie to nieco kontrastuj\u0105ce przedsi\u0119wzi\u0119cie z dotychczasowym dorobkiem wokalisty ale z wielk\u0105 korzy\u015bci\u0105 dla widz\u00f3w. Dyjakowi mo\u017cna zaufa\u0107, gdy\u017c opr\u00f3cz talentu do \u015bpiewania i charyzmy ma jeszcze zdolno\u015b\u0107 dobierania odpowiedniego repertuaru, i w tym wzgl\u0119dzie nigdy si\u0119 nie pomyli\u0142. Otw\u00f3rzmy si\u0119 na nowe w Dyjaku, a on odnowi nas sw\u0105 odnow\u0105.&nbsp;Koncert <a tabindex=\"0\" role=\"link\" href=\"https:\/\/www.facebook.com\/events\/778934141060298\/?__cft__[0]=AZXIN4KXCgVIKghr3rS-CYbLyPjV30MXYApj8w05QvMibFM35UTNjxAwjFPvJETFvaKUWrtzrCVbLPsPsRGgpI0T0vewNpqy67D-whshSPO_CkwJEv0U08NcDK_cOSylq6QQqlztF6hmRtknrOa0q5zT5KeuFSSFJl8Pu84Et4vXzqZaBtjtYyfdmnrgIsbOR8Z2_33YLKkVcy6truDZluMP&amp;__tn__=-UK-R\">MAREK DYJAK I GO\u015a\u0106IE: KASIA MO\u015a, JAN KONDRAK, ROBERT KASPRZYCKI | KONCERT FINA\u0141OWY 60.SFP<\/a> ju\u017c 20 pa\u017adziernika o godz. 19:00 w <a tabindex=\"0\" role=\"link\" href=\"https:\/\/www.facebook.com\/MuzeumManggha?__cft__[0]=AZXIN4KXCgVIKghr3rS-CYbLyPjV30MXYApj8w05QvMibFM35UTNjxAwjFPvJETFvaKUWrtzrCVbLPsPsRGgpI0T0vewNpqy67D-whshSPO_CkwJEv0U08NcDK_cOSylq6QQqlztF6hmRtknrOa0q5zT5KeuFSSFJl8Pu84Et4vXzqZaBtjtYyfdmnrgIsbOR8Z2_33YLKkVcy6truDZluMP&amp;__tn__=-]K-R\">Muzeum Sztuki i Techniki Japo\u0144skiej Manggha<\/a>!<img loading=\"lazy\" decoding=\"async\" src=\"https:\/\/static.xx.fbcdn.net\/images\/emoji.php\/v9\/t2\/1\/16\/1f60d.png\" alt=\"\ud83d\ude0d\" width=\"16\" height=\"16\">&nbsp;Nie mo\u017ce Was zabrakn\u0105\u0107! B\u0105d\u017acie z nami i \u015bwi\u0119tujcie z nami podw\u00f3jny Jubileusz! <img loading=\"lazy\" decoding=\"async\" src=\"https:\/\/static.xx.fbcdn.net\/images\/emoji.php\/v9\/t40\/1\/16\/1f4a5.png\" alt=\"\ud83d\udca5\" width=\"16\" height=\"16\">","_links":{"self":[{"href":"https:\/\/studenckifestiwal.pl\/index.php\/wp-json\/wp\/v2\/posts\/3384","targetHints":{"allow":["GET"]}}],"collection":[{"href":"https:\/\/studenckifestiwal.pl\/index.php\/wp-json\/wp\/v2\/posts"}],"about":[{"href":"https:\/\/studenckifestiwal.pl\/index.php\/wp-json\/wp\/v2\/types\/post"}],"author":[{"embeddable":true,"href":"https:\/\/studenckifestiwal.pl\/index.php\/wp-json\/wp\/v2\/users\/1"}],"replies":[{"embeddable":true,"href":"https:\/\/studenckifestiwal.pl\/index.php\/wp-json\/wp\/v2\/comments?post=3384"}],"version-history":[{"count":2,"href":"https:\/\/studenckifestiwal.pl\/index.php\/wp-json\/wp\/v2\/posts\/3384\/revisions"}],"predecessor-version":[{"id":3387,"href":"https:\/\/studenckifestiwal.pl\/index.php\/wp-json\/wp\/v2\/posts\/3384\/revisions\/3387"}],"wp:featuredmedia":[{"embeddable":true,"href":"https:\/\/studenckifestiwal.pl\/index.php\/wp-json\/wp\/v2\/media\/3385"}],"wp:attachment":[{"href":"https:\/\/studenckifestiwal.pl\/index.php\/wp-json\/wp\/v2\/media?parent=3384"}],"wp:term":[{"taxonomy":"category","embeddable":true,"href":"https:\/\/studenckifestiwal.pl\/index.php\/wp-json\/wp\/v2\/categories?post=3384"},{"taxonomy":"post_tag","embeddable":true,"href":"https:\/\/studenckifestiwal.pl\/index.php\/wp-json\/wp\/v2\/tags?post=3384"}],"curies":[{"name":"wp","href":"https:\/\/api.w.org\/{rel}","templated":true}]}}