{"id":3164,"date":"2024-08-20T12:33:30","date_gmt":"2024-08-20T10:33:30","guid":{"rendered":"https:\/\/studenckifestiwal.pl\/?p=3164"},"modified":"2024-08-20T12:33:32","modified_gmt":"2024-08-20T10:33:32","slug":"milosz-wosko-kompozytor-aranzer-producent-muzyczny-pianista","status":"publish","type":"post","link":"https:\/\/studenckifestiwal.pl\/index.php\/2024\/08\/20\/milosz-wosko-kompozytor-aranzer-producent-muzyczny-pianista\/","title":{"rendered":"Mi\u0142osz Wo\u015bko &#8211; kompozytor, aran\u017cer, producent muzyczny, pianista"},"content":{"rendered":"<div class='booster-block booster-read-block'>\n                <div class=\"twp-read-time\">\n                \t<i class=\"booster-icon twp-clock\"><\/i> <span>Read Time:<\/span>1 Minute, 55 Second                <\/div>\n\n            <\/div><!--themify_builder_content-->\n<div id=\"themify_builder_content-3164\" data-postid=\"3164\" class=\"themify_builder_content themify_builder_content-3164 themify_builder tf_clear\">\n                    <div  data-lazy=\"1\" class=\"module_row themify_builder_row tb_vw4p673 tb_first tf_w\">\n                        <div class=\"row_inner col_align_top tb_col_count_1 tf_box tf_rel\">\n                        <div  data-lazy=\"1\" class=\"module_column tb-column col-full tb_amuk675 first\">\n                    <!-- module text -->\n<div  class=\"module module-text tb_jst6111   \" data-lazy=\"1\">\n        <div  class=\"tb_text_wrap\">\n        <p>Kontynuujemy prezentacj\u0119 artyst\u00f3w tegorocznej, jubileuszowej 60. edycji Studenckiego Festiwalu Piosenki!&nbsp;<span class=\"html-span xexx8yu x4uap5 x18d9i69 xkhd6sd x1hl2dhg x16tdsg8 x1vvkbs x3nfvp2 x1j61x8r x1fcty0u xdj266r xat24cr xgzva0m xhhsvwb xxymvpz xlup9mm x1kky2od\"><img loading=\"lazy\" decoding=\"async\" class=\"xz74otr\" src=\"https:\/\/static.xx.fbcdn.net\/images\/emoji.php\/v9\/t8c\/1\/16\/1f389.png\" alt=\"\ud83c\udf89\" width=\"16\" height=\"16\"><\/span><br class=\"html-br\"><br class=\"html-br\">Dzi\u015b przedstawiamy wyj\u0105tkowego tw\u00f3rc\u0119: kompozytora, pianist\u0119 i producenta \u2013&nbsp;<span class=\"html-span xdj266r x11i5rnm xat24cr x1mh8g0r xexx8yu x4uap5 x18d9i69 xkhd6sd x1hl2dhg x16tdsg8 x1vvkbs\"><a class=\"x1i10hfl xjbqb8w x1ejq31n xd10rxx x1sy0etr x17r0tee x972fbf xcfux6l x1qhh985 xm0m39n x9f619 x1ypdohk xt0psk2 xe8uvvx xdj266r x11i5rnm xat24cr x1mh8g0r xexx8yu x4uap5 x18d9i69 xkhd6sd x16tdsg8 x1hl2dhg xggy1nq x1a2a7pz x1sur9pj xkrqix3 xzsf02u x1s688f\" tabindex=\"0\" role=\"link\" href=\"https:\/\/www.facebook.com\/milosz.wosko?__cft__[0]=AZX_ZM9UwgR9OBLJllZfOaJPsuODwU59RA1tFPTj0wNjWCkH3IU7mnVDwspafloTlXclDytPAHZaGWaWztnHSqubmjdapF0s_5PzHukYHF2FNexoxDsPjiRZjNTooMSPeUWjy8BW8aPrwKBymqYG89_Sx4dNaTXAQvlbUAtN0xiV4A&amp;__tn__=-]K*F\"><span class=\"xt0psk2\">Mi\u0142osz Wo\u015bko<\/span><\/a><\/span>!&nbsp;<span class=\"html-span xexx8yu x4uap5 x18d9i69 xkhd6sd x1hl2dhg x16tdsg8 x1vvkbs x3nfvp2 x1j61x8r x1fcty0u xdj266r xat24cr xgzva0m xhhsvwb xxymvpz xlup9mm x1kky2od\"><img loading=\"lazy\" decoding=\"async\" class=\"xz74otr\" src=\"https:\/\/static.xx.fbcdn.net\/images\/emoji.php\/v9\/ta2\/1\/16\/1f3b9.png\" alt=\"\ud83c\udfb9\" width=\"16\" height=\"16\"><\/span><span class=\"html-span xexx8yu x4uap5 x18d9i69 xkhd6sd x1hl2dhg x16tdsg8 x1vvkbs x3nfvp2 x1j61x8r x1fcty0u xdj266r xat24cr xgzva0m xhhsvwb xxymvpz xlup9mm x1kky2od\"><img loading=\"lazy\" decoding=\"async\" class=\"xz74otr\" src=\"https:\/\/static.xx.fbcdn.net\/images\/emoji.php\/v9\/tf4\/1\/16\/2728.png\" alt=\"\u2728\" width=\"16\" height=\"16\"><\/span><br class=\"html-br\"><br class=\"html-br\">&#8222;Kompozytor, aran\u017cer, producent muzyczny, pianista. Szczeg\u00f3lne miejsce w jego dzia\u0142alno\u015bci zajmuje muzyka pisana do poezji &#8211; tworzy\u0142 kompozycje i aran\u017cacje m.in. do wierszy Z. Herberta (nominowana do Fryderyka p\u0142yta Herbert 3.0., gdzie pe\u0142ni\u0142 tak\u017ce rol\u0119 kierownika muzycznego), C. Norwida (Norwid od Nowa), R. Wojaczka, L. Staffa, J.Kaczmarskiego.. By\u0142 zaanga\u017cowany w szereg przedsi\u0119wzi\u0119\u0107 orkiestrowych oraz koncert\u00f3w tematycznych. W swoich utworach instrumentalnych odnosi si\u0119 do tematu wp\u0142ywu cywilizacji na cz\u0142owieka &#8211; w 2019 wyda\u0142 p\u0142yt\u0119 Urban Residents&#8217; Beliefs (Wierzenia Mieszka\u0144c\u00f3w Aglomeracji), gdzie w niemal w ca\u0142o\u015bci akustycznych utworach pojawiaj\u0105 si\u0119 elementy minimalizmu i aleatoryzmu. W sezonie 2014 \/ 2015 pe\u0142ni\u0142 funkcj\u0119 kompozytora \u2013 rezydenta Filharmonii w Szczecinie. Zajmuje si\u0119 r\u00f3wnie\u017c tworzeniem muzyki do film\u00f3w animowanych, dokumentalnych oraz s\u0142uchowisk radiowych.<br class=\"html-br\"><br class=\"html-br\">Jako aran\u017cer orkiestry pracowa\u0142 przy p\u0142ytach Andrzeja Smolika (\u201e3\u201d i \u201e4\u201d), SBB z NOSPR &#8211; \u201eZ Mi\u0142o\u015bci jestem\u201d, Maryli Rodowicz \u201eJet cudnie\u201d i Lory Szafran \u201eSekrety \u017cycia wed\u0142ug Leonarda Cohena\u201d &#8211; by\u0142 producentem muzycznym \u0142\u0105cznie 3 wydawnictw tej wokalistki. Wsp\u00f3\u0142produkowa\u0142 debiutancki album Meli Koteluk \u201eSpadochron\u201d, za kt\u00f3r\u0105 artystka otrzyma\u0142a dwie statuetki \u201eFryderyk&#8221; oraz debiutanck\u0105 p\u0142yt\u0119 Leskiego &#8211; \u201eSplot\u201d. Pracowa\u0142 tak\u017ce z Mik\u0105 Urbaniak, Iwon\u0105 Loranc, Ann\u0105 Gadt, ameryka\u0144ska autork\u0105 i wokalistk\u0105 Rykard\u0105 Parasol, Markiem Dyjakiem, oraz zespo\u0142em Afro Kolektyw. Jako instrumentalista pojawia si\u0119 na kilkudziesi\u0119ciu p\u0142ytach, jego parti\u0119 fortepianu mo\u017cna np. us\u0142ysze\u0107 na p\u0142ycie \u201eMa\u0142omiasteczkowy\u201d Dawida Podsiad\u0142o. W 2015 roku za\u0142o\u017cy\u0142 zesp\u00f3\u0142 Nash, z kt\u00f3rym wyda\u0142 p\u0142yt\u0119 \u0142\u0105cz\u0105c\u0105 form\u0119 piosenek spod znaku singer-songwriter z brzmieniem instrument\u00f3w d\u0119tych blaszanych.<br class=\"html-br\"><br class=\"html-br\">Od 2017 roku wsp\u00f3\u0142pracuje z Mateuszem Nag\u00f3rskim, czego efektem jest wydanie p\u0142yt &#8211; M\u00f3j Zodiak oraz Jacek Kaczmarski o Wolno\u015bci. Ten drugi program zosta\u0142 tak\u017ce zaaran\u017cowany na orkiestr\u0119 kameraln\u0105 i wykonany na koncercie w Filharmonii w Szczecinie.&#8221;<br class=\"html-br\"><br class=\"html-br\">Koncert&nbsp;<span class=\"html-span xdj266r x11i5rnm xat24cr x1mh8g0r xexx8yu x4uap5 x18d9i69 xkhd6sd x1hl2dhg x16tdsg8 x1vvkbs\"><a class=\"x1i10hfl xjbqb8w x1ejq31n xd10rxx x1sy0etr x17r0tee x972fbf xcfux6l x1qhh985 xm0m39n x9f619 x1ypdohk xt0psk2 xe8uvvx xdj266r x11i5rnm xat24cr x1mh8g0r xexx8yu x4uap5 x18d9i69 xkhd6sd x16tdsg8 x1hl2dhg xggy1nq x1a2a7pz x1sur9pj xkrqix3 xzsf02u x1s688f\" tabindex=\"0\" role=\"link\" href=\"https:\/\/www.facebook.com\/events\/2127849677589045\/?__cft__[0]=AZX_ZM9UwgR9OBLJllZfOaJPsuODwU59RA1tFPTj0wNjWCkH3IU7mnVDwspafloTlXclDytPAHZaGWaWztnHSqubmjdapF0s_5PzHukYHF2FNexoxDsPjiRZjNTooMSPeUWjy8BW8aPrwKBymqYG89_Sx4dNaTXAQvlbUAtN0xiV4A&amp;__tn__=-UK*F\"><span class=\"xt0psk2\">KACZMARSKI. ALTERNATYWA (NOTATNIK AUSTRALIJSKI) | NAG\u00d3RSKI \/ WO\u015aKO | 60.SFP<\/span><\/a><\/span>, w kt\u00f3rym&nbsp;<span class=\"html-span xdj266r x11i5rnm xat24cr x1mh8g0r xexx8yu x4uap5 x18d9i69 xkhd6sd x1hl2dhg x16tdsg8 x1vvkbs\"><a class=\"x1i10hfl xjbqb8w x1ejq31n xd10rxx x1sy0etr x17r0tee x972fbf xcfux6l x1qhh985 xm0m39n x9f619 x1ypdohk xt0psk2 xe8uvvx xdj266r x11i5rnm xat24cr x1mh8g0r xexx8yu x4uap5 x18d9i69 xkhd6sd x16tdsg8 x1hl2dhg xggy1nq x1a2a7pz x1sur9pj xkrqix3 xzsf02u x1s688f\" tabindex=\"0\" role=\"link\" href=\"https:\/\/www.facebook.com\/milosz.wosko?__cft__[0]=AZX_ZM9UwgR9OBLJllZfOaJPsuODwU59RA1tFPTj0wNjWCkH3IU7mnVDwspafloTlXclDytPAHZaGWaWztnHSqubmjdapF0s_5PzHukYHF2FNexoxDsPjiRZjNTooMSPeUWjy8BW8aPrwKBymqYG89_Sx4dNaTXAQvlbUAtN0xiV4A&amp;__tn__=-]K*F\"><span class=\"xt0psk2\">Mi\u0142osz Wo\u015bko<\/span><\/a><\/span>&nbsp;wyst\u0105pi w jednej z g\u0142\u00f3wnych r\u00f3l, zainauguruje tegoroczny Studencki Festiwal Piosenki. Wydarzenie odb\u0119dzie si\u0119 ju\u017c 17 pa\u017adziernika o godz. 20:00 w&nbsp;<span class=\"html-span xdj266r x11i5rnm xat24cr x1mh8g0r xexx8yu x4uap5 x18d9i69 xkhd6sd x1hl2dhg x16tdsg8 x1vvkbs\"><a class=\"x1i10hfl xjbqb8w x1ejq31n xd10rxx x1sy0etr x17r0tee x972fbf xcfux6l x1qhh985 xm0m39n x9f619 x1ypdohk xt0psk2 xe8uvvx xdj266r x11i5rnm xat24cr x1mh8g0r xexx8yu x4uap5 x18d9i69 xkhd6sd x16tdsg8 x1hl2dhg xggy1nq x1a2a7pz x1sur9pj xkrqix3 xzsf02u x1s688f\" tabindex=\"0\" role=\"link\" href=\"https:\/\/www.facebook.com\/radiokrakow?__cft__[0]=AZX_ZM9UwgR9OBLJllZfOaJPsuODwU59RA1tFPTj0wNjWCkH3IU7mnVDwspafloTlXclDytPAHZaGWaWztnHSqubmjdapF0s_5PzHukYHF2FNexoxDsPjiRZjNTooMSPeUWjy8BW8aPrwKBymqYG89_Sx4dNaTXAQvlbUAtN0xiV4A&amp;__tn__=-]K*F\"><span class=\"xt0psk2\">Radio Krak\u00f3w<\/span><\/a><\/span>.&nbsp;<span class=\"html-span xexx8yu x4uap5 x18d9i69 xkhd6sd x1hl2dhg x16tdsg8 x1vvkbs x3nfvp2 x1j61x8r x1fcty0u xdj266r xat24cr xgzva0m xhhsvwb xxymvpz xlup9mm x1kky2od\"><img loading=\"lazy\" decoding=\"async\" class=\"xz74otr\" src=\"https:\/\/static.xx.fbcdn.net\/images\/emoji.php\/v9\/t58\/1\/16\/1f929.png\" alt=\"\ud83e\udd29\" width=\"16\" height=\"16\"><\/span><br class=\"html-br\"><br class=\"html-br\">a ju\u017c dzie\u0144 p\u00f3\u017aniej w&nbsp;<span class=\"html-span xdj266r x11i5rnm xat24cr x1mh8g0r xexx8yu x4uap5 x18d9i69 xkhd6sd x1hl2dhg x16tdsg8 x1vvkbs\"><a class=\"x1i10hfl xjbqb8w x1ejq31n xd10rxx x1sy0etr x17r0tee x972fbf xcfux6l x1qhh985 xm0m39n x9f619 x1ypdohk xt0psk2 xe8uvvx xdj266r x11i5rnm xat24cr x1mh8g0r xexx8yu x4uap5 x18d9i69 xkhd6sd x16tdsg8 x1hl2dhg xggy1nq x1a2a7pz x1sur9pj xkrqix3 xzsf02u x1s688f\" tabindex=\"0\" role=\"link\" href=\"https:\/\/www.facebook.com\/NCKnh?__cft__[0]=AZX_ZM9UwgR9OBLJllZfOaJPsuODwU59RA1tFPTj0wNjWCkH3IU7mnVDwspafloTlXclDytPAHZaGWaWztnHSqubmjdapF0s_5PzHukYHF2FNexoxDsPjiRZjNTooMSPeUWjy8BW8aPrwKBymqYG89_Sx4dNaTXAQvlbUAtN0xiV4A&amp;__tn__=-]K*F\"><span class=\"xt0psk2\">Nowohuckie Centrum Kultury<\/span><\/a><\/span>&nbsp;w koncercie&nbsp;<span class=\"html-span xdj266r x11i5rnm xat24cr x1mh8g0r xexx8yu x4uap5 x18d9i69 xkhd6sd x1hl2dhg x16tdsg8 x1vvkbs\"><a class=\"x1i10hfl xjbqb8w x1ejq31n xd10rxx x1sy0etr x17r0tee x972fbf xcfux6l x1qhh985 xm0m39n x9f619 x1ypdohk xt0psk2 xe8uvvx xdj266r x11i5rnm xat24cr x1mh8g0r xexx8yu x4uap5 x18d9i69 xkhd6sd x16tdsg8 x1hl2dhg xggy1nq x1a2a7pz x1sur9pj xkrqix3 xzsf02u x1s688f\" tabindex=\"0\" role=\"link\" href=\"https:\/\/www.facebook.com\/events\/444746308529755\/?__cft__[0]=AZX_ZM9UwgR9OBLJllZfOaJPsuODwU59RA1tFPTj0wNjWCkH3IU7mnVDwspafloTlXclDytPAHZaGWaWztnHSqubmjdapF0s_5PzHukYHF2FNexoxDsPjiRZjNTooMSPeUWjy8BW8aPrwKBymqYG89_Sx4dNaTXAQvlbUAtN0xiV4A&amp;__tn__=-UK*F\"><span class=\"xt0psk2\">&#8222;NORWID \/ OD.NOWA&#8221; Renata Przemyk, Gaba Kulka, Natalia Niemen, Baasch i Tomek Makowiecki | 60.SFP<\/span><\/a><\/span>&nbsp;Mi\u0142osz obejmie rol\u0119 kierownika muzycznego!&nbsp;<span class=\"html-span xexx8yu x4uap5 x18d9i69 xkhd6sd x1hl2dhg x16tdsg8 x1vvkbs x3nfvp2 x1j61x8r x1fcty0u xdj266r xat24cr xgzva0m xhhsvwb xxymvpz xlup9mm x1kky2od\"><img loading=\"lazy\" decoding=\"async\" class=\"xz74otr\" src=\"https:\/\/static.xx.fbcdn.net\/images\/emoji.php\/v9\/t2\/1\/16\/1f60d.png\" alt=\"\ud83d\ude0d\" width=\"16\" height=\"16\"><\/span><br class=\"html-br\"><br class=\"html-br\">Zapraszamy serdecznie!&nbsp;<span class=\"html-span xexx8yu x4uap5 x18d9i69 xkhd6sd x1hl2dhg x16tdsg8 x1vvkbs x3nfvp2 x1j61x8r x1fcty0u xdj266r xat24cr xgzva0m xhhsvwb xxymvpz xlup9mm x1kky2od\"><img loading=\"lazy\" decoding=\"async\" class=\"xz74otr\" src=\"https:\/\/static.xx.fbcdn.net\/images\/emoji.php\/v9\/t6d\/1\/16\/1f973.png\" alt=\"\ud83e\udd73\" width=\"16\" height=\"16\"><\/span><br class=\"html-br\"><br class=\"html-br\"><span class=\"html-span xdj266r x11i5rnm xat24cr x1mh8g0r xexx8yu x4uap5 x18d9i69 xkhd6sd x1hl2dhg x16tdsg8 x1vvkbs\"><a class=\"x1i10hfl xjbqb8w x1ejq31n xd10rxx x1sy0etr x17r0tee x972fbf xcfux6l x1qhh985 xm0m39n x9f619 x1ypdohk xt0psk2 xe8uvvx xdj266r x11i5rnm xat24cr x1mh8g0r xexx8yu x4uap5 x18d9i69 xkhd6sd x16tdsg8 x1hl2dhg xggy1nq x1a2a7pz x1sur9pj xkrqix3 xzsf02u x1s688f\" tabindex=\"0\" role=\"link\" href=\"https:\/\/www.facebook.com\/hashtag\/sfp60?__eep__=6&amp;__cft__[0]=AZX_ZM9UwgR9OBLJllZfOaJPsuODwU59RA1tFPTj0wNjWCkH3IU7mnVDwspafloTlXclDytPAHZaGWaWztnHSqubmjdapF0s_5PzHukYHF2FNexoxDsPjiRZjNTooMSPeUWjy8BW8aPrwKBymqYG89_Sx4dNaTXAQvlbUAtN0xiV4A&amp;__tn__=*NK*F\">#SFP60<\/a><\/span>&nbsp;<span class=\"html-span xdj266r x11i5rnm xat24cr x1mh8g0r xexx8yu x4uap5 x18d9i69 xkhd6sd x1hl2dhg x16tdsg8 x1vvkbs\"><a class=\"x1i10hfl xjbqb8w x1ejq31n xd10rxx x1sy0etr x17r0tee x972fbf xcfux6l x1qhh985 xm0m39n x9f619 x1ypdohk xt0psk2 xe8uvvx xdj266r x11i5rnm xat24cr x1mh8g0r xexx8yu x4uap5 x18d9i69 xkhd6sd x16tdsg8 x1hl2dhg xggy1nq x1a2a7pz x1sur9pj xkrqix3 xzsf02u x1s688f\" tabindex=\"0\" role=\"link\" href=\"https:\/\/www.facebook.com\/hashtag\/festiwalpiosenki?__eep__=6&amp;__cft__[0]=AZX_ZM9UwgR9OBLJllZfOaJPsuODwU59RA1tFPTj0wNjWCkH3IU7mnVDwspafloTlXclDytPAHZaGWaWztnHSqubmjdapF0s_5PzHukYHF2FNexoxDsPjiRZjNTooMSPeUWjy8BW8aPrwKBymqYG89_Sx4dNaTXAQvlbUAtN0xiV4A&amp;__tn__=*NK*F\">#FestiwalPiosenki<\/a><\/span>&nbsp;<span class=\"html-span xdj266r x11i5rnm xat24cr x1mh8g0r xexx8yu x4uap5 x18d9i69 xkhd6sd x1hl2dhg x16tdsg8 x1vvkbs\"><a class=\"x1i10hfl xjbqb8w x1ejq31n xd10rxx x1sy0etr x17r0tee x972fbf xcfux6l x1qhh985 xm0m39n x9f619 x1ypdohk xt0psk2 xe8uvvx xdj266r x11i5rnm xat24cr x1mh8g0r xexx8yu x4uap5 x18d9i69 xkhd6sd x16tdsg8 x1hl2dhg xggy1nq x1a2a7pz x1sur9pj xkrqix3 xzsf02u x1s688f\" tabindex=\"0\" role=\"link\" href=\"https:\/\/www.facebook.com\/hashtag\/mi%C5%82oszwo%C5%9Bko?__eep__=6&amp;__cft__[0]=AZX_ZM9UwgR9OBLJllZfOaJPsuODwU59RA1tFPTj0wNjWCkH3IU7mnVDwspafloTlXclDytPAHZaGWaWztnHSqubmjdapF0s_5PzHukYHF2FNexoxDsPjiRZjNTooMSPeUWjy8BW8aPrwKBymqYG89_Sx4dNaTXAQvlbUAtN0xiV4A&amp;__tn__=*NK*F\">#Mi\u0142oszWo\u015bko<\/a><\/span>&nbsp;<span class=\"html-span xdj266r x11i5rnm xat24cr x1mh8g0r xexx8yu x4uap5 x18d9i69 xkhd6sd x1hl2dhg x16tdsg8 x1vvkbs\"><a class=\"x1i10hfl xjbqb8w x1ejq31n xd10rxx x1sy0etr x17r0tee x972fbf xcfux6l x1qhh985 xm0m39n x9f619 x1ypdohk xt0psk2 xe8uvvx xdj266r x11i5rnm xat24cr x1mh8g0r xexx8yu x4uap5 x18d9i69 xkhd6sd x16tdsg8 x1hl2dhg xggy1nq x1a2a7pz x1sur9pj xkrqix3 xzsf02u x1s688f\" tabindex=\"0\" role=\"link\" href=\"https:\/\/www.facebook.com\/hashtag\/muzyka?__eep__=6&amp;__cft__[0]=AZX_ZM9UwgR9OBLJllZfOaJPsuODwU59RA1tFPTj0wNjWCkH3IU7mnVDwspafloTlXclDytPAHZaGWaWztnHSqubmjdapF0s_5PzHukYHF2FNexoxDsPjiRZjNTooMSPeUWjy8BW8aPrwKBymqYG89_Sx4dNaTXAQvlbUAtN0xiV4A&amp;__tn__=*NK*F\">#Muzyka<\/a><\/span>&nbsp;<span class=\"html-span xdj266r x11i5rnm xat24cr x1mh8g0r xexx8yu x4uap5 x18d9i69 xkhd6sd x1hl2dhg x16tdsg8 x1vvkbs\"><a class=\"x1i10hfl xjbqb8w x1ejq31n xd10rxx x1sy0etr x17r0tee x972fbf xcfux6l x1qhh985 xm0m39n x9f619 x1ypdohk xt0psk2 xe8uvvx xdj266r x11i5rnm xat24cr x1mh8g0r xexx8yu x4uap5 x18d9i69 xkhd6sd x16tdsg8 x1hl2dhg xggy1nq x1a2a7pz x1sur9pj xkrqix3 xzsf02u x1s688f\" tabindex=\"0\" role=\"link\" href=\"https:\/\/www.facebook.com\/hashtag\/jubileusz?__eep__=6&amp;__cft__[0]=AZX_ZM9UwgR9OBLJllZfOaJPsuODwU59RA1tFPTj0wNjWCkH3IU7mnVDwspafloTlXclDytPAHZaGWaWztnHSqubmjdapF0s_5PzHukYHF2FNexoxDsPjiRZjNTooMSPeUWjy8BW8aPrwKBymqYG89_Sx4dNaTXAQvlbUAtN0xiV4A&amp;__tn__=*NK*F\">#Jubileusz<\/a><\/span>&nbsp;<\/p><div class=\"x1i10hfl xjbqb8w x1ejq31n xd10rxx x1sy0etr x17r0tee x972fbf xcfux6l x1qhh985 xm0m39n x9f619 x1ypdohk xt0psk2 xe8uvvx xdj266r x11i5rnm xat24cr x1mh8g0r xexx8yu x4uap5 x18d9i69 xkhd6sd x16tdsg8 x1hl2dhg xggy1nq x1a2a7pz x1sur9pj xkrqix3 xzsf02u x1s688f\" tabindex=\"0\" role=\"button\">Poka\u017c mniej<\/div>    <\/div>\n<\/div>\n<!-- \/module text -->        <\/div>\n                        <\/div>\n        <\/div>\n        <\/div>\n<!--\/themify_builder_content-->        <div class=\"booster-block booster-reactions-block\">\n            <div class=\"twp-reactions-icons\">\n                \n                <div class=\"twp-reacts-wrap\">\n                    <a react-data=\"be-react-1\" post-id=\"3164\" class=\"be-face-icons un-reacted\" href=\"javascript:void(0)\">\n                        <img decoding=\"async\" src=\"https:\/\/studenckifestiwal.pl\/wp-content\/plugins\/booster-extension\/\/assets\/icon\/happy.svg\" alt=\"Happy\">\n                    <\/a>\n                    <div class=\"twp-reaction-title\">\n                        Happy                    <\/div>\n                    <div class=\"twp-count-percent\">\n                                                    <span style=\"display: none;\" class=\"twp-react-count\">0<\/span>\n                        \n                                                <span class=\"twp-react-percent\"><span>0<\/span> %<\/span>\n                                            <\/div>\n                <\/div>\n\n                <div class=\"twp-reacts-wrap\">\n                    <a react-data=\"be-react-2\" post-id=\"3164\" class=\"be-face-icons un-reacted\" href=\"javascript:void(0)\">\n                        <img decoding=\"async\" src=\"https:\/\/studenckifestiwal.pl\/wp-content\/plugins\/booster-extension\/\/assets\/icon\/sad.svg\" alt=\"Sad\">\n                    <\/a>\n                    <div class=\"twp-reaction-title\">\n                        Sad                    <\/div>\n                    <div class=\"twp-count-percent\">\n                                                    <span style=\"display: none;\" class=\"twp-react-count\">0<\/span>\n                                                                        <span class=\"twp-react-percent\"><span>0<\/span> %<\/span>\n                                            <\/div>\n                <\/div>\n\n                <div class=\"twp-reacts-wrap\">\n                    <a react-data=\"be-react-3\" post-id=\"3164\" class=\"be-face-icons un-reacted\" href=\"javascript:void(0)\">\n                        <img decoding=\"async\" src=\"https:\/\/studenckifestiwal.pl\/wp-content\/plugins\/booster-extension\/\/assets\/icon\/excited.svg\" alt=\"Excited\">\n                    <\/a>\n                    <div class=\"twp-reaction-title\">\n                        Excited                    <\/div>\n                    <div class=\"twp-count-percent\">\n                                                    <span style=\"display: none;\" class=\"twp-react-count\">0<\/span>\n                                                                        <span class=\"twp-react-percent\"><span>0<\/span> %<\/span>\n                                            <\/div>\n                <\/div>\n\n                <div class=\"twp-reacts-wrap\">\n                    <a react-data=\"be-react-6\" post-id=\"3164\" class=\"be-face-icons un-reacted\" href=\"javascript:void(0)\">\n                        <img decoding=\"async\" src=\"https:\/\/studenckifestiwal.pl\/wp-content\/plugins\/booster-extension\/\/assets\/icon\/sleepy.svg\" alt=\"Sleepy\">\n                    <\/a>\n                    <div class=\"twp-reaction-title\">\n                        Sleepy                    <\/div>\n                    <div class=\"twp-count-percent\">\n                                                    <span style=\"display: none;\" class=\"twp-react-count\">0<\/span>\n                        \n                                                <span class=\"twp-react-percent\"><span>0<\/span> %<\/span>\n                                            <\/div>\n                <\/div>\n\n                <div class=\"twp-reacts-wrap\">\n                    <a react-data=\"be-react-4\" post-id=\"3164\" class=\"be-face-icons un-reacted\" href=\"javascript:void(0)\">\n                        <img decoding=\"async\" src=\"https:\/\/studenckifestiwal.pl\/wp-content\/plugins\/booster-extension\/\/assets\/icon\/angry.svg\" alt=\"Angry\">\n                    <\/a>\n                    <div class=\"twp-reaction-title\">Angry<\/div>\n                    <div class=\"twp-count-percent\">\n                                                    <span style=\"display: none;\" class=\"twp-react-count\">0<\/span>\n                                                                        <span class=\"twp-react-percent\"><span>0<\/span> %<\/span>\n                        \n                    <\/div>\n                <\/div>\n\n                <div class=\"twp-reacts-wrap\">\n                    <a react-data=\"be-react-5\" post-id=\"3164\" class=\"be-face-icons un-reacted\" href=\"javascript:void(0)\">\n                        <img decoding=\"async\" src=\"https:\/\/studenckifestiwal.pl\/wp-content\/plugins\/booster-extension\/\/assets\/icon\/surprise.svg\" alt=\"Surprise\">\n                    <\/a>\n                    <div class=\"twp-reaction-title\">Surprise<\/div>\n                    <div class=\"twp-count-percent\">\n                                                    <span style=\"display: none;\" class=\"twp-react-count\">0<\/span>\n                                                                        <span class=\"twp-react-percent\"><span>0<\/span> %<\/span>\n                                            <\/div>\n                <\/div>\n\n            <\/div>\n        <\/div>","protected":false},"excerpt":{"rendered":"<p>Kontynuujemy prezentacj\u0119 artyst\u00f3w tegorocznej, jubileuszowej 60. edycji Studenckiego Festiwalu Piosenki!&nbsp;Dzi\u015b przedstawiamy wyj\u0105tkowego tw\u00f3rc\u0119: kompozytora, pianist\u0119 i producenta \u2013&nbsp;Mi\u0142osz Wo\u015bko!&nbsp;&#8222;Kompozytor, aran\u017cer,<\/p>\n<p><a href=\"https:\/\/studenckifestiwal.pl\/index.php\/2024\/08\/20\/milosz-wosko-kompozytor-aranzer-producent-muzyczny-pianista\/\" class=\"more-link\">Czytaj wi\u0119cej<span class=\"screen-reader-text\">Mi\u0142osz Wo\u015bko &#8211; kompozytor, aran\u017cer, producent muzyczny, pianista<\/span><\/a><\/p>\n","protected":false},"author":1,"featured_media":3165,"comment_status":"closed","ping_status":"closed","sticky":false,"template":"","format":"standard","meta":{"ngg_post_thumbnail":0,"footnotes":""},"categories":[1],"tags":[],"class_list":["post-3164","post","type-post","status-publish","format-standard","has-post-thumbnail","hentry","category-slider"],"builder_content":"<p>Kontynuujemy prezentacj\u0119 artyst\u00f3w tegorocznej, jubileuszowej 60. edycji Studenckiego Festiwalu Piosenki!&nbsp;<img loading=\"lazy\" decoding=\"async\" src=\"https:\/\/static.xx.fbcdn.net\/images\/emoji.php\/v9\/t8c\/1\/16\/1f389.png\" alt=\"\ud83c\udf89\" width=\"16\" height=\"16\"><br><br>Dzi\u015b przedstawiamy wyj\u0105tkowego tw\u00f3rc\u0119: kompozytora, pianist\u0119 i producenta \u2013&nbsp;<a tabindex=\"0\" role=\"link\" href=\"https:\/\/www.facebook.com\/milosz.wosko?__cft__[0]=AZX_ZM9UwgR9OBLJllZfOaJPsuODwU59RA1tFPTj0wNjWCkH3IU7mnVDwspafloTlXclDytPAHZaGWaWztnHSqubmjdapF0s_5PzHukYHF2FNexoxDsPjiRZjNTooMSPeUWjy8BW8aPrwKBymqYG89_Sx4dNaTXAQvlbUAtN0xiV4A&amp;__tn__=-]K*F\">Mi\u0142osz Wo\u015bko<\/a>!&nbsp;<img loading=\"lazy\" decoding=\"async\" src=\"https:\/\/static.xx.fbcdn.net\/images\/emoji.php\/v9\/ta2\/1\/16\/1f3b9.png\" alt=\"\ud83c\udfb9\" width=\"16\" height=\"16\"><img loading=\"lazy\" decoding=\"async\" src=\"https:\/\/static.xx.fbcdn.net\/images\/emoji.php\/v9\/tf4\/1\/16\/2728.png\" alt=\"\u2728\" width=\"16\" height=\"16\"><br><br>\"Kompozytor, aran\u017cer, producent muzyczny, pianista. Szczeg\u00f3lne miejsce w jego dzia\u0142alno\u015bci zajmuje muzyka pisana do poezji - tworzy\u0142 kompozycje i aran\u017cacje m.in. do wierszy Z. Herberta (nominowana do Fryderyka p\u0142yta Herbert 3.0., gdzie pe\u0142ni\u0142 tak\u017ce rol\u0119 kierownika muzycznego), C. Norwida (Norwid od Nowa), R. Wojaczka, L. Staffa, J.Kaczmarskiego.. By\u0142 zaanga\u017cowany w szereg przedsi\u0119wzi\u0119\u0107 orkiestrowych oraz koncert\u00f3w tematycznych. W swoich utworach instrumentalnych odnosi si\u0119 do tematu wp\u0142ywu cywilizacji na cz\u0142owieka - w 2019 wyda\u0142 p\u0142yt\u0119 Urban Residents' Beliefs (Wierzenia Mieszka\u0144c\u00f3w Aglomeracji), gdzie w niemal w ca\u0142o\u015bci akustycznych utworach pojawiaj\u0105 si\u0119 elementy minimalizmu i aleatoryzmu. W sezonie 2014 \/ 2015 pe\u0142ni\u0142 funkcj\u0119 kompozytora \u2013 rezydenta Filharmonii w Szczecinie. Zajmuje si\u0119 r\u00f3wnie\u017c tworzeniem muzyki do film\u00f3w animowanych, dokumentalnych oraz s\u0142uchowisk radiowych.<br><br>Jako aran\u017cer orkiestry pracowa\u0142 przy p\u0142ytach Andrzeja Smolika (\u201e3\u201d i \u201e4\u201d), SBB z NOSPR - \u201eZ Mi\u0142o\u015bci jestem\u201d, Maryli Rodowicz \u201eJet cudnie\u201d i Lory Szafran \u201eSekrety \u017cycia wed\u0142ug Leonarda Cohena\u201d - by\u0142 producentem muzycznym \u0142\u0105cznie 3 wydawnictw tej wokalistki. Wsp\u00f3\u0142produkowa\u0142 debiutancki album Meli Koteluk \u201eSpadochron\u201d, za kt\u00f3r\u0105 artystka otrzyma\u0142a dwie statuetki \u201eFryderyk\" oraz debiutanck\u0105 p\u0142yt\u0119 Leskiego - \u201eSplot\u201d. Pracowa\u0142 tak\u017ce z Mik\u0105 Urbaniak, Iwon\u0105 Loranc, Ann\u0105 Gadt, ameryka\u0144ska autork\u0105 i wokalistk\u0105 Rykard\u0105 Parasol, Markiem Dyjakiem, oraz zespo\u0142em Afro Kolektyw. Jako instrumentalista pojawia si\u0119 na kilkudziesi\u0119ciu p\u0142ytach, jego parti\u0119 fortepianu mo\u017cna np. us\u0142ysze\u0107 na p\u0142ycie \u201eMa\u0142omiasteczkowy\u201d Dawida Podsiad\u0142o. W 2015 roku za\u0142o\u017cy\u0142 zesp\u00f3\u0142 Nash, z kt\u00f3rym wyda\u0142 p\u0142yt\u0119 \u0142\u0105cz\u0105c\u0105 form\u0119 piosenek spod znaku singer-songwriter z brzmieniem instrument\u00f3w d\u0119tych blaszanych.<br><br>Od 2017 roku wsp\u00f3\u0142pracuje z Mateuszem Nag\u00f3rskim, czego efektem jest wydanie p\u0142yt - M\u00f3j Zodiak oraz Jacek Kaczmarski o Wolno\u015bci. Ten drugi program zosta\u0142 tak\u017ce zaaran\u017cowany na orkiestr\u0119 kameraln\u0105 i wykonany na koncercie w Filharmonii w Szczecinie.\"<br><br>Koncert&nbsp;<a tabindex=\"0\" role=\"link\" href=\"https:\/\/www.facebook.com\/events\/2127849677589045\/?__cft__[0]=AZX_ZM9UwgR9OBLJllZfOaJPsuODwU59RA1tFPTj0wNjWCkH3IU7mnVDwspafloTlXclDytPAHZaGWaWztnHSqubmjdapF0s_5PzHukYHF2FNexoxDsPjiRZjNTooMSPeUWjy8BW8aPrwKBymqYG89_Sx4dNaTXAQvlbUAtN0xiV4A&amp;__tn__=-UK*F\">KACZMARSKI. ALTERNATYWA (NOTATNIK AUSTRALIJSKI) | NAG\u00d3RSKI \/ WO\u015aKO | 60.SFP<\/a>, w kt\u00f3rym&nbsp;<a tabindex=\"0\" role=\"link\" href=\"https:\/\/www.facebook.com\/milosz.wosko?__cft__[0]=AZX_ZM9UwgR9OBLJllZfOaJPsuODwU59RA1tFPTj0wNjWCkH3IU7mnVDwspafloTlXclDytPAHZaGWaWztnHSqubmjdapF0s_5PzHukYHF2FNexoxDsPjiRZjNTooMSPeUWjy8BW8aPrwKBymqYG89_Sx4dNaTXAQvlbUAtN0xiV4A&amp;__tn__=-]K*F\">Mi\u0142osz Wo\u015bko<\/a>&nbsp;wyst\u0105pi w jednej z g\u0142\u00f3wnych r\u00f3l, zainauguruje tegoroczny Studencki Festiwal Piosenki. Wydarzenie odb\u0119dzie si\u0119 ju\u017c 17 pa\u017adziernika o godz. 20:00 w&nbsp;<a tabindex=\"0\" role=\"link\" href=\"https:\/\/www.facebook.com\/radiokrakow?__cft__[0]=AZX_ZM9UwgR9OBLJllZfOaJPsuODwU59RA1tFPTj0wNjWCkH3IU7mnVDwspafloTlXclDytPAHZaGWaWztnHSqubmjdapF0s_5PzHukYHF2FNexoxDsPjiRZjNTooMSPeUWjy8BW8aPrwKBymqYG89_Sx4dNaTXAQvlbUAtN0xiV4A&amp;__tn__=-]K*F\">Radio Krak\u00f3w<\/a>.&nbsp;<img loading=\"lazy\" decoding=\"async\" src=\"https:\/\/static.xx.fbcdn.net\/images\/emoji.php\/v9\/t58\/1\/16\/1f929.png\" alt=\"\ud83e\udd29\" width=\"16\" height=\"16\"><br><br>a ju\u017c dzie\u0144 p\u00f3\u017aniej w&nbsp;<a tabindex=\"0\" role=\"link\" href=\"https:\/\/www.facebook.com\/NCKnh?__cft__[0]=AZX_ZM9UwgR9OBLJllZfOaJPsuODwU59RA1tFPTj0wNjWCkH3IU7mnVDwspafloTlXclDytPAHZaGWaWztnHSqubmjdapF0s_5PzHukYHF2FNexoxDsPjiRZjNTooMSPeUWjy8BW8aPrwKBymqYG89_Sx4dNaTXAQvlbUAtN0xiV4A&amp;__tn__=-]K*F\">Nowohuckie Centrum Kultury<\/a>&nbsp;w koncercie&nbsp;<a tabindex=\"0\" role=\"link\" href=\"https:\/\/www.facebook.com\/events\/444746308529755\/?__cft__[0]=AZX_ZM9UwgR9OBLJllZfOaJPsuODwU59RA1tFPTj0wNjWCkH3IU7mnVDwspafloTlXclDytPAHZaGWaWztnHSqubmjdapF0s_5PzHukYHF2FNexoxDsPjiRZjNTooMSPeUWjy8BW8aPrwKBymqYG89_Sx4dNaTXAQvlbUAtN0xiV4A&amp;__tn__=-UK*F\">\"NORWID \/ OD.NOWA\" Renata Przemyk, Gaba Kulka, Natalia Niemen, Baasch i Tomek Makowiecki | 60.SFP<\/a>&nbsp;Mi\u0142osz obejmie rol\u0119 kierownika muzycznego!&nbsp;<img loading=\"lazy\" decoding=\"async\" src=\"https:\/\/static.xx.fbcdn.net\/images\/emoji.php\/v9\/t2\/1\/16\/1f60d.png\" alt=\"\ud83d\ude0d\" width=\"16\" height=\"16\"><br><br>Zapraszamy serdecznie!&nbsp;<img loading=\"lazy\" decoding=\"async\" src=\"https:\/\/static.xx.fbcdn.net\/images\/emoji.php\/v9\/t6d\/1\/16\/1f973.png\" alt=\"\ud83e\udd73\" width=\"16\" height=\"16\"><br><br><a tabindex=\"0\" role=\"link\" href=\"https:\/\/www.facebook.com\/hashtag\/sfp60?__eep__=6&amp;__cft__[0]=AZX_ZM9UwgR9OBLJllZfOaJPsuODwU59RA1tFPTj0wNjWCkH3IU7mnVDwspafloTlXclDytPAHZaGWaWztnHSqubmjdapF0s_5PzHukYHF2FNexoxDsPjiRZjNTooMSPeUWjy8BW8aPrwKBymqYG89_Sx4dNaTXAQvlbUAtN0xiV4A&amp;__tn__=*NK*F\">#SFP60<\/a>&nbsp;<a tabindex=\"0\" role=\"link\" href=\"https:\/\/www.facebook.com\/hashtag\/festiwalpiosenki?__eep__=6&amp;__cft__[0]=AZX_ZM9UwgR9OBLJllZfOaJPsuODwU59RA1tFPTj0wNjWCkH3IU7mnVDwspafloTlXclDytPAHZaGWaWztnHSqubmjdapF0s_5PzHukYHF2FNexoxDsPjiRZjNTooMSPeUWjy8BW8aPrwKBymqYG89_Sx4dNaTXAQvlbUAtN0xiV4A&amp;__tn__=*NK*F\">#FestiwalPiosenki<\/a>&nbsp;<a tabindex=\"0\" role=\"link\" href=\"https:\/\/www.facebook.com\/hashtag\/mi%C5%82oszwo%C5%9Bko?__eep__=6&amp;__cft__[0]=AZX_ZM9UwgR9OBLJllZfOaJPsuODwU59RA1tFPTj0wNjWCkH3IU7mnVDwspafloTlXclDytPAHZaGWaWztnHSqubmjdapF0s_5PzHukYHF2FNexoxDsPjiRZjNTooMSPeUWjy8BW8aPrwKBymqYG89_Sx4dNaTXAQvlbUAtN0xiV4A&amp;__tn__=*NK*F\">#Mi\u0142oszWo\u015bko<\/a>&nbsp;<a tabindex=\"0\" role=\"link\" href=\"https:\/\/www.facebook.com\/hashtag\/muzyka?__eep__=6&amp;__cft__[0]=AZX_ZM9UwgR9OBLJllZfOaJPsuODwU59RA1tFPTj0wNjWCkH3IU7mnVDwspafloTlXclDytPAHZaGWaWztnHSqubmjdapF0s_5PzHukYHF2FNexoxDsPjiRZjNTooMSPeUWjy8BW8aPrwKBymqYG89_Sx4dNaTXAQvlbUAtN0xiV4A&amp;__tn__=*NK*F\">#Muzyka<\/a>&nbsp;<a tabindex=\"0\" role=\"link\" href=\"https:\/\/www.facebook.com\/hashtag\/jubileusz?__eep__=6&amp;__cft__[0]=AZX_ZM9UwgR9OBLJllZfOaJPsuODwU59RA1tFPTj0wNjWCkH3IU7mnVDwspafloTlXclDytPAHZaGWaWztnHSqubmjdapF0s_5PzHukYHF2FNexoxDsPjiRZjNTooMSPeUWjy8BW8aPrwKBymqYG89_Sx4dNaTXAQvlbUAtN0xiV4A&amp;__tn__=*NK*F\">#Jubileusz<\/a>&nbsp;<\/p>Poka\u017c mniej","_links":{"self":[{"href":"https:\/\/studenckifestiwal.pl\/index.php\/wp-json\/wp\/v2\/posts\/3164","targetHints":{"allow":["GET"]}}],"collection":[{"href":"https:\/\/studenckifestiwal.pl\/index.php\/wp-json\/wp\/v2\/posts"}],"about":[{"href":"https:\/\/studenckifestiwal.pl\/index.php\/wp-json\/wp\/v2\/types\/post"}],"author":[{"embeddable":true,"href":"https:\/\/studenckifestiwal.pl\/index.php\/wp-json\/wp\/v2\/users\/1"}],"replies":[{"embeddable":true,"href":"https:\/\/studenckifestiwal.pl\/index.php\/wp-json\/wp\/v2\/comments?post=3164"}],"version-history":[{"count":2,"href":"https:\/\/studenckifestiwal.pl\/index.php\/wp-json\/wp\/v2\/posts\/3164\/revisions"}],"predecessor-version":[{"id":3167,"href":"https:\/\/studenckifestiwal.pl\/index.php\/wp-json\/wp\/v2\/posts\/3164\/revisions\/3167"}],"wp:featuredmedia":[{"embeddable":true,"href":"https:\/\/studenckifestiwal.pl\/index.php\/wp-json\/wp\/v2\/media\/3165"}],"wp:attachment":[{"href":"https:\/\/studenckifestiwal.pl\/index.php\/wp-json\/wp\/v2\/media?parent=3164"}],"wp:term":[{"taxonomy":"category","embeddable":true,"href":"https:\/\/studenckifestiwal.pl\/index.php\/wp-json\/wp\/v2\/categories?post=3164"},{"taxonomy":"post_tag","embeddable":true,"href":"https:\/\/studenckifestiwal.pl\/index.php\/wp-json\/wp\/v2\/tags?post=3164"}],"curies":[{"name":"wp","href":"https:\/\/api.w.org\/{rel}","templated":true}]}}