{"id":3159,"date":"2024-08-02T11:52:09","date_gmt":"2024-08-02T09:52:09","guid":{"rendered":"https:\/\/studenckifestiwal.pl\/?p=3159"},"modified":"2024-08-02T11:52:10","modified_gmt":"2024-08-02T09:52:10","slug":"mateusz-nagorski-wokalista-gitarzysta-i-kompozytor","status":"publish","type":"post","link":"https:\/\/studenckifestiwal.pl\/index.php\/2024\/08\/02\/mateusz-nagorski-wokalista-gitarzysta-i-kompozytor\/","title":{"rendered":"Mateusz Nag\u00f3rski \u2013 wokalista, gitarzysta i kompozytor."},"content":{"rendered":"<div class='booster-block booster-read-block'>\n                <div class=\"twp-read-time\">\n                \t<i class=\"booster-icon twp-clock\"><\/i> <span>Read Time:<\/span>1 Minute, 45 Second                <\/div>\n\n            <\/div><!--themify_builder_content-->\n<div id=\"themify_builder_content-3159\" data-postid=\"3159\" class=\"themify_builder_content themify_builder_content-3159 themify_builder tf_clear\">\n                    <div  data-lazy=\"1\" class=\"module_row themify_builder_row tb_df1q74 tb_first tf_w\">\n                        <div class=\"row_inner col_align_top tb_col_count_1 tf_box tf_rel\">\n                        <div  data-lazy=\"1\" class=\"module_column tb-column col-full tb_qopo76 first\">\n                    <!-- module text -->\n<div  class=\"module module-text tb_qprv468   \" data-lazy=\"1\">\n        <div  class=\"tb_text_wrap\">\n        <div class=\"xdj266r x11i5rnm xat24cr x1mh8g0r x1vvkbs x126k92a\"><div dir=\"auto\">Czas rozpocz\u0105\u0107 prezentacj\u0119 artyst\u00f3w, kt\u00f3rzy wyst\u0105pi\u0105 podczas koncert\u00f3w w ramach Jubileuszowej, 60. edycji <span class=\"html-span xdj266r x11i5rnm xat24cr x1mh8g0r xexx8yu x4uap5 x18d9i69 xkhd6sd x1hl2dhg x16tdsg8 x1vvkbs\"><a class=\"x1i10hfl xjbqb8w x1ejq31n xd10rxx x1sy0etr x17r0tee x972fbf xcfux6l x1qhh985 xm0m39n x9f619 x1ypdohk xt0psk2 xe8uvvx xdj266r x11i5rnm xat24cr x1mh8g0r xexx8yu x4uap5 x18d9i69 xkhd6sd x16tdsg8 x1hl2dhg xggy1nq x1a2a7pz x1sur9pj xkrqix3 x1fey0fg xo1l8bm\" tabindex=\"0\" role=\"link\" href=\"https:\/\/www.facebook.com\/StudenckiFestiwalPiosenki?__cft__[0]=AZV_NdvuTCmwN_sam1ZPO2IcZLbbEggwNtjBpfxL6TuBHH5liEhIq6neFndxTof1jKmL0hY0oOL9I1T5qbnhWzo5L1SR8CM5YEt36g9W5EcPp_N2J5vPQ6Dw3qoncJvVDGEHZfxkBXIRTTfHXLPwDwIh7uR6UHZxcsSnV_nGijEuaGQLhSCsKozXxKBI4W5QvD8NLiHwov0gFFwHPIdRgFPQ&amp;__tn__=-]K-R\"><span class=\"xt0psk2\">Studencki Festiwal Piosenki<\/span><\/a><\/span> <span class=\"html-span xexx8yu x4uap5 x18d9i69 xkhd6sd x1hl2dhg x16tdsg8 x1vvkbs x3nfvp2 x1j61x8r x1fcty0u xdj266r xat24cr xgzva0m xhhsvwb xxymvpz xlup9mm x1kky2od\"><img loading=\"lazy\" decoding=\"async\" class=\"xz74otr\" src=\"https:\/\/static.xx.fbcdn.net\/images\/emoji.php\/v9\/t8e\/1\/16\/1f941.png\" alt=\"\ud83e\udd41\" width=\"16\" height=\"16\"><\/span><\/div><div dir=\"auto\">&nbsp;<\/div><\/div><div class=\"x11i5rnm xat24cr x1mh8g0r x1vvkbs xtlvy1s x126k92a\"><div dir=\"auto\">Zaczynamy chronologicznie i alfabetycznie! <span class=\"html-span xexx8yu x4uap5 x18d9i69 xkhd6sd x1hl2dhg x16tdsg8 x1vvkbs x3nfvp2 x1j61x8r x1fcty0u xdj266r xat24cr xgzva0m xhhsvwb xxymvpz xlup9mm x1kky2od\"><img loading=\"lazy\" decoding=\"async\" class=\"xz74otr\" src=\"https:\/\/static.xx.fbcdn.net\/images\/emoji.php\/v9\/t2\/1\/16\/1f60d.png\" alt=\"\ud83d\ude0d\" width=\"16\" height=\"16\"><\/span><\/div><div dir=\"auto\">&nbsp;<\/div><\/div><div class=\"x11i5rnm xat24cr x1mh8g0r x1vvkbs xtlvy1s x126k92a\"><div dir=\"auto\"><span class=\"html-span xexx8yu x4uap5 x18d9i69 xkhd6sd x1hl2dhg x16tdsg8 x1vvkbs x3nfvp2 x1j61x8r x1fcty0u xdj266r xat24cr xgzva0m xhhsvwb xxymvpz xlup9mm x1kky2od\"><img loading=\"lazy\" decoding=\"async\" class=\"xz74otr\" src=\"https:\/\/static.xx.fbcdn.net\/images\/emoji.php\/v9\/t2d\/1\/16\/1f4cd.png\" alt=\"\ud83d\udccd\" width=\"16\" height=\"16\"><\/span> <span class=\"html-span xdj266r x11i5rnm xat24cr x1mh8g0r xexx8yu x4uap5 x18d9i69 xkhd6sd x1hl2dhg x16tdsg8 x1vvkbs\"><a class=\"x1i10hfl xjbqb8w x1ejq31n xd10rxx x1sy0etr x17r0tee x972fbf xcfux6l x1qhh985 xm0m39n x9f619 x1ypdohk xt0psk2 xe8uvvx xdj266r x11i5rnm xat24cr x1mh8g0r xexx8yu x4uap5 x18d9i69 xkhd6sd x16tdsg8 x1hl2dhg xggy1nq x1a2a7pz x1sur9pj xkrqix3 x1fey0fg xo1l8bm\" tabindex=\"0\" role=\"link\" href=\"https:\/\/www.facebook.com\/mateusznagorski?__cft__[0]=AZV_NdvuTCmwN_sam1ZPO2IcZLbbEggwNtjBpfxL6TuBHH5liEhIq6neFndxTof1jKmL0hY0oOL9I1T5qbnhWzo5L1SR8CM5YEt36g9W5EcPp_N2J5vPQ6Dw3qoncJvVDGEHZfxkBXIRTTfHXLPwDwIh7uR6UHZxcsSnV_nGijEuaGQLhSCsKozXxKBI4W5QvD8NLiHwov0gFFwHPIdRgFPQ&amp;__tn__=-]K-R\"><span class=\"xt0psk2\">Mateusz Nag\u00f3rski<\/span><\/a><\/span> \u2013 wokalista, gitarzysta i kompozytor. Wykonawca piosenek Jacka Kaczmarskiego i autor wielu kompozycji do wierszy tego poety.<\/div><div dir=\"auto\">&nbsp;<\/div><\/div><div class=\"x11i5rnm xat24cr x1mh8g0r x1vvkbs xtlvy1s x126k92a\"><div dir=\"auto\">Wyst\u0119powa\u0142 na festiwalach z kr\u0119gu piosenki poetyckiej, m. in. Og\u00f3lnopolskim Festiwalu Piosenki Artystycznej (OFPA) w Rybniku, Festiwalu im. Jacka Kaczmarskiego \u201eNadzieja\u201d w Ko\u0142obrzegu, Festiwalu \u0141\u00f3d\u017astock w \u0141odzi.<\/div><div dir=\"auto\">&nbsp;<\/div><\/div><div class=\"x11i5rnm xat24cr x1mh8g0r x1vvkbs xtlvy1s x126k92a\"><div dir=\"auto\">Wsp\u00f3\u0142pracowa\u0142 z Micha\u0142em Zab\u0142ockim &#8211; wyda\u0142 dwa single nagrane do tekst\u00f3w tego poety (Korek, Russkij Wojennyj Karabl) i wzi\u0105\u0142 udzia\u0142, w charakterze kompozytora i wykonawcy, w wyre\u017cyserowanym przez niego spektaklu \u201e\u015awi\u0119ty\u201d, w kt\u00f3rym za\u015bpiewa\u0142 piosenk\u0119 \u201eInteligencjo\u201d. Podczas pracy nad spektaklem \u201e\u015awi\u0119ty\u201d pozna\u0142 Mi\u0142osza Wo\u015bko, z kt\u00f3rym za\u0142o\u017cy\u0142 brand produkcyjny Stara Fala. W ramach dzia\u0142a\u0144 tej marki, Nag\u00f3rski i Wo\u015bko wyprodukowali dwie p\u0142yty i promuj\u0105ce je trasy koncertowe oraz kilka singli do poezji Jacka Kaczmarskiego i Micha\u0142a Zab\u0142ockiego. Zwie\u0144czeniem ich pierwszej, wsp\u00f3lnej trasy koncertowej, by\u0142 wyst\u0119p w Filharmonii im. Mieczys\u0142awa Kar\u0142owicza w Szczecinie z programem \u201eJacek Kaczmarski o wolno\u015bci\u201d, kt\u00f3ry sk\u0142ada\u0142 si\u0119 z piosenek Kaczmarskiego zaaran\u017cowanych przez Mi\u0142osza na orkiestr\u0119 kameraln\u0105. Aktualnie pracuje nad dwoma nowymi programami do nieumuzycznionej poezji Kaczmarskiego &#8211; \u201eDa Capo\u201d (program solowy) i \u201eNotatnik australijski\u201d (wsp\u00f3lnie z Mi\u0142oszem Wo\u015bko).<\/div><div dir=\"auto\">&nbsp;<\/div><\/div><div class=\"x11i5rnm xat24cr x1mh8g0r x1vvkbs xtlvy1s x126k92a\"><div dir=\"auto\">Dyskografia: LALALA (wyd. Polskie Radio) &#8211; wsp\u00f3\u0142autor muzyki do tekst\u00f3w Micha\u0142a Zab\u0142ockiego Skruchy i erotyki dla Ewy (wyd. Dalmafon) &#8211; p\u0142yta nagrana we wsp\u00f3\u0142pracy z Andrzejem D\u0119bowskim, sk\u0142adaj\u0105ca si\u0119 z nowych kompozycji do wierszy Jacka Kaczmarskiego z tomiku poetyckiego pod tym samym tytu\u0142em Jacek Kaczmarski w \u015bwiecie ba\u015bni (wyd. Dalmafon) &#8211; p\u0142yta solowa, sk\u0142adaj\u0105ca si\u0119 z piosenek Jacka Kaczmarskiego M\u00f3j Zodiak (wyd. Stara Fala) &#8211; p\u0142yta nagrana we wsp\u00f3\u0142pracy z Mi\u0142oszem Wo\u015bko, sk\u0142adaj\u0105ca si\u0119 z nowych kompozycji do wierszy Jacka Kaczmarskiego z tomiku poetyckiego pod tym samym tytu\u0142em Jacek Kaczmarski o wolno\u015bci (wyd. Stara Fala) &#8211; p\u0142yta sk\u0142ada si\u0119 z piosenek Jacka Kaczmarskiego, zaaran\u017cowanych przez Mi\u0142osza Wo\u015bko na kwintet (gitara, fortepian, akordeon, skrzypce i wiolonczela).<\/div><\/div><div class=\"x11i5rnm xat24cr x1mh8g0r x1vvkbs xtlvy1s x126k92a\"><div dir=\"auto\">&nbsp;<\/div><div dir=\"auto\">Koncert <span class=\"html-span xdj266r x11i5rnm xat24cr x1mh8g0r xexx8yu x4uap5 x18d9i69 xkhd6sd x1hl2dhg x16tdsg8 x1vvkbs\"><a class=\"x1i10hfl xjbqb8w x1ejq31n xd10rxx x1sy0etr x17r0tee x972fbf xcfux6l x1qhh985 xm0m39n x9f619 x1ypdohk xt0psk2 xe8uvvx xdj266r x11i5rnm xat24cr x1mh8g0r xexx8yu x4uap5 x18d9i69 xkhd6sd x16tdsg8 x1hl2dhg xggy1nq x1a2a7pz x1sur9pj xkrqix3 x1fey0fg xo1l8bm\" tabindex=\"0\" role=\"link\" href=\"https:\/\/www.facebook.com\/events\/2127849677589045\/?__cft__[0]=AZV_NdvuTCmwN_sam1ZPO2IcZLbbEggwNtjBpfxL6TuBHH5liEhIq6neFndxTof1jKmL0hY0oOL9I1T5qbnhWzo5L1SR8CM5YEt36g9W5EcPp_N2J5vPQ6Dw3qoncJvVDGEHZfxkBXIRTTfHXLPwDwIh7uR6UHZxcsSnV_nGijEuaGQLhSCsKozXxKBI4W5QvD8NLiHwov0gFFwHPIdRgFPQ&amp;__tn__=-UK-R\"><span class=\"xt0psk2\">KACZMARSKI. ALTERNATYWA (NOTATNIK AUSTRALIJSKI) | NAG\u00d3RSKI \/ WO\u015aKO | 60.SFP<\/span><\/a><\/span>, w kt\u00f3rym <span class=\"html-span xdj266r x11i5rnm xat24cr x1mh8g0r xexx8yu x4uap5 x18d9i69 xkhd6sd x1hl2dhg x16tdsg8 x1vvkbs\"><a class=\"x1i10hfl xjbqb8w x1ejq31n xd10rxx x1sy0etr x17r0tee x972fbf xcfux6l x1qhh985 xm0m39n x9f619 x1ypdohk xt0psk2 xe8uvvx xdj266r x11i5rnm xat24cr x1mh8g0r xexx8yu x4uap5 x18d9i69 xkhd6sd x16tdsg8 x1hl2dhg xggy1nq x1a2a7pz x1sur9pj xkrqix3 x1fey0fg xo1l8bm\" tabindex=\"0\" role=\"link\" href=\"https:\/\/www.facebook.com\/mateusznagorski?__cft__[0]=AZV_NdvuTCmwN_sam1ZPO2IcZLbbEggwNtjBpfxL6TuBHH5liEhIq6neFndxTof1jKmL0hY0oOL9I1T5qbnhWzo5L1SR8CM5YEt36g9W5EcPp_N2J5vPQ6Dw3qoncJvVDGEHZfxkBXIRTTfHXLPwDwIh7uR6UHZxcsSnV_nGijEuaGQLhSCsKozXxKBI4W5QvD8NLiHwov0gFFwHPIdRgFPQ&amp;__tn__=-]K-R\"><span class=\"xt0psk2\">Mateusz Nag\u00f3rski<\/span><\/a><\/span> wyst\u0105pi w jednej z g\u0142\u00f3wnych r\u00f3l, zainauguruje tegoroczny Studencki Festiwal Piosenki. Wydarzenie odb\u0119dzie si\u0119 ju\u017c 17 pa\u017adziernika o godz. 20:00 w <span class=\"html-span xdj266r x11i5rnm xat24cr x1mh8g0r xexx8yu x4uap5 x18d9i69 xkhd6sd x1hl2dhg x16tdsg8 x1vvkbs\"><a class=\"x1i10hfl xjbqb8w x1ejq31n xd10rxx x1sy0etr x17r0tee x972fbf xcfux6l x1qhh985 xm0m39n x9f619 x1ypdohk xt0psk2 xe8uvvx xdj266r x11i5rnm xat24cr x1mh8g0r xexx8yu x4uap5 x18d9i69 xkhd6sd x16tdsg8 x1hl2dhg xggy1nq x1a2a7pz x1sur9pj xkrqix3 x1fey0fg xo1l8bm\" tabindex=\"0\" role=\"link\" href=\"https:\/\/www.facebook.com\/radiokrakow?__cft__[0]=AZV_NdvuTCmwN_sam1ZPO2IcZLbbEggwNtjBpfxL6TuBHH5liEhIq6neFndxTof1jKmL0hY0oOL9I1T5qbnhWzo5L1SR8CM5YEt36g9W5EcPp_N2J5vPQ6Dw3qoncJvVDGEHZfxkBXIRTTfHXLPwDwIh7uR6UHZxcsSnV_nGijEuaGQLhSCsKozXxKBI4W5QvD8NLiHwov0gFFwHPIdRgFPQ&amp;__tn__=-]K-R\"><span class=\"xt0psk2\">Radio Krak\u00f3w<\/span><\/a><\/span>. <span class=\"html-span xexx8yu x4uap5 x18d9i69 xkhd6sd x1hl2dhg x16tdsg8 x1vvkbs x3nfvp2 x1j61x8r x1fcty0u xdj266r xat24cr xgzva0m xhhsvwb xxymvpz xlup9mm x1kky2od\"><img loading=\"lazy\" decoding=\"async\" class=\"xz74otr\" src=\"https:\/\/static.xx.fbcdn.net\/images\/emoji.php\/v9\/t58\/1\/16\/1f929.png\" alt=\"\ud83e\udd29\" width=\"16\" height=\"16\"><\/span><\/div><\/div><div class=\"x11i5rnm xat24cr x1mh8g0r x1vvkbs xtlvy1s x126k92a\"><div dir=\"auto\">&nbsp;<\/div><div dir=\"auto\">Zapraszamy serdecznie! <span class=\"html-span xexx8yu x4uap5 x18d9i69 xkhd6sd x1hl2dhg x16tdsg8 x1vvkbs x3nfvp2 x1j61x8r x1fcty0u xdj266r xat24cr xgzva0m xhhsvwb xxymvpz xlup9mm x1kky2od\"><img loading=\"lazy\" decoding=\"async\" class=\"xz74otr\" src=\"https:\/\/static.xx.fbcdn.net\/images\/emoji.php\/v9\/t6d\/1\/16\/1f973.png\" alt=\"\ud83e\udd73\" width=\"16\" height=\"16\"><\/span><\/div><\/div>    <\/div>\n<\/div>\n<!-- \/module text -->        <\/div>\n                        <\/div>\n        <\/div>\n        <\/div>\n<!--\/themify_builder_content-->        <div class=\"booster-block booster-reactions-block\">\n            <div class=\"twp-reactions-icons\">\n                \n                <div class=\"twp-reacts-wrap\">\n                    <a react-data=\"be-react-1\" post-id=\"3159\" class=\"be-face-icons un-reacted\" href=\"javascript:void(0)\">\n                        <img decoding=\"async\" src=\"https:\/\/studenckifestiwal.pl\/wp-content\/plugins\/booster-extension\/\/assets\/icon\/happy.svg\" alt=\"Happy\">\n                    <\/a>\n                    <div class=\"twp-reaction-title\">\n                        Happy                    <\/div>\n                    <div class=\"twp-count-percent\">\n                                                    <span style=\"display: none;\" class=\"twp-react-count\">0<\/span>\n                        \n                                                <span class=\"twp-react-percent\"><span>0<\/span> %<\/span>\n                                            <\/div>\n                <\/div>\n\n                <div class=\"twp-reacts-wrap\">\n                    <a react-data=\"be-react-2\" post-id=\"3159\" class=\"be-face-icons un-reacted\" href=\"javascript:void(0)\">\n                        <img decoding=\"async\" src=\"https:\/\/studenckifestiwal.pl\/wp-content\/plugins\/booster-extension\/\/assets\/icon\/sad.svg\" alt=\"Sad\">\n                    <\/a>\n                    <div class=\"twp-reaction-title\">\n                        Sad                    <\/div>\n                    <div class=\"twp-count-percent\">\n                                                    <span style=\"display: none;\" class=\"twp-react-count\">0<\/span>\n                                                                        <span class=\"twp-react-percent\"><span>0<\/span> %<\/span>\n                                            <\/div>\n                <\/div>\n\n                <div class=\"twp-reacts-wrap\">\n                    <a react-data=\"be-react-3\" post-id=\"3159\" class=\"be-face-icons un-reacted\" href=\"javascript:void(0)\">\n                        <img decoding=\"async\" src=\"https:\/\/studenckifestiwal.pl\/wp-content\/plugins\/booster-extension\/\/assets\/icon\/excited.svg\" alt=\"Excited\">\n                    <\/a>\n                    <div class=\"twp-reaction-title\">\n                        Excited                    <\/div>\n                    <div class=\"twp-count-percent\">\n                                                    <span style=\"display: none;\" class=\"twp-react-count\">0<\/span>\n                                                                        <span class=\"twp-react-percent\"><span>0<\/span> %<\/span>\n                                            <\/div>\n                <\/div>\n\n                <div class=\"twp-reacts-wrap\">\n                    <a react-data=\"be-react-6\" post-id=\"3159\" class=\"be-face-icons un-reacted\" href=\"javascript:void(0)\">\n                        <img decoding=\"async\" src=\"https:\/\/studenckifestiwal.pl\/wp-content\/plugins\/booster-extension\/\/assets\/icon\/sleepy.svg\" alt=\"Sleepy\">\n                    <\/a>\n                    <div class=\"twp-reaction-title\">\n                        Sleepy                    <\/div>\n                    <div class=\"twp-count-percent\">\n                                                    <span style=\"display: none;\" class=\"twp-react-count\">0<\/span>\n                        \n                                                <span class=\"twp-react-percent\"><span>0<\/span> %<\/span>\n                                            <\/div>\n                <\/div>\n\n                <div class=\"twp-reacts-wrap\">\n                    <a react-data=\"be-react-4\" post-id=\"3159\" class=\"be-face-icons un-reacted\" href=\"javascript:void(0)\">\n                        <img decoding=\"async\" src=\"https:\/\/studenckifestiwal.pl\/wp-content\/plugins\/booster-extension\/\/assets\/icon\/angry.svg\" alt=\"Angry\">\n                    <\/a>\n                    <div class=\"twp-reaction-title\">Angry<\/div>\n                    <div class=\"twp-count-percent\">\n                                                    <span style=\"display: none;\" class=\"twp-react-count\">0<\/span>\n                                                                        <span class=\"twp-react-percent\"><span>0<\/span> %<\/span>\n                        \n                    <\/div>\n                <\/div>\n\n                <div class=\"twp-reacts-wrap\">\n                    <a react-data=\"be-react-5\" post-id=\"3159\" class=\"be-face-icons un-reacted\" href=\"javascript:void(0)\">\n                        <img decoding=\"async\" src=\"https:\/\/studenckifestiwal.pl\/wp-content\/plugins\/booster-extension\/\/assets\/icon\/surprise.svg\" alt=\"Surprise\">\n                    <\/a>\n                    <div class=\"twp-reaction-title\">Surprise<\/div>\n                    <div class=\"twp-count-percent\">\n                                                    <span style=\"display: none;\" class=\"twp-react-count\">0<\/span>\n                                                                        <span class=\"twp-react-percent\"><span>0<\/span> %<\/span>\n                                            <\/div>\n                <\/div>\n\n            <\/div>\n        <\/div>","protected":false},"excerpt":{"rendered":"<p>Czas rozpocz\u0105\u0107 prezentacj\u0119 artyst\u00f3w, kt\u00f3rzy wyst\u0105pi\u0105 podczas koncert\u00f3w w ramach Jubileuszowej, 60. edycji Studencki Festiwal Piosenki &nbsp;Zaczynamy chronologicznie i alfabetycznie!<\/p>\n<p><a href=\"https:\/\/studenckifestiwal.pl\/index.php\/2024\/08\/02\/mateusz-nagorski-wokalista-gitarzysta-i-kompozytor\/\" class=\"more-link\">Czytaj wi\u0119cej<span class=\"screen-reader-text\">Mateusz Nag\u00f3rski \u2013 wokalista, gitarzysta i kompozytor.<\/span><\/a><\/p>\n","protected":false},"author":1,"featured_media":3160,"comment_status":"closed","ping_status":"closed","sticky":false,"template":"","format":"standard","meta":{"ngg_post_thumbnail":0,"footnotes":""},"categories":[1],"tags":[],"class_list":["post-3159","post","type-post","status-publish","format-standard","has-post-thumbnail","hentry","category-slider"],"builder_content":"Czas rozpocz\u0105\u0107 prezentacj\u0119 artyst\u00f3w, kt\u00f3rzy wyst\u0105pi\u0105 podczas koncert\u00f3w w ramach Jubileuszowej, 60. edycji <a tabindex=\"0\" role=\"link\" href=\"https:\/\/www.facebook.com\/StudenckiFestiwalPiosenki?__cft__[0]=AZV_NdvuTCmwN_sam1ZPO2IcZLbbEggwNtjBpfxL6TuBHH5liEhIq6neFndxTof1jKmL0hY0oOL9I1T5qbnhWzo5L1SR8CM5YEt36g9W5EcPp_N2J5vPQ6Dw3qoncJvVDGEHZfxkBXIRTTfHXLPwDwIh7uR6UHZxcsSnV_nGijEuaGQLhSCsKozXxKBI4W5QvD8NLiHwov0gFFwHPIdRgFPQ&amp;__tn__=-]K-R\">Studencki Festiwal Piosenki<\/a> <img loading=\"lazy\" decoding=\"async\" src=\"https:\/\/static.xx.fbcdn.net\/images\/emoji.php\/v9\/t8e\/1\/16\/1f941.png\" alt=\"\ud83e\udd41\" width=\"16\" height=\"16\">&nbsp;Zaczynamy chronologicznie i alfabetycznie! <img loading=\"lazy\" decoding=\"async\" src=\"https:\/\/static.xx.fbcdn.net\/images\/emoji.php\/v9\/t2\/1\/16\/1f60d.png\" alt=\"\ud83d\ude0d\" width=\"16\" height=\"16\">&nbsp;<img loading=\"lazy\" decoding=\"async\" src=\"https:\/\/static.xx.fbcdn.net\/images\/emoji.php\/v9\/t2d\/1\/16\/1f4cd.png\" alt=\"\ud83d\udccd\" width=\"16\" height=\"16\"> <a tabindex=\"0\" role=\"link\" href=\"https:\/\/www.facebook.com\/mateusznagorski?__cft__[0]=AZV_NdvuTCmwN_sam1ZPO2IcZLbbEggwNtjBpfxL6TuBHH5liEhIq6neFndxTof1jKmL0hY0oOL9I1T5qbnhWzo5L1SR8CM5YEt36g9W5EcPp_N2J5vPQ6Dw3qoncJvVDGEHZfxkBXIRTTfHXLPwDwIh7uR6UHZxcsSnV_nGijEuaGQLhSCsKozXxKBI4W5QvD8NLiHwov0gFFwHPIdRgFPQ&amp;__tn__=-]K-R\">Mateusz Nag\u00f3rski<\/a> \u2013 wokalista, gitarzysta i kompozytor. Wykonawca piosenek Jacka Kaczmarskiego i autor wielu kompozycji do wierszy tego poety.&nbsp;Wyst\u0119powa\u0142 na festiwalach z kr\u0119gu piosenki poetyckiej, m. in. Og\u00f3lnopolskim Festiwalu Piosenki Artystycznej (OFPA) w Rybniku, Festiwalu im. Jacka Kaczmarskiego \u201eNadzieja\u201d w Ko\u0142obrzegu, Festiwalu \u0141\u00f3d\u017astock w \u0141odzi.&nbsp;Wsp\u00f3\u0142pracowa\u0142 z Micha\u0142em Zab\u0142ockim - wyda\u0142 dwa single nagrane do tekst\u00f3w tego poety (Korek, Russkij Wojennyj Karabl) i wzi\u0105\u0142 udzia\u0142, w charakterze kompozytora i wykonawcy, w wyre\u017cyserowanym przez niego spektaklu \u201e\u015awi\u0119ty\u201d, w kt\u00f3rym za\u015bpiewa\u0142 piosenk\u0119 \u201eInteligencjo\u201d. Podczas pracy nad spektaklem \u201e\u015awi\u0119ty\u201d pozna\u0142 Mi\u0142osza Wo\u015bko, z kt\u00f3rym za\u0142o\u017cy\u0142 brand produkcyjny Stara Fala. W ramach dzia\u0142a\u0144 tej marki, Nag\u00f3rski i Wo\u015bko wyprodukowali dwie p\u0142yty i promuj\u0105ce je trasy koncertowe oraz kilka singli do poezji Jacka Kaczmarskiego i Micha\u0142a Zab\u0142ockiego. Zwie\u0144czeniem ich pierwszej, wsp\u00f3lnej trasy koncertowej, by\u0142 wyst\u0119p w Filharmonii im. Mieczys\u0142awa Kar\u0142owicza w Szczecinie z programem \u201eJacek Kaczmarski o wolno\u015bci\u201d, kt\u00f3ry sk\u0142ada\u0142 si\u0119 z piosenek Kaczmarskiego zaaran\u017cowanych przez Mi\u0142osza na orkiestr\u0119 kameraln\u0105. Aktualnie pracuje nad dwoma nowymi programami do nieumuzycznionej poezji Kaczmarskiego - \u201eDa Capo\u201d (program solowy) i \u201eNotatnik australijski\u201d (wsp\u00f3lnie z Mi\u0142oszem Wo\u015bko).&nbsp;Dyskografia: LALALA (wyd. Polskie Radio) - wsp\u00f3\u0142autor muzyki do tekst\u00f3w Micha\u0142a Zab\u0142ockiego Skruchy i erotyki dla Ewy (wyd. Dalmafon) - p\u0142yta nagrana we wsp\u00f3\u0142pracy z Andrzejem D\u0119bowskim, sk\u0142adaj\u0105ca si\u0119 z nowych kompozycji do wierszy Jacka Kaczmarskiego z tomiku poetyckiego pod tym samym tytu\u0142em Jacek Kaczmarski w \u015bwiecie ba\u015bni (wyd. Dalmafon) - p\u0142yta solowa, sk\u0142adaj\u0105ca si\u0119 z piosenek Jacka Kaczmarskiego M\u00f3j Zodiak (wyd. Stara Fala) - p\u0142yta nagrana we wsp\u00f3\u0142pracy z Mi\u0142oszem Wo\u015bko, sk\u0142adaj\u0105ca si\u0119 z nowych kompozycji do wierszy Jacka Kaczmarskiego z tomiku poetyckiego pod tym samym tytu\u0142em Jacek Kaczmarski o wolno\u015bci (wyd. Stara Fala) - p\u0142yta sk\u0142ada si\u0119 z piosenek Jacka Kaczmarskiego, zaaran\u017cowanych przez Mi\u0142osza Wo\u015bko na kwintet (gitara, fortepian, akordeon, skrzypce i wiolonczela).&nbsp;Koncert <a tabindex=\"0\" role=\"link\" href=\"https:\/\/www.facebook.com\/events\/2127849677589045\/?__cft__[0]=AZV_NdvuTCmwN_sam1ZPO2IcZLbbEggwNtjBpfxL6TuBHH5liEhIq6neFndxTof1jKmL0hY0oOL9I1T5qbnhWzo5L1SR8CM5YEt36g9W5EcPp_N2J5vPQ6Dw3qoncJvVDGEHZfxkBXIRTTfHXLPwDwIh7uR6UHZxcsSnV_nGijEuaGQLhSCsKozXxKBI4W5QvD8NLiHwov0gFFwHPIdRgFPQ&amp;__tn__=-UK-R\">KACZMARSKI. ALTERNATYWA (NOTATNIK AUSTRALIJSKI) | NAG\u00d3RSKI \/ WO\u015aKO | 60.SFP<\/a>, w kt\u00f3rym <a tabindex=\"0\" role=\"link\" href=\"https:\/\/www.facebook.com\/mateusznagorski?__cft__[0]=AZV_NdvuTCmwN_sam1ZPO2IcZLbbEggwNtjBpfxL6TuBHH5liEhIq6neFndxTof1jKmL0hY0oOL9I1T5qbnhWzo5L1SR8CM5YEt36g9W5EcPp_N2J5vPQ6Dw3qoncJvVDGEHZfxkBXIRTTfHXLPwDwIh7uR6UHZxcsSnV_nGijEuaGQLhSCsKozXxKBI4W5QvD8NLiHwov0gFFwHPIdRgFPQ&amp;__tn__=-]K-R\">Mateusz Nag\u00f3rski<\/a> wyst\u0105pi w jednej z g\u0142\u00f3wnych r\u00f3l, zainauguruje tegoroczny Studencki Festiwal Piosenki. Wydarzenie odb\u0119dzie si\u0119 ju\u017c 17 pa\u017adziernika o godz. 20:00 w <a tabindex=\"0\" role=\"link\" href=\"https:\/\/www.facebook.com\/radiokrakow?__cft__[0]=AZV_NdvuTCmwN_sam1ZPO2IcZLbbEggwNtjBpfxL6TuBHH5liEhIq6neFndxTof1jKmL0hY0oOL9I1T5qbnhWzo5L1SR8CM5YEt36g9W5EcPp_N2J5vPQ6Dw3qoncJvVDGEHZfxkBXIRTTfHXLPwDwIh7uR6UHZxcsSnV_nGijEuaGQLhSCsKozXxKBI4W5QvD8NLiHwov0gFFwHPIdRgFPQ&amp;__tn__=-]K-R\">Radio Krak\u00f3w<\/a>. <img loading=\"lazy\" decoding=\"async\" src=\"https:\/\/static.xx.fbcdn.net\/images\/emoji.php\/v9\/t58\/1\/16\/1f929.png\" alt=\"\ud83e\udd29\" width=\"16\" height=\"16\">&nbsp;Zapraszamy serdecznie! <img loading=\"lazy\" decoding=\"async\" src=\"https:\/\/static.xx.fbcdn.net\/images\/emoji.php\/v9\/t6d\/1\/16\/1f973.png\" alt=\"\ud83e\udd73\" width=\"16\" height=\"16\">","_links":{"self":[{"href":"https:\/\/studenckifestiwal.pl\/index.php\/wp-json\/wp\/v2\/posts\/3159","targetHints":{"allow":["GET"]}}],"collection":[{"href":"https:\/\/studenckifestiwal.pl\/index.php\/wp-json\/wp\/v2\/posts"}],"about":[{"href":"https:\/\/studenckifestiwal.pl\/index.php\/wp-json\/wp\/v2\/types\/post"}],"author":[{"embeddable":true,"href":"https:\/\/studenckifestiwal.pl\/index.php\/wp-json\/wp\/v2\/users\/1"}],"replies":[{"embeddable":true,"href":"https:\/\/studenckifestiwal.pl\/index.php\/wp-json\/wp\/v2\/comments?post=3159"}],"version-history":[{"count":2,"href":"https:\/\/studenckifestiwal.pl\/index.php\/wp-json\/wp\/v2\/posts\/3159\/revisions"}],"predecessor-version":[{"id":3162,"href":"https:\/\/studenckifestiwal.pl\/index.php\/wp-json\/wp\/v2\/posts\/3159\/revisions\/3162"}],"wp:featuredmedia":[{"embeddable":true,"href":"https:\/\/studenckifestiwal.pl\/index.php\/wp-json\/wp\/v2\/media\/3160"}],"wp:attachment":[{"href":"https:\/\/studenckifestiwal.pl\/index.php\/wp-json\/wp\/v2\/media?parent=3159"}],"wp:term":[{"taxonomy":"category","embeddable":true,"href":"https:\/\/studenckifestiwal.pl\/index.php\/wp-json\/wp\/v2\/categories?post=3159"},{"taxonomy":"post_tag","embeddable":true,"href":"https:\/\/studenckifestiwal.pl\/index.php\/wp-json\/wp\/v2\/tags?post=3159"}],"curies":[{"name":"wp","href":"https:\/\/api.w.org\/{rel}","templated":true}]}}