{"id":3128,"date":"2024-07-16T11:32:52","date_gmt":"2024-07-16T09:32:52","guid":{"rendered":"https:\/\/studenckifestiwal.pl\/?p=3128"},"modified":"2024-07-16T12:23:21","modified_gmt":"2024-07-16T10:23:21","slug":"norwid-od-nowa-renata-przemyk-gaba-kulka-natalia-niemen-baasch-i-tomek-makowiecki","status":"publish","type":"post","link":"https:\/\/studenckifestiwal.pl\/index.php\/2024\/07\/16\/norwid-od-nowa-renata-przemyk-gaba-kulka-natalia-niemen-baasch-i-tomek-makowiecki\/","title":{"rendered":"\u00a0&#8222;NORWID \/ OD.NOWA&#8221; Renata Przemyk, Gaba Kulka, Natalia Niemen, Baasch i Tomek Makowiecki"},"content":{"rendered":"<div class='booster-block booster-read-block'>\n                <div class=\"twp-read-time\">\n                \t<i class=\"booster-icon twp-clock\"><\/i> <span>Read Time:<\/span>1 Minute, 4 Second                <\/div>\n\n            <\/div><!--themify_builder_content-->\n<div id=\"themify_builder_content-3128\" data-postid=\"3128\" class=\"themify_builder_content themify_builder_content-3128 themify_builder tf_clear\">\n                    <div  data-lazy=\"1\" class=\"module_row themify_builder_row tb_z37o697 tb_first tf_w\">\n                        <div class=\"row_inner col_align_top tb_col_count_1 tf_box tf_rel\">\n                        <div  data-lazy=\"1\" class=\"module_column tb-column col-full tb_fdrk699 first\">\n                    <!-- module text -->\n<div  class=\"module module-text tb_1v4y271   \" data-lazy=\"1\">\n        <div  class=\"tb_text_wrap\">\n        <p>Czas na ostanie koncertowe og\u0142oszenie tegorocznej Jubileuszowej 60. edycji&nbsp;<span class=\"html-span xdj266r x11i5rnm xat24cr x1mh8g0r xexx8yu x4uap5 x18d9i69 xkhd6sd x1hl2dhg x16tdsg8 x1vvkbs\"><a class=\"x1i10hfl xjbqb8w x1ejq31n xd10rxx x1sy0etr x17r0tee x972fbf xcfux6l x1qhh985 xm0m39n x9f619 x1ypdohk xt0psk2 xe8uvvx xdj266r x11i5rnm xat24cr x1mh8g0r xexx8yu x4uap5 x18d9i69 xkhd6sd x16tdsg8 x1hl2dhg xggy1nq x1a2a7pz x1sur9pj xkrqix3 xzsf02u x1s688f\" tabindex=\"0\" role=\"link\" href=\"https:\/\/www.facebook.com\/StudenckiFestiwalPiosenki?__cft__[0]=AZUltN2DvBBPF5UYr4Nf5JXNGxmp6TqL5aJFMSV1KbyajZ9w-b4JDb_ot_q3wspD7sOa1NVojO9wvIX9XG9s875XrlaVzME617DIAIactOHuQf8EOvqUz9LO1VId2k8qiU0-NQYVEd2faPXDxsRRC88t4zJ2Ka2lYiwGAO0rm5kZw8bQen9iowoTOwl2FAcYub8&amp;__tn__=-]K*F\"><span class=\"xt0psk2\">Studencki Festiwal Piosenki<\/span><\/a><\/span>&nbsp;<span class=\"html-span xexx8yu x4uap5 x18d9i69 xkhd6sd x1hl2dhg x16tdsg8 x1vvkbs x3nfvp2 x1j61x8r x1fcty0u xdj266r xat24cr xgzva0m xhhsvwb xxymvpz xlup9mm x1kky2od\"><img loading=\"lazy\" decoding=\"async\" class=\"xz74otr\" src=\"https:\/\/static.xx.fbcdn.net\/images\/emoji.php\/v9\/t2\/1\/16\/1f60d.png\" alt=\"\ud83d\ude0d\" width=\"16\" height=\"16\"><\/span><br class=\"html-br\"><br class=\"html-br\"><span class=\"html-span xexx8yu x4uap5 x18d9i69 xkhd6sd x1hl2dhg x16tdsg8 x1vvkbs x3nfvp2 x1j61x8r x1fcty0u xdj266r xat24cr xgzva0m xhhsvwb xxymvpz xlup9mm x1kky2od\"><img loading=\"lazy\" decoding=\"async\" class=\"xz74otr\" src=\"https:\/\/static.xx.fbcdn.net\/images\/emoji.php\/v9\/t2d\/1\/16\/1f4cd.png\" alt=\"\ud83d\udccd\" width=\"16\" height=\"16\"><\/span>&nbsp;Koncert&nbsp;<span class=\"html-span xdj266r x11i5rnm xat24cr x1mh8g0r xexx8yu x4uap5 x18d9i69 xkhd6sd x1hl2dhg x16tdsg8 x1vvkbs\"><a class=\"x1i10hfl xjbqb8w x1ejq31n xd10rxx x1sy0etr x17r0tee x972fbf xcfux6l x1qhh985 xm0m39n x9f619 x1ypdohk xt0psk2 xe8uvvx xdj266r x11i5rnm xat24cr x1mh8g0r xexx8yu x4uap5 x18d9i69 xkhd6sd x16tdsg8 x1hl2dhg xggy1nq x1a2a7pz x1sur9pj xkrqix3 xzsf02u x1s688f\" tabindex=\"0\" role=\"link\" href=\"https:\/\/www.facebook.com\/events\/444746308529755\/?__cft__[0]=AZUltN2DvBBPF5UYr4Nf5JXNGxmp6TqL5aJFMSV1KbyajZ9w-b4JDb_ot_q3wspD7sOa1NVojO9wvIX9XG9s875XrlaVzME617DIAIactOHuQf8EOvqUz9LO1VId2k8qiU0-NQYVEd2faPXDxsRRC88t4zJ2Ka2lYiwGAO0rm5kZw8bQen9iowoTOwl2FAcYub8&amp;__tn__=-UK*F\"><span class=\"xt0psk2\">&#8222;NORWID \/ OD.NOWA&#8221; Renata Przemyk, Gaba Kulka, Natalia Niemen, Baasch i Tomek Makowiecki<\/span><\/a><\/span>&nbsp;\u2013 pi\u0105tek 18 pa\u017adziernika 2024 roku w&nbsp;<span class=\"html-span xdj266r x11i5rnm xat24cr x1mh8g0r xexx8yu x4uap5 x18d9i69 xkhd6sd x1hl2dhg x16tdsg8 x1vvkbs\"><a class=\"x1i10hfl xjbqb8w x1ejq31n xd10rxx x1sy0etr x17r0tee x972fbf xcfux6l x1qhh985 xm0m39n x9f619 x1ypdohk xt0psk2 xe8uvvx xdj266r x11i5rnm xat24cr x1mh8g0r xexx8yu x4uap5 x18d9i69 xkhd6sd x16tdsg8 x1hl2dhg xggy1nq x1a2a7pz x1sur9pj xkrqix3 xzsf02u x1s688f\" tabindex=\"0\" role=\"link\" href=\"https:\/\/www.facebook.com\/NCKnh?__cft__[0]=AZUltN2DvBBPF5UYr4Nf5JXNGxmp6TqL5aJFMSV1KbyajZ9w-b4JDb_ot_q3wspD7sOa1NVojO9wvIX9XG9s875XrlaVzME617DIAIactOHuQf8EOvqUz9LO1VId2k8qiU0-NQYVEd2faPXDxsRRC88t4zJ2Ka2lYiwGAO0rm5kZw8bQen9iowoTOwl2FAcYub8&amp;__tn__=-]K*F\"><span class=\"xt0psk2\">Nowohuckie Centrum Kultury<\/span><\/a><\/span>.<br class=\"html-br\"><br class=\"html-br\"><span class=\"html-span xexx8yu x4uap5 x18d9i69 xkhd6sd x1hl2dhg x16tdsg8 x1vvkbs x3nfvp2 x1j61x8r x1fcty0u xdj266r xat24cr xgzva0m xhhsvwb xxymvpz xlup9mm x1kky2od\"><img loading=\"lazy\" decoding=\"async\" class=\"xz74otr\" src=\"https:\/\/static.xx.fbcdn.net\/images\/emoji.php\/v9\/t8e\/1\/16\/1f941.png\" alt=\"\ud83e\udd41\" width=\"16\" height=\"16\"><\/span>Na program wydarzenia sk\u0142adaj\u0105 si\u0119 utwory pochodz\u0105ce z nagranej w 2021 roku p\u0142yty pod tym samym tytu\u0142em. Album powsta\u0142 z okazji 200. rocznicy urodzin Norwida, a arty\u015bci wykonali, w wi\u0119kszo\u015bci premierowe, kompozycje stworzone do jego wierszy. Tego wieczoru publiczno\u015b\u0107 us\u0142yszy m.in.: &#8222;W Weronie&#8221;, &#8222;Czemu nie w Ch\u00f3rze&#8221;, &#8222;Jesie\u0144&#8221;, &#8222;Ty mnie do pie\u015bni pokornej nie wo\u0142aj&#8221; czy &#8222;Kr\u00f3lestwo&#8221;. Zabrzmi\u0105 zar\u00f3wno utwory akustyczne, jak i elektroniczne. Pojawi si\u0119 r\u00f3wnie\u017c odniesienie do Czes\u0142awa Niemena, nazywanego Polskim Artyst\u0105 Wszechczas\u00f3w, kt\u00f3ry w latach 70-tych jako pierwszy zainteresowa\u0142 si\u0119 poezj\u0105 Norwida i jej muzyczno\u015bci\u0105. Nagra\u0142 on kilkana\u015bcie kompozycji do jego wierszy &#8211; zar\u00f3wno takich, kt\u00f3rym trudno odm\u00f3wi\u0107 piosenkowej formy, jak &#8222;Italiam, Italiam&#8221; czy &#8222;Marionetki&#8221;, jak i takich, kt\u00f3re zarejestrowa\u0142 w awangardowym okresie swojej dzia\u0142alno\u015bci. To nowatorskie w\u00f3wczas podej\u015bcie do poezji sta\u0142o si\u0119 inspiracj\u0105 do powstania p\u0142yty &#8222;Norwid od Nowa&#8221;<span class=\"html-span xexx8yu x4uap5 x18d9i69 xkhd6sd x1hl2dhg x16tdsg8 x1vvkbs x3nfvp2 x1j61x8r x1fcty0u xdj266r xat24cr xgzva0m xhhsvwb xxymvpz xlup9mm x1kky2od\"><img loading=\"lazy\" decoding=\"async\" class=\"xz74otr\" src=\"https:\/\/static.xx.fbcdn.net\/images\/emoji.php\/v9\/t8e\/1\/16\/1f941.png\" alt=\"\ud83e\udd41\" width=\"16\" height=\"16\"><\/span><br class=\"html-br\"><br class=\"html-br\">Warto us\u0142ysze\u0107 t\u0119 muzyk\u0119 na \u017cywo!&nbsp;<span class=\"html-span xexx8yu x4uap5 x18d9i69 xkhd6sd x1hl2dhg x16tdsg8 x1vvkbs x3nfvp2 x1j61x8r x1fcty0u xdj266r xat24cr xgzva0m xhhsvwb xxymvpz xlup9mm x1kky2od\"><img loading=\"lazy\" decoding=\"async\" class=\"xz74otr\" src=\"https:\/\/static.xx.fbcdn.net\/images\/emoji.php\/v9\/t6d\/1\/16\/1f973.png\" alt=\"\ud83e\udd73\" width=\"16\" height=\"16\"><\/span><br class=\"html-br\"><br class=\"html-br\">Kierownictwo muzyczne:&nbsp;<span class=\"html-span xdj266r x11i5rnm xat24cr x1mh8g0r xexx8yu x4uap5 x18d9i69 xkhd6sd x1hl2dhg x16tdsg8 x1vvkbs\"><a class=\"x1i10hfl xjbqb8w x1ejq31n xd10rxx x1sy0etr x17r0tee x972fbf xcfux6l x1qhh985 xm0m39n x9f619 x1ypdohk xt0psk2 xe8uvvx xdj266r x11i5rnm xat24cr x1mh8g0r xexx8yu x4uap5 x18d9i69 xkhd6sd x16tdsg8 x1hl2dhg xggy1nq x1a2a7pz x1sur9pj xkrqix3 xzsf02u x1s688f\" tabindex=\"0\" role=\"link\" href=\"https:\/\/www.facebook.com\/milosz.wosko?__cft__[0]=AZUltN2DvBBPF5UYr4Nf5JXNGxmp6TqL5aJFMSV1KbyajZ9w-b4JDb_ot_q3wspD7sOa1NVojO9wvIX9XG9s875XrlaVzME617DIAIactOHuQf8EOvqUz9LO1VId2k8qiU0-NQYVEd2faPXDxsRRC88t4zJ2Ka2lYiwGAO0rm5kZw8bQen9iowoTOwl2FAcYub8&amp;__tn__=-]K*F\"><span class=\"xt0psk2\">Mi\u0142osz Wo\u015bko<\/span><\/a><\/span>&nbsp;<span class=\"html-span xexx8yu x4uap5 x18d9i69 xkhd6sd x1hl2dhg x16tdsg8 x1vvkbs x3nfvp2 x1j61x8r x1fcty0u xdj266r xat24cr xgzva0m xhhsvwb xxymvpz xlup9mm x1kky2od\"><img loading=\"lazy\" decoding=\"async\" class=\"xz74otr\" src=\"https:\/\/static.xx.fbcdn.net\/images\/emoji.php\/v9\/t58\/1\/16\/1f929.png\" alt=\"\ud83e\udd29\" width=\"16\" height=\"16\"><\/span><br class=\"html-br\"><br class=\"html-br\">Link do bilet\u00f3w:<\/p><p><a href=\"https:\/\/biletyna.pl\/koncert\/NORWID-ODNOWA-koncert-ramach-60-Edycji-Studenckiego-Festiwalu-Piosenki-w-Krakowie\">https:\/\/biletyna.pl\/koncert\/NORWID-ODNOWA-koncert-ramach-60-Edycji-Studenckiego-Festiwalu-Piosenki-w-Krakowie<\/a><\/p><p><br class=\"html-br\">Link do wydarzenia:<\/p><p><a href=\"https:\/\/www.facebook.com\/events\/444746308529755\">https:\/\/www.facebook.com\/events\/444746308529755<\/a><\/p><p>Zapraszamy!<\/p>    <\/div>\n<\/div>\n<!-- \/module text -->        <\/div>\n                        <\/div>\n        <\/div>\n        <\/div>\n<!--\/themify_builder_content-->        <div class=\"booster-block booster-reactions-block\">\n            <div class=\"twp-reactions-icons\">\n                \n                <div class=\"twp-reacts-wrap\">\n                    <a react-data=\"be-react-1\" post-id=\"3128\" class=\"be-face-icons un-reacted\" href=\"javascript:void(0)\">\n                        <img decoding=\"async\" src=\"https:\/\/studenckifestiwal.pl\/wp-content\/plugins\/booster-extension\/\/assets\/icon\/happy.svg\" alt=\"Happy\">\n                    <\/a>\n                    <div class=\"twp-reaction-title\">\n                        Happy                    <\/div>\n                    <div class=\"twp-count-percent\">\n                                                    <span style=\"display: none;\" class=\"twp-react-count\">0<\/span>\n                        \n                                                <span class=\"twp-react-percent\"><span>0<\/span> %<\/span>\n                                            <\/div>\n                <\/div>\n\n                <div class=\"twp-reacts-wrap\">\n                    <a react-data=\"be-react-2\" post-id=\"3128\" class=\"be-face-icons un-reacted\" href=\"javascript:void(0)\">\n                        <img decoding=\"async\" src=\"https:\/\/studenckifestiwal.pl\/wp-content\/plugins\/booster-extension\/\/assets\/icon\/sad.svg\" alt=\"Sad\">\n                    <\/a>\n                    <div class=\"twp-reaction-title\">\n                        Sad                    <\/div>\n                    <div class=\"twp-count-percent\">\n                                                    <span style=\"display: none;\" class=\"twp-react-count\">0<\/span>\n                                                                        <span class=\"twp-react-percent\"><span>0<\/span> %<\/span>\n                                            <\/div>\n                <\/div>\n\n                <div class=\"twp-reacts-wrap\">\n                    <a react-data=\"be-react-3\" post-id=\"3128\" class=\"be-face-icons un-reacted\" href=\"javascript:void(0)\">\n                        <img decoding=\"async\" src=\"https:\/\/studenckifestiwal.pl\/wp-content\/plugins\/booster-extension\/\/assets\/icon\/excited.svg\" alt=\"Excited\">\n                    <\/a>\n                    <div class=\"twp-reaction-title\">\n                        Excited                    <\/div>\n                    <div class=\"twp-count-percent\">\n                                                    <span style=\"display: none;\" class=\"twp-react-count\">0<\/span>\n                                                                        <span class=\"twp-react-percent\"><span>0<\/span> %<\/span>\n                                            <\/div>\n                <\/div>\n\n                <div class=\"twp-reacts-wrap\">\n                    <a react-data=\"be-react-6\" post-id=\"3128\" class=\"be-face-icons un-reacted\" href=\"javascript:void(0)\">\n                        <img decoding=\"async\" src=\"https:\/\/studenckifestiwal.pl\/wp-content\/plugins\/booster-extension\/\/assets\/icon\/sleepy.svg\" alt=\"Sleepy\">\n                    <\/a>\n                    <div class=\"twp-reaction-title\">\n                        Sleepy                    <\/div>\n                    <div class=\"twp-count-percent\">\n                                                    <span style=\"display: none;\" class=\"twp-react-count\">0<\/span>\n                        \n                                                <span class=\"twp-react-percent\"><span>0<\/span> %<\/span>\n                                            <\/div>\n                <\/div>\n\n                <div class=\"twp-reacts-wrap\">\n                    <a react-data=\"be-react-4\" post-id=\"3128\" class=\"be-face-icons un-reacted\" href=\"javascript:void(0)\">\n                        <img decoding=\"async\" src=\"https:\/\/studenckifestiwal.pl\/wp-content\/plugins\/booster-extension\/\/assets\/icon\/angry.svg\" alt=\"Angry\">\n                    <\/a>\n                    <div class=\"twp-reaction-title\">Angry<\/div>\n                    <div class=\"twp-count-percent\">\n                                                    <span style=\"display: none;\" class=\"twp-react-count\">0<\/span>\n                                                                        <span class=\"twp-react-percent\"><span>0<\/span> %<\/span>\n                        \n                    <\/div>\n                <\/div>\n\n                <div class=\"twp-reacts-wrap\">\n                    <a react-data=\"be-react-5\" post-id=\"3128\" class=\"be-face-icons un-reacted\" href=\"javascript:void(0)\">\n                        <img decoding=\"async\" src=\"https:\/\/studenckifestiwal.pl\/wp-content\/plugins\/booster-extension\/\/assets\/icon\/surprise.svg\" alt=\"Surprise\">\n                    <\/a>\n                    <div class=\"twp-reaction-title\">Surprise<\/div>\n                    <div class=\"twp-count-percent\">\n                                                    <span style=\"display: none;\" class=\"twp-react-count\">0<\/span>\n                                                                        <span class=\"twp-react-percent\"><span>0<\/span> %<\/span>\n                                            <\/div>\n                <\/div>\n\n            <\/div>\n        <\/div>","protected":false},"excerpt":{"rendered":"<p>Czas na ostanie koncertowe og\u0142oszenie tegorocznej Jubileuszowej 60. edycji&nbsp;Studencki Festiwal Piosenki&nbsp;&nbsp;Koncert&nbsp;&#8222;NORWID \/ OD.NOWA&#8221; Renata Przemyk, Gaba Kulka, Natalia Niemen, Baasch<\/p>\n<p><a href=\"https:\/\/studenckifestiwal.pl\/index.php\/2024\/07\/16\/norwid-od-nowa-renata-przemyk-gaba-kulka-natalia-niemen-baasch-i-tomek-makowiecki\/\" class=\"more-link\">Czytaj wi\u0119cej<span class=\"screen-reader-text\">\u00a0&#8222;NORWID \/ OD.NOWA&#8221; Renata Przemyk, Gaba Kulka, Natalia Niemen, Baasch i Tomek Makowiecki<\/span><\/a><\/p>\n","protected":false},"author":1,"featured_media":3152,"comment_status":"closed","ping_status":"closed","sticky":false,"template":"","format":"standard","meta":{"ngg_post_thumbnail":0,"footnotes":""},"categories":[1],"tags":[],"class_list":["post-3128","post","type-post","status-publish","format-standard","has-post-thumbnail","hentry","category-slider"],"builder_content":"<p>Czas na ostanie koncertowe og\u0142oszenie tegorocznej Jubileuszowej 60. edycji&nbsp;<a tabindex=\"0\" role=\"link\" href=\"https:\/\/www.facebook.com\/StudenckiFestiwalPiosenki?__cft__[0]=AZUltN2DvBBPF5UYr4Nf5JXNGxmp6TqL5aJFMSV1KbyajZ9w-b4JDb_ot_q3wspD7sOa1NVojO9wvIX9XG9s875XrlaVzME617DIAIactOHuQf8EOvqUz9LO1VId2k8qiU0-NQYVEd2faPXDxsRRC88t4zJ2Ka2lYiwGAO0rm5kZw8bQen9iowoTOwl2FAcYub8&amp;__tn__=-]K*F\">Studencki Festiwal Piosenki<\/a>&nbsp;<img loading=\"lazy\" decoding=\"async\" src=\"https:\/\/static.xx.fbcdn.net\/images\/emoji.php\/v9\/t2\/1\/16\/1f60d.png\" alt=\"\ud83d\ude0d\" width=\"16\" height=\"16\"><br><br><img loading=\"lazy\" decoding=\"async\" src=\"https:\/\/static.xx.fbcdn.net\/images\/emoji.php\/v9\/t2d\/1\/16\/1f4cd.png\" alt=\"\ud83d\udccd\" width=\"16\" height=\"16\">&nbsp;Koncert&nbsp;<a tabindex=\"0\" role=\"link\" href=\"https:\/\/www.facebook.com\/events\/444746308529755\/?__cft__[0]=AZUltN2DvBBPF5UYr4Nf5JXNGxmp6TqL5aJFMSV1KbyajZ9w-b4JDb_ot_q3wspD7sOa1NVojO9wvIX9XG9s875XrlaVzME617DIAIactOHuQf8EOvqUz9LO1VId2k8qiU0-NQYVEd2faPXDxsRRC88t4zJ2Ka2lYiwGAO0rm5kZw8bQen9iowoTOwl2FAcYub8&amp;__tn__=-UK*F\">\"NORWID \/ OD.NOWA\" Renata Przemyk, Gaba Kulka, Natalia Niemen, Baasch i Tomek Makowiecki<\/a>&nbsp;\u2013 pi\u0105tek 18 pa\u017adziernika 2024 roku w&nbsp;<a tabindex=\"0\" role=\"link\" href=\"https:\/\/www.facebook.com\/NCKnh?__cft__[0]=AZUltN2DvBBPF5UYr4Nf5JXNGxmp6TqL5aJFMSV1KbyajZ9w-b4JDb_ot_q3wspD7sOa1NVojO9wvIX9XG9s875XrlaVzME617DIAIactOHuQf8EOvqUz9LO1VId2k8qiU0-NQYVEd2faPXDxsRRC88t4zJ2Ka2lYiwGAO0rm5kZw8bQen9iowoTOwl2FAcYub8&amp;__tn__=-]K*F\">Nowohuckie Centrum Kultury<\/a>.<br><br><img loading=\"lazy\" decoding=\"async\" src=\"https:\/\/static.xx.fbcdn.net\/images\/emoji.php\/v9\/t8e\/1\/16\/1f941.png\" alt=\"\ud83e\udd41\" width=\"16\" height=\"16\">Na program wydarzenia sk\u0142adaj\u0105 si\u0119 utwory pochodz\u0105ce z nagranej w 2021 roku p\u0142yty pod tym samym tytu\u0142em. Album powsta\u0142 z okazji 200. rocznicy urodzin Norwida, a arty\u015bci wykonali, w wi\u0119kszo\u015bci premierowe, kompozycje stworzone do jego wierszy. Tego wieczoru publiczno\u015b\u0107 us\u0142yszy m.in.: \"W Weronie\", \"Czemu nie w Ch\u00f3rze\", \"Jesie\u0144\", \"Ty mnie do pie\u015bni pokornej nie wo\u0142aj\" czy \"Kr\u00f3lestwo\". Zabrzmi\u0105 zar\u00f3wno utwory akustyczne, jak i elektroniczne. Pojawi si\u0119 r\u00f3wnie\u017c odniesienie do Czes\u0142awa Niemena, nazywanego Polskim Artyst\u0105 Wszechczas\u00f3w, kt\u00f3ry w latach 70-tych jako pierwszy zainteresowa\u0142 si\u0119 poezj\u0105 Norwida i jej muzyczno\u015bci\u0105. Nagra\u0142 on kilkana\u015bcie kompozycji do jego wierszy - zar\u00f3wno takich, kt\u00f3rym trudno odm\u00f3wi\u0107 piosenkowej formy, jak \"Italiam, Italiam\" czy \"Marionetki\", jak i takich, kt\u00f3re zarejestrowa\u0142 w awangardowym okresie swojej dzia\u0142alno\u015bci. To nowatorskie w\u00f3wczas podej\u015bcie do poezji sta\u0142o si\u0119 inspiracj\u0105 do powstania p\u0142yty \"Norwid od Nowa\"<img loading=\"lazy\" decoding=\"async\" src=\"https:\/\/static.xx.fbcdn.net\/images\/emoji.php\/v9\/t8e\/1\/16\/1f941.png\" alt=\"\ud83e\udd41\" width=\"16\" height=\"16\"><br><br>Warto us\u0142ysze\u0107 t\u0119 muzyk\u0119 na \u017cywo!&nbsp;<img loading=\"lazy\" decoding=\"async\" src=\"https:\/\/static.xx.fbcdn.net\/images\/emoji.php\/v9\/t6d\/1\/16\/1f973.png\" alt=\"\ud83e\udd73\" width=\"16\" height=\"16\"><br><br>Kierownictwo muzyczne:&nbsp;<a tabindex=\"0\" role=\"link\" href=\"https:\/\/www.facebook.com\/milosz.wosko?__cft__[0]=AZUltN2DvBBPF5UYr4Nf5JXNGxmp6TqL5aJFMSV1KbyajZ9w-b4JDb_ot_q3wspD7sOa1NVojO9wvIX9XG9s875XrlaVzME617DIAIactOHuQf8EOvqUz9LO1VId2k8qiU0-NQYVEd2faPXDxsRRC88t4zJ2Ka2lYiwGAO0rm5kZw8bQen9iowoTOwl2FAcYub8&amp;__tn__=-]K*F\">Mi\u0142osz Wo\u015bko<\/a>&nbsp;<img loading=\"lazy\" decoding=\"async\" src=\"https:\/\/static.xx.fbcdn.net\/images\/emoji.php\/v9\/t58\/1\/16\/1f929.png\" alt=\"\ud83e\udd29\" width=\"16\" height=\"16\"><br><br>Link do bilet\u00f3w:<\/p><p><a href=\"https:\/\/biletyna.pl\/koncert\/NORWID-ODNOWA-koncert-ramach-60-Edycji-Studenckiego-Festiwalu-Piosenki-w-Krakowie\">https:\/\/biletyna.pl\/koncert\/NORWID-ODNOWA-koncert-ramach-60-Edycji-Studenckiego-Festiwalu-Piosenki-w-Krakowie<\/a><\/p><p><br>Link do wydarzenia:<\/p><p><a href=\"https:\/\/www.facebook.com\/events\/444746308529755\">https:\/\/www.facebook.com\/events\/444746308529755<\/a><\/p><p>Zapraszamy!<\/p>","_links":{"self":[{"href":"https:\/\/studenckifestiwal.pl\/index.php\/wp-json\/wp\/v2\/posts\/3128","targetHints":{"allow":["GET"]}}],"collection":[{"href":"https:\/\/studenckifestiwal.pl\/index.php\/wp-json\/wp\/v2\/posts"}],"about":[{"href":"https:\/\/studenckifestiwal.pl\/index.php\/wp-json\/wp\/v2\/types\/post"}],"author":[{"embeddable":true,"href":"https:\/\/studenckifestiwal.pl\/index.php\/wp-json\/wp\/v2\/users\/1"}],"replies":[{"embeddable":true,"href":"https:\/\/studenckifestiwal.pl\/index.php\/wp-json\/wp\/v2\/comments?post=3128"}],"version-history":[{"count":4,"href":"https:\/\/studenckifestiwal.pl\/index.php\/wp-json\/wp\/v2\/posts\/3128\/revisions"}],"predecessor-version":[{"id":3157,"href":"https:\/\/studenckifestiwal.pl\/index.php\/wp-json\/wp\/v2\/posts\/3128\/revisions\/3157"}],"wp:featuredmedia":[{"embeddable":true,"href":"https:\/\/studenckifestiwal.pl\/index.php\/wp-json\/wp\/v2\/media\/3152"}],"wp:attachment":[{"href":"https:\/\/studenckifestiwal.pl\/index.php\/wp-json\/wp\/v2\/media?parent=3128"}],"wp:term":[{"taxonomy":"category","embeddable":true,"href":"https:\/\/studenckifestiwal.pl\/index.php\/wp-json\/wp\/v2\/categories?post=3128"},{"taxonomy":"post_tag","embeddable":true,"href":"https:\/\/studenckifestiwal.pl\/index.php\/wp-json\/wp\/v2\/tags?post=3128"}],"curies":[{"name":"wp","href":"https:\/\/api.w.org\/{rel}","templated":true}]}}