{"id":2999,"date":"2023-10-22T20:19:58","date_gmt":"2023-10-22T18:19:58","guid":{"rendered":"https:\/\/studenckifestiwal.pl\/?p=2999"},"modified":"2023-10-22T20:19:58","modified_gmt":"2023-10-22T18:19:58","slug":"werdykt-59-sfp","status":"publish","type":"post","link":"https:\/\/studenckifestiwal.pl\/index.php\/2023\/10\/22\/werdykt-59-sfp\/","title":{"rendered":"WERDYKT 59.SFP"},"content":{"rendered":"<div class='booster-block booster-read-block'>\n                <div class=\"twp-read-time\">\n                \t<i class=\"booster-icon twp-clock\"><\/i> <span>Read Time:<\/span>0 Second                <\/div>\n\n            <\/div><!--themify_builder_content-->\n<div id=\"themify_builder_content-2999\" data-postid=\"2999\" class=\"themify_builder_content themify_builder_content-2999 themify_builder tf_clear\">\n                    <div  data-lazy=\"1\" class=\"module_row themify_builder_row tb_i131669 tb_first tf_w\">\n                        <div class=\"row_inner col_align_top tb_col_count_1 tf_box tf_rel\">\n                        <div  data-lazy=\"1\" class=\"module_column tb-column col-full tb_o4nf671 first\">\n                    <!-- module text -->\n<div  class=\"module module-text tb_vgsd772   \" data-lazy=\"1\">\n        <div  class=\"tb_text_wrap\">\n        <div class=\"x11i5rnm xat24cr x1mh8g0r x1vvkbs xtlvy1s x126k92a\"><div dir=\"auto\">WERDYKT.<\/div><div dir=\"auto\">&nbsp;<\/div><\/div><div class=\"x11i5rnm xat24cr x1mh8g0r x1vvkbs xtlvy1s x126k92a\"><div dir=\"auto\">59. <a class=\"x1i10hfl xjbqb8w x6umtig x1b1mbwd xaqea5y xav7gou x9f619 x1ypdohk xt0psk2 xe8uvvx xdj266r x11i5rnm xat24cr x1mh8g0r xexx8yu x4uap5 x18d9i69 xkhd6sd x16tdsg8 x1hl2dhg xggy1nq x1a2a7pz xt0b8zv x1qq9wsj xo1l8bm\" tabindex=\"0\" role=\"link\" href=\"https:\/\/www.facebook.com\/StudenckiFestiwalPiosenki?__cft__[0]=AZVdXCjxASN03qVwyRAtUbFcfpCzHCqQVg9yMAOOsyE0f1pqJuEhSR-p69DWOdIR0Ort_aEChswbWfl-uNjzfy2Q9QWkvS3juO3eYhtupLVzW6G__RrAUL6anqgJqjtA75HnNShkCwCBCuCSVwy6vYXw&amp;__tn__=-]K-R\"><span class=\"xt0psk2\">Studencki Festiwal Piosenki<\/span><\/a><\/div><\/div><div class=\"x11i5rnm xat24cr x1mh8g0r x1vvkbs xtlvy1s x126k92a\"><div dir=\"auto\">&nbsp;<\/div><div dir=\"auto\">Jury w sk\u0142adzie:<\/div><\/div><div class=\"x11i5rnm xat24cr x1mh8g0r x1vvkbs xtlvy1s x126k92a\"><div dir=\"auto\"><a class=\"x1i10hfl xjbqb8w x6umtig x1b1mbwd xaqea5y xav7gou x9f619 x1ypdohk xt0psk2 xe8uvvx xdj266r x11i5rnm xat24cr x1mh8g0r xexx8yu x4uap5 x18d9i69 xkhd6sd x16tdsg8 x1hl2dhg xggy1nq x1a2a7pz xt0b8zv x1qq9wsj xo1l8bm\" tabindex=\"0\" role=\"link\" href=\"https:\/\/www.facebook.com\/profile.php?id=1579760542&amp;__cft__[0]=AZVdXCjxASN03qVwyRAtUbFcfpCzHCqQVg9yMAOOsyE0f1pqJuEhSR-p69DWOdIR0Ort_aEChswbWfl-uNjzfy2Q9QWkvS3juO3eYhtupLVzW6G__RrAUL6anqgJqjtA75HnNShkCwCBCuCSVwy6vYXw&amp;__tn__=-]K-R\"><span class=\"xt0psk2\">Jaros\u0142aw Wasik<\/span><\/a> \u2013 przewodnicz\u0105cy<\/div><div dir=\"auto\">Ewa Kornecka<\/div><div dir=\"auto\">Ewa \u015anie\u017canka<\/div><div dir=\"auto\">Jan Poprawa<\/div><div dir=\"auto\">Piotr Metz<\/div><div dir=\"auto\">&nbsp;<\/div><\/div><div class=\"x11i5rnm xat24cr x1mh8g0r x1vvkbs xtlvy1s x126k92a\"><div dir=\"auto\">po wys\u0142uchaniu 21 wykonawc\u00f3w zakwalifikowanych do udzia\u0142u w konkursie 59. Studenckiego Festiwalu Piosenki w Krakowie postanowi\u0142o przyzna\u0107 nast\u0119puj\u0105ce nagrody:<\/div><\/div><div class=\"x11i5rnm xat24cr x1mh8g0r x1vvkbs xtlvy1s x126k92a\"><div dir=\"auto\">&nbsp;<\/div><div dir=\"auto\">I nagrod\u0119 ex aquo otrzymuj\u0105:<\/div><\/div><div class=\"x11i5rnm xat24cr x1mh8g0r x1vvkbs xtlvy1s x126k92a\"><div dir=\"auto\"><a class=\"x1i10hfl xjbqb8w x6umtig x1b1mbwd xaqea5y xav7gou x9f619 x1ypdohk xt0psk2 xe8uvvx xdj266r x11i5rnm xat24cr x1mh8g0r xexx8yu x4uap5 x18d9i69 xkhd6sd x16tdsg8 x1hl2dhg xggy1nq x1a2a7pz xt0b8zv x1qq9wsj xo1l8bm\" tabindex=\"0\" role=\"link\" href=\"https:\/\/www.facebook.com\/ingazebrowska?__cft__[0]=AZVdXCjxASN03qVwyRAtUbFcfpCzHCqQVg9yMAOOsyE0f1pqJuEhSR-p69DWOdIR0Ort_aEChswbWfl-uNjzfy2Q9QWkvS3juO3eYhtupLVzW6G__RrAUL6anqgJqjtA75HnNShkCwCBCuCSVwy6vYXw&amp;__tn__=-]K-R\"><span class=\"xt0psk2\">Inga \u017bebrowska<\/span><\/a> \u2013 1000 euro \u2013 ufundowane przez Prezydenta Miasta Krakowa<\/div><\/div><div class=\"x11i5rnm xat24cr x1mh8g0r x1vvkbs xtlvy1s x126k92a\"><div dir=\"auto\"><a class=\"x1i10hfl xjbqb8w x6umtig x1b1mbwd xaqea5y xav7gou x9f619 x1ypdohk xt0psk2 xe8uvvx xdj266r x11i5rnm xat24cr x1mh8g0r xexx8yu x4uap5 x18d9i69 xkhd6sd x16tdsg8 x1hl2dhg xggy1nq x1a2a7pz xt0b8zv x1qq9wsj xo1l8bm\" tabindex=\"0\" role=\"link\" href=\"https:\/\/www.facebook.com\/niesamowitasprawa.band?__cft__[0]=AZVdXCjxASN03qVwyRAtUbFcfpCzHCqQVg9yMAOOsyE0f1pqJuEhSR-p69DWOdIR0Ort_aEChswbWfl-uNjzfy2Q9QWkvS3juO3eYhtupLVzW6G__RrAUL6anqgJqjtA75HnNShkCwCBCuCSVwy6vYXw&amp;__tn__=-]K-R\"><span class=\"xt0psk2\">Niesamowita Sprawa<\/span><\/a> \u2013 1000 euro \u2013 ufundowane przez SAWP<\/div><\/div><div class=\"x11i5rnm xat24cr x1mh8g0r x1vvkbs xtlvy1s x126k92a\"><div dir=\"auto\">&nbsp;<\/div><div dir=\"auto\">II nagrod\u0119 otrzymuje:<\/div><\/div><div class=\"x11i5rnm xat24cr x1mh8g0r x1vvkbs xtlvy1s x126k92a\"><div dir=\"auto\"><a class=\"x1i10hfl xjbqb8w x6umtig x1b1mbwd xaqea5y xav7gou x9f619 x1ypdohk xt0psk2 xe8uvvx xdj266r x11i5rnm xat24cr x1mh8g0r xexx8yu x4uap5 x18d9i69 xkhd6sd x16tdsg8 x1hl2dhg xggy1nq x1a2a7pz xt0b8zv x1qq9wsj xo1l8bm\" tabindex=\"0\" role=\"link\" href=\"https:\/\/www.facebook.com\/milena.frej.5?__cft__[0]=AZVdXCjxASN03qVwyRAtUbFcfpCzHCqQVg9yMAOOsyE0f1pqJuEhSR-p69DWOdIR0Ort_aEChswbWfl-uNjzfy2Q9QWkvS3juO3eYhtupLVzW6G__RrAUL6anqgJqjtA75HnNShkCwCBCuCSVwy6vYXw&amp;__tn__=-]K-R\"><span class=\"xt0psk2\">Milena Frej<\/span><\/a>&#8211; koncert o warto\u015bci 4000,00 z\u0142 ufundowany przez <a class=\"x1i10hfl xjbqb8w x6umtig x1b1mbwd xaqea5y xav7gou x9f619 x1ypdohk xt0psk2 xe8uvvx xdj266r x11i5rnm xat24cr x1mh8g0r xexx8yu x4uap5 x18d9i69 xkhd6sd x16tdsg8 x1hl2dhg xggy1nq x1a2a7pz xt0b8zv x1qq9wsj xo1l8bm\" tabindex=\"0\" role=\"link\" href=\"https:\/\/www.facebook.com\/krakowskieforum?__cft__[0]=AZVdXCjxASN03qVwyRAtUbFcfpCzHCqQVg9yMAOOsyE0f1pqJuEhSR-p69DWOdIR0Ort_aEChswbWfl-uNjzfy2Q9QWkvS3juO3eYhtupLVzW6G__RrAUL6anqgJqjtA75HnNShkCwCBCuCSVwy6vYXw&amp;__tn__=-]K-R\"><span class=\"xt0psk2\">Krakowskie Forum Kultury<\/span><\/a>.<\/div><\/div><div class=\"x11i5rnm xat24cr x1mh8g0r x1vvkbs xtlvy1s x126k92a\"><div dir=\"auto\">&nbsp;<\/div><div dir=\"auto\">III nagrod\u0119 otrzymuj\u0105:<\/div><\/div><div class=\"x11i5rnm xat24cr x1mh8g0r x1vvkbs xtlvy1s x126k92a\"><div dir=\"auto\"><a class=\"x1i10hfl xjbqb8w x6umtig x1b1mbwd xaqea5y xav7gou x9f619 x1ypdohk xt0psk2 xe8uvvx xdj266r x11i5rnm xat24cr x1mh8g0r xexx8yu x4uap5 x18d9i69 xkhd6sd x16tdsg8 x1hl2dhg xggy1nq x1a2a7pz xt0b8zv x1qq9wsj xo1l8bm\" tabindex=\"0\" role=\"link\" href=\"https:\/\/www.facebook.com\/CieplePopoludnieOfficial?__cft__[0]=AZVdXCjxASN03qVwyRAtUbFcfpCzHCqQVg9yMAOOsyE0f1pqJuEhSR-p69DWOdIR0Ort_aEChswbWfl-uNjzfy2Q9QWkvS3juO3eYhtupLVzW6G__RrAUL6anqgJqjtA75HnNShkCwCBCuCSVwy6vYXw&amp;__tn__=-]K-R\"><span class=\"xt0psk2\">Ciep\u0142e Popo\u0142udnie<\/span><\/a> \u2013 1000 z\u0142<\/div><div dir=\"auto\"><a class=\"x1i10hfl xjbqb8w x6umtig x1b1mbwd xaqea5y xav7gou x9f619 x1ypdohk xt0psk2 xe8uvvx xdj266r x11i5rnm xat24cr x1mh8g0r xexx8yu x4uap5 x18d9i69 xkhd6sd x16tdsg8 x1hl2dhg xggy1nq x1a2a7pz xt0b8zv x1qq9wsj xo1l8bm\" tabindex=\"0\" role=\"link\" href=\"https:\/\/www.facebook.com\/monikakowalczykmusic?__cft__[0]=AZVdXCjxASN03qVwyRAtUbFcfpCzHCqQVg9yMAOOsyE0f1pqJuEhSR-p69DWOdIR0Ort_aEChswbWfl-uNjzfy2Q9QWkvS3juO3eYhtupLVzW6G__RrAUL6anqgJqjtA75HnNShkCwCBCuCSVwy6vYXw&amp;__tn__=-]K-R\"><span class=\"xt0psk2\">Monika Kowalczyk<\/span><\/a> \u2013 1000 z\u0142<\/div><div dir=\"auto\"><a class=\"x1i10hfl xjbqb8w x6umtig x1b1mbwd xaqea5y xav7gou x9f619 x1ypdohk xt0psk2 xe8uvvx xdj266r x11i5rnm xat24cr x1mh8g0r xexx8yu x4uap5 x18d9i69 xkhd6sd x16tdsg8 x1hl2dhg xggy1nq x1a2a7pz xt0b8zv x1qq9wsj xo1l8bm\" tabindex=\"0\" role=\"link\" href=\"https:\/\/www.facebook.com\/profile.php?id=100001301015897&amp;__cft__[0]=AZVdXCjxASN03qVwyRAtUbFcfpCzHCqQVg9yMAOOsyE0f1pqJuEhSR-p69DWOdIR0Ort_aEChswbWfl-uNjzfy2Q9QWkvS3juO3eYhtupLVzW6G__RrAUL6anqgJqjtA75HnNShkCwCBCuCSVwy6vYXw&amp;__tn__=-]K-R\"><span class=\"xt0psk2\">Iza Niedzi\u00f3\u0142ka<\/span><\/a> &#8211; sesja nagraniowa w studiu nagra\u0144 w Muzeum Polskiej Piosenki w Opolu \u2013 ufundowan\u0105 przez <a class=\"x1i10hfl xjbqb8w x6umtig x1b1mbwd xaqea5y xav7gou x9f619 x1ypdohk xt0psk2 xe8uvvx xdj266r x11i5rnm xat24cr x1mh8g0r xexx8yu x4uap5 x18d9i69 xkhd6sd x16tdsg8 x1hl2dhg xggy1nq x1a2a7pz xt0b8zv x1qq9wsj xo1l8bm\" tabindex=\"0\" role=\"link\" href=\"https:\/\/www.facebook.com\/muzeumpolskiejpiosenki?__cft__[0]=AZVdXCjxASN03qVwyRAtUbFcfpCzHCqQVg9yMAOOsyE0f1pqJuEhSR-p69DWOdIR0Ort_aEChswbWfl-uNjzfy2Q9QWkvS3juO3eYhtupLVzW6G__RrAUL6anqgJqjtA75HnNShkCwCBCuCSVwy6vYXw&amp;__tn__=-]K-R\"><span class=\"xt0psk2\">Muzeum Polskiej Piosenki w Opolu<\/span><\/a><\/div><\/div><div class=\"x11i5rnm xat24cr x1mh8g0r x1vvkbs xtlvy1s x126k92a\"><div dir=\"auto\">&nbsp;<\/div><div dir=\"auto\">Na tym protok\u00f3\u0142 zamkni\u0119to.<\/div><\/div><div class=\"x11i5rnm xat24cr x1mh8g0r x1vvkbs xtlvy1s x126k92a\"><div dir=\"auto\">GRATULUJEMY <span class=\"x3nfvp2 x1j61x8r x1fcty0u xdj266r xhhsvwb xat24cr xgzva0m xxymvpz xlup9mm x1kky2od\"><img loading=\"lazy\" decoding=\"async\" class=\"xz74otr\" src=\"https:\/\/static.xx.fbcdn.net\/images\/emoji.php\/v9\/t5b\/1.5\/16\/1f60d.png\" alt=\"\ud83d\ude0d\" width=\"16\" height=\"16\"><\/span><span class=\"x3nfvp2 x1j61x8r x1fcty0u xdj266r xhhsvwb xat24cr xgzva0m xxymvpz xlup9mm x1kky2od\"><img loading=\"lazy\" decoding=\"async\" class=\"xz74otr\" src=\"https:\/\/static.xx.fbcdn.net\/images\/emoji.php\/v9\/tc6\/1.5\/16\/1f973.png\" alt=\"\ud83e\udd73\" width=\"16\" height=\"16\"><\/span><span class=\"x3nfvp2 x1j61x8r x1fcty0u xdj266r xhhsvwb xat24cr xgzva0m xxymvpz xlup9mm x1kky2od\"><img loading=\"lazy\" decoding=\"async\" class=\"xz74otr\" src=\"https:\/\/static.xx.fbcdn.net\/images\/emoji.php\/v9\/tf3\/1.5\/16\/2764.png\" alt=\"\u2764\ufe0f\" width=\"16\" height=\"16\"><\/span><\/div><\/div>    <\/div>\n<\/div>\n<!-- \/module text -->        <\/div>\n                        <\/div>\n        <\/div>\n        <\/div>\n<!--\/themify_builder_content-->        <div class=\"booster-block booster-reactions-block\">\n            <div class=\"twp-reactions-icons\">\n                \n                <div class=\"twp-reacts-wrap\">\n                    <a react-data=\"be-react-1\" post-id=\"2999\" class=\"be-face-icons un-reacted\" href=\"javascript:void(0)\">\n                        <img decoding=\"async\" src=\"https:\/\/studenckifestiwal.pl\/wp-content\/plugins\/booster-extension\/\/assets\/icon\/happy.svg\" alt=\"Happy\">\n                    <\/a>\n                    <div class=\"twp-reaction-title\">\n                        Happy                    <\/div>\n                    <div class=\"twp-count-percent\">\n                                                    <span style=\"display: none;\" class=\"twp-react-count\">0<\/span>\n                        \n                                                <span class=\"twp-react-percent\"><span>0<\/span> %<\/span>\n                                            <\/div>\n                <\/div>\n\n                <div class=\"twp-reacts-wrap\">\n                    <a react-data=\"be-react-2\" post-id=\"2999\" class=\"be-face-icons un-reacted\" href=\"javascript:void(0)\">\n                        <img decoding=\"async\" src=\"https:\/\/studenckifestiwal.pl\/wp-content\/plugins\/booster-extension\/\/assets\/icon\/sad.svg\" alt=\"Sad\">\n                    <\/a>\n                    <div class=\"twp-reaction-title\">\n                        Sad                    <\/div>\n                    <div class=\"twp-count-percent\">\n                                                    <span style=\"display: none;\" class=\"twp-react-count\">0<\/span>\n                                                                        <span class=\"twp-react-percent\"><span>0<\/span> %<\/span>\n                                            <\/div>\n                <\/div>\n\n                <div class=\"twp-reacts-wrap\">\n                    <a react-data=\"be-react-3\" post-id=\"2999\" class=\"be-face-icons un-reacted\" href=\"javascript:void(0)\">\n                        <img decoding=\"async\" src=\"https:\/\/studenckifestiwal.pl\/wp-content\/plugins\/booster-extension\/\/assets\/icon\/excited.svg\" alt=\"Excited\">\n                    <\/a>\n                    <div class=\"twp-reaction-title\">\n                        Excited                    <\/div>\n                    <div class=\"twp-count-percent\">\n                                                    <span style=\"display: none;\" class=\"twp-react-count\">0<\/span>\n                                                                        <span class=\"twp-react-percent\"><span>0<\/span> %<\/span>\n                                            <\/div>\n                <\/div>\n\n                <div class=\"twp-reacts-wrap\">\n                    <a react-data=\"be-react-6\" post-id=\"2999\" class=\"be-face-icons un-reacted\" href=\"javascript:void(0)\">\n                        <img decoding=\"async\" src=\"https:\/\/studenckifestiwal.pl\/wp-content\/plugins\/booster-extension\/\/assets\/icon\/sleepy.svg\" alt=\"Sleepy\">\n                    <\/a>\n                    <div class=\"twp-reaction-title\">\n                        Sleepy                    <\/div>\n                    <div class=\"twp-count-percent\">\n                                                    <span style=\"display: none;\" class=\"twp-react-count\">0<\/span>\n                        \n                                                <span class=\"twp-react-percent\"><span>0<\/span> %<\/span>\n                                            <\/div>\n                <\/div>\n\n                <div class=\"twp-reacts-wrap\">\n                    <a react-data=\"be-react-4\" post-id=\"2999\" class=\"be-face-icons un-reacted\" href=\"javascript:void(0)\">\n                        <img decoding=\"async\" src=\"https:\/\/studenckifestiwal.pl\/wp-content\/plugins\/booster-extension\/\/assets\/icon\/angry.svg\" alt=\"Angry\">\n                    <\/a>\n                    <div class=\"twp-reaction-title\">Angry<\/div>\n                    <div class=\"twp-count-percent\">\n                                                    <span style=\"display: none;\" class=\"twp-react-count\">0<\/span>\n                                                                        <span class=\"twp-react-percent\"><span>0<\/span> %<\/span>\n                        \n                    <\/div>\n                <\/div>\n\n                <div class=\"twp-reacts-wrap\">\n                    <a react-data=\"be-react-5\" post-id=\"2999\" class=\"be-face-icons un-reacted\" href=\"javascript:void(0)\">\n                        <img decoding=\"async\" src=\"https:\/\/studenckifestiwal.pl\/wp-content\/plugins\/booster-extension\/\/assets\/icon\/surprise.svg\" alt=\"Surprise\">\n                    <\/a>\n                    <div class=\"twp-reaction-title\">Surprise<\/div>\n                    <div class=\"twp-count-percent\">\n                                                    <span style=\"display: none;\" class=\"twp-react-count\">0<\/span>\n                                                                        <span class=\"twp-react-percent\"><span>0<\/span> %<\/span>\n                                            <\/div>\n                <\/div>\n\n            <\/div>\n        <\/div>","protected":false},"excerpt":{"rendered":"<p>WERDYKT.&nbsp;59. Studencki Festiwal Piosenki&nbsp;Jury w sk\u0142adzie:Jaros\u0142aw Wasik \u2013 przewodnicz\u0105cyEwa KorneckaEwa \u015anie\u017cankaJan PoprawaPiotr Metz&nbsp;po wys\u0142uchaniu 21 wykonawc\u00f3w zakwalifikowanych do udzia\u0142u w<\/p>\n<p><a href=\"https:\/\/studenckifestiwal.pl\/index.php\/2023\/10\/22\/werdykt-59-sfp\/\" class=\"more-link\">Czytaj wi\u0119cej<span class=\"screen-reader-text\">WERDYKT 59.SFP<\/span><\/a><\/p>\n","protected":false},"author":1,"featured_media":3002,"comment_status":"closed","ping_status":"closed","sticky":false,"template":"","format":"standard","meta":{"ngg_post_thumbnail":0,"footnotes":""},"categories":[1],"tags":[],"class_list":["post-2999","post","type-post","status-publish","format-standard","has-post-thumbnail","hentry","category-slider"],"builder_content":"WERDYKT.&nbsp;59. <a tabindex=\"0\" role=\"link\" href=\"https:\/\/www.facebook.com\/StudenckiFestiwalPiosenki?__cft__[0]=AZVdXCjxASN03qVwyRAtUbFcfpCzHCqQVg9yMAOOsyE0f1pqJuEhSR-p69DWOdIR0Ort_aEChswbWfl-uNjzfy2Q9QWkvS3juO3eYhtupLVzW6G__RrAUL6anqgJqjtA75HnNShkCwCBCuCSVwy6vYXw&amp;__tn__=-]K-R\">Studencki Festiwal Piosenki<\/a>&nbsp;Jury w sk\u0142adzie:<a tabindex=\"0\" role=\"link\" href=\"https:\/\/www.facebook.com\/profile.php?id=1579760542&amp;__cft__[0]=AZVdXCjxASN03qVwyRAtUbFcfpCzHCqQVg9yMAOOsyE0f1pqJuEhSR-p69DWOdIR0Ort_aEChswbWfl-uNjzfy2Q9QWkvS3juO3eYhtupLVzW6G__RrAUL6anqgJqjtA75HnNShkCwCBCuCSVwy6vYXw&amp;__tn__=-]K-R\">Jaros\u0142aw Wasik<\/a> \u2013 przewodnicz\u0105cyEwa KorneckaEwa \u015anie\u017cankaJan PoprawaPiotr Metz&nbsp;po wys\u0142uchaniu 21 wykonawc\u00f3w zakwalifikowanych do udzia\u0142u w konkursie 59. Studenckiego Festiwalu Piosenki w Krakowie postanowi\u0142o przyzna\u0107 nast\u0119puj\u0105ce nagrody:&nbsp;I nagrod\u0119 ex aquo otrzymuj\u0105:<a tabindex=\"0\" role=\"link\" href=\"https:\/\/www.facebook.com\/ingazebrowska?__cft__[0]=AZVdXCjxASN03qVwyRAtUbFcfpCzHCqQVg9yMAOOsyE0f1pqJuEhSR-p69DWOdIR0Ort_aEChswbWfl-uNjzfy2Q9QWkvS3juO3eYhtupLVzW6G__RrAUL6anqgJqjtA75HnNShkCwCBCuCSVwy6vYXw&amp;__tn__=-]K-R\">Inga \u017bebrowska<\/a> \u2013 1000 euro \u2013 ufundowane przez Prezydenta Miasta Krakowa<a tabindex=\"0\" role=\"link\" href=\"https:\/\/www.facebook.com\/niesamowitasprawa.band?__cft__[0]=AZVdXCjxASN03qVwyRAtUbFcfpCzHCqQVg9yMAOOsyE0f1pqJuEhSR-p69DWOdIR0Ort_aEChswbWfl-uNjzfy2Q9QWkvS3juO3eYhtupLVzW6G__RrAUL6anqgJqjtA75HnNShkCwCBCuCSVwy6vYXw&amp;__tn__=-]K-R\">Niesamowita Sprawa<\/a> \u2013 1000 euro \u2013 ufundowane przez SAWP&nbsp;II nagrod\u0119 otrzymuje:<a tabindex=\"0\" role=\"link\" href=\"https:\/\/www.facebook.com\/milena.frej.5?__cft__[0]=AZVdXCjxASN03qVwyRAtUbFcfpCzHCqQVg9yMAOOsyE0f1pqJuEhSR-p69DWOdIR0Ort_aEChswbWfl-uNjzfy2Q9QWkvS3juO3eYhtupLVzW6G__RrAUL6anqgJqjtA75HnNShkCwCBCuCSVwy6vYXw&amp;__tn__=-]K-R\">Milena Frej<\/a>- koncert o warto\u015bci 4000,00 z\u0142 ufundowany przez <a tabindex=\"0\" role=\"link\" href=\"https:\/\/www.facebook.com\/krakowskieforum?__cft__[0]=AZVdXCjxASN03qVwyRAtUbFcfpCzHCqQVg9yMAOOsyE0f1pqJuEhSR-p69DWOdIR0Ort_aEChswbWfl-uNjzfy2Q9QWkvS3juO3eYhtupLVzW6G__RrAUL6anqgJqjtA75HnNShkCwCBCuCSVwy6vYXw&amp;__tn__=-]K-R\">Krakowskie Forum Kultury<\/a>.&nbsp;III nagrod\u0119 otrzymuj\u0105:<a tabindex=\"0\" role=\"link\" href=\"https:\/\/www.facebook.com\/CieplePopoludnieOfficial?__cft__[0]=AZVdXCjxASN03qVwyRAtUbFcfpCzHCqQVg9yMAOOsyE0f1pqJuEhSR-p69DWOdIR0Ort_aEChswbWfl-uNjzfy2Q9QWkvS3juO3eYhtupLVzW6G__RrAUL6anqgJqjtA75HnNShkCwCBCuCSVwy6vYXw&amp;__tn__=-]K-R\">Ciep\u0142e Popo\u0142udnie<\/a> \u2013 1000 z\u0142<a tabindex=\"0\" role=\"link\" href=\"https:\/\/www.facebook.com\/monikakowalczykmusic?__cft__[0]=AZVdXCjxASN03qVwyRAtUbFcfpCzHCqQVg9yMAOOsyE0f1pqJuEhSR-p69DWOdIR0Ort_aEChswbWfl-uNjzfy2Q9QWkvS3juO3eYhtupLVzW6G__RrAUL6anqgJqjtA75HnNShkCwCBCuCSVwy6vYXw&amp;__tn__=-]K-R\">Monika Kowalczyk<\/a> \u2013 1000 z\u0142<a tabindex=\"0\" role=\"link\" href=\"https:\/\/www.facebook.com\/profile.php?id=100001301015897&amp;__cft__[0]=AZVdXCjxASN03qVwyRAtUbFcfpCzHCqQVg9yMAOOsyE0f1pqJuEhSR-p69DWOdIR0Ort_aEChswbWfl-uNjzfy2Q9QWkvS3juO3eYhtupLVzW6G__RrAUL6anqgJqjtA75HnNShkCwCBCuCSVwy6vYXw&amp;__tn__=-]K-R\">Iza Niedzi\u00f3\u0142ka<\/a> - sesja nagraniowa w studiu nagra\u0144 w Muzeum Polskiej Piosenki w Opolu \u2013 ufundowan\u0105 przez <a tabindex=\"0\" role=\"link\" href=\"https:\/\/www.facebook.com\/muzeumpolskiejpiosenki?__cft__[0]=AZVdXCjxASN03qVwyRAtUbFcfpCzHCqQVg9yMAOOsyE0f1pqJuEhSR-p69DWOdIR0Ort_aEChswbWfl-uNjzfy2Q9QWkvS3juO3eYhtupLVzW6G__RrAUL6anqgJqjtA75HnNShkCwCBCuCSVwy6vYXw&amp;__tn__=-]K-R\">Muzeum Polskiej Piosenki w Opolu<\/a>&nbsp;Na tym protok\u00f3\u0142 zamkni\u0119to.GRATULUJEMY <img loading=\"lazy\" decoding=\"async\" src=\"https:\/\/static.xx.fbcdn.net\/images\/emoji.php\/v9\/t5b\/1.5\/16\/1f60d.png\" alt=\"\ud83d\ude0d\" width=\"16\" height=\"16\"><img loading=\"lazy\" decoding=\"async\" src=\"https:\/\/static.xx.fbcdn.net\/images\/emoji.php\/v9\/tc6\/1.5\/16\/1f973.png\" alt=\"\ud83e\udd73\" width=\"16\" height=\"16\"><img loading=\"lazy\" decoding=\"async\" src=\"https:\/\/static.xx.fbcdn.net\/images\/emoji.php\/v9\/tf3\/1.5\/16\/2764.png\" alt=\"\u2764\ufe0f\" width=\"16\" height=\"16\">","_links":{"self":[{"href":"https:\/\/studenckifestiwal.pl\/index.php\/wp-json\/wp\/v2\/posts\/2999","targetHints":{"allow":["GET"]}}],"collection":[{"href":"https:\/\/studenckifestiwal.pl\/index.php\/wp-json\/wp\/v2\/posts"}],"about":[{"href":"https:\/\/studenckifestiwal.pl\/index.php\/wp-json\/wp\/v2\/types\/post"}],"author":[{"embeddable":true,"href":"https:\/\/studenckifestiwal.pl\/index.php\/wp-json\/wp\/v2\/users\/1"}],"replies":[{"embeddable":true,"href":"https:\/\/studenckifestiwal.pl\/index.php\/wp-json\/wp\/v2\/comments?post=2999"}],"version-history":[{"count":1,"href":"https:\/\/studenckifestiwal.pl\/index.php\/wp-json\/wp\/v2\/posts\/2999\/revisions"}],"predecessor-version":[{"id":3003,"href":"https:\/\/studenckifestiwal.pl\/index.php\/wp-json\/wp\/v2\/posts\/2999\/revisions\/3003"}],"wp:featuredmedia":[{"embeddable":true,"href":"https:\/\/studenckifestiwal.pl\/index.php\/wp-json\/wp\/v2\/media\/3002"}],"wp:attachment":[{"href":"https:\/\/studenckifestiwal.pl\/index.php\/wp-json\/wp\/v2\/media?parent=2999"}],"wp:term":[{"taxonomy":"category","embeddable":true,"href":"https:\/\/studenckifestiwal.pl\/index.php\/wp-json\/wp\/v2\/categories?post=2999"},{"taxonomy":"post_tag","embeddable":true,"href":"https:\/\/studenckifestiwal.pl\/index.php\/wp-json\/wp\/v2\/tags?post=2999"}],"curies":[{"name":"wp","href":"https:\/\/api.w.org\/{rel}","templated":true}]}}