{"id":2964,"date":"2023-10-05T10:52:09","date_gmt":"2023-10-05T08:52:09","guid":{"rendered":"https:\/\/studenckifestiwal.pl\/?p=2964"},"modified":"2023-10-18T13:38:10","modified_gmt":"2023-10-18T11:38:10","slug":"uczestnicy-konkursu-59-sfp","status":"publish","type":"post","link":"https:\/\/studenckifestiwal.pl\/index.php\/2023\/10\/05\/uczestnicy-konkursu-59-sfp\/","title":{"rendered":"Uczestnicy Konkursu 59.SFP"},"content":{"rendered":"<div class='booster-block booster-read-block'>\n                <div class=\"twp-read-time\">\n                \t<i class=\"booster-icon twp-clock\"><\/i> <span>Read Time:<\/span>0 Second                <\/div>\n\n            <\/div><!--themify_builder_content-->\n<div id=\"themify_builder_content-2964\" data-postid=\"2964\" class=\"themify_builder_content themify_builder_content-2964 themify_builder tf_clear\">\n                    <div  data-lazy=\"1\" class=\"module_row themify_builder_row tb_5z8h14 tb_first tf_w\">\n                        <div class=\"row_inner col_align_top tb_col_count_1 tf_box tf_rel\">\n                        <div  data-lazy=\"1\" class=\"module_column tb-column col-full tb_qopd14 first\">\n                    <!-- module text -->\n<div  class=\"module module-text tb_8sik683   \" data-lazy=\"1\">\n        <div  class=\"tb_text_wrap\">\n        <p>Podczas tegorocznej edycji na scenie zaprezentuj\u0105 si\u0119 nast\u0119puj\u0105cy arty\u015bci<\/p>\n<p><strong>Patrycja Wilgos<\/strong> &#8211; ma 20 lat, mieszka w Bia\u0142opolu. Obecnie studentka II roku Akademii Muzycznej,wydzia\u0142u wokalno-aktorskiego w Krakowie. Autorka piosenek, akordeonistka, poetka oraz pisarka. &nbsp;&nbsp;W 2017 r. wyda\u0142a tomik poezji &#8222;&#8221;Po tamtej stronie lustra&#8221;&#8221;, za\u015b w roku ubieg\u0142ym &#8211; I tom powie\u015bci z cyklu &#8222;Radymentia&#8221; &#8211; &#8222;Kryszta\u0142 mocy&#8221;. Od najm\u0142odszych lat wyst\u0119puje na scenie. W Krakowie jest cz\u0142onkini\u0105 grupy teatralno-muzycznej &#8222;&#8221;Chawira&#8221;&#8221; koncertuj\u0105cej na scenach ca\u0142ej Polski. W 2022 r. podj\u0119\u0142a wsp\u00f3\u0142prac\u0119 z teatrem &#8222;In Vitro&#8221;, gdzie wsp\u00f3\u0142tworzy\u0142a opraw\u0119 muzyczn\u0105 w spektaklu pt. &#8222;Ryngraf&#8221; w re\u017cyserii \u0141ukasza Witta-Micha\u0142owskiego. Ma na swoim koncie debiut w Piwnicy pod Baranami. Patrycja od wielu lat bierze r\u00f3wnie\u017c udzia\u0142 w licznych koncertach charytatywnych, zawsze ch\u0119tnie s\u0142u\u017c\u0105c ludziom chorym oraz potrzebuj\u0105cym pomocy.&#8221;<\/p>\n<p><strong>Kornelia \u201eNELA\u201d Wodka<\/strong> &#8211; nastolatka z burz\u0105 lok\u00f3w bujaj\u0105ca w ob\u0142okach przemyskiego nieba. Gra na skrzypcach i fortepianie. Uwielbia podr\u00f3\u017ce, musicale i sushi z mas\u0142em orzechowym. Swoje sceniczne obycie doskonali na deskach rzeszowskiej \u201eSiemaszki\u201d udzia\u0142em w spektaklu \u201eSkrzypek na dachu\u201d. Jej motto: \u201eNormal is borring\u201d wpisuje we wszystko co stara si\u0119 w \u017cyciu robi\u0107.&#8221;<\/p>\n<p><strong>Monika Kowalczyk<\/strong> &#8211; wokalistka, autorka teksto\u0301w, kompozytorka. Laureatka festiwali muzycznych, koncertuj\u0105ca w ca\u0142ej Polsce. Od 2015 r. tworzy w nurcie singer-songwriter i popu alternatywnego z polskim tekstem. W 2017 r. premier\u0119 mia\u0142a jej debiutancka p\u0142yta (EP); od tamtego czasu \u015bwiat\u0142o dzienne ujrza\u0142o te\u017c kilka singli, wydanych we wsp\u00f3\u0142pracy z wytw\u00f3rni\u0105 MTJ.&#8221;<\/p>\n<p><strong>Inga \u017bebrowska<\/strong> &#8211; mam 23 lata. Mieszkam w Warszawie. Moimi najwi\u0119kszymi pasjami s\u0105 \u015bpiew i aktorstwo.<\/p>\n<p><strong>Niesamowita Sprawa<\/strong> &#8211; powsta\u0142a kilka lat temu jako spontaniczny duet uliczny wykonuj\u0105cy autorskie piosenki Iskry na rynkach i deptakach Poznania. W zamy\u015ble jednorazowy wyg\u0142up spotka\u0142 si\u0119 z bardzo przychylnym odbiorem w\u015br\u00f3d przypadkowych przechodni\u00f3w, szybko pojawi\u0142y si\u0119 propozycje wyst\u0119p\u00f3w w knajpach i lokalnych festiwalach, co zmotywowa\u0142o zesp\u00f3\u0142 do kontynuowania i rozwoju dzia\u0142alno\u015bci. Stopniowo sk\u0142ad grupy powi\u0119ksza\u0142 si\u0119 i zmienia\u0142 ostatecznie przyjmuj\u0105c posta\u0107 kwintetu opartego na brzmieniu kontrabasu, gitary akustycznej, mandoliny, skrzypiec i zestawu perkusyjnego. Aran\u017cacje piosenek sta\u0142y si\u0119 bogatsze i bardziej dynamiczne, ale wci\u0105\u017c rdzeniem koncepcji jest akustyczna prostota muzyki ulicznej. W ci\u0105gu kilku lat dzia\u0142alno\u015bci zesp\u00f3\u0142 zagra\u0142 setki koncert\u00f3w w przer\u00f3\u017cnych miejscach, od punkowych squot\u00f3w, przez knajpy i kluby po wyst\u0119py na du\u017cych scenach. Niesamowita Sprawa najlepiej sprawdza si\u0119 w bezpo\u015brednim kontakcie z publiczno\u015bci\u0105. W trakcie \u017cywio\u0142owych koncert\u00f3w, kt\u00f3re potrafi\u0105 trwa\u0107 nawet trzy godziny, publiczno\u015b\u0107 wci\u0105gana jest do wsp\u00f3lnej zabawy mi.incharakterystycznym za\u015bpiewem &#8222;&#8221;Fararaj&#8221;&#8221;. Nie zesp\u00f3\u0142 robi koncert, lecz publiczno\u015b\u0107 &#8211; tym mottem grupa opisuje swoj\u0105 wizj\u0119 wyst\u0119p\u00f3w na \u017cywo. Do tej pory zesp\u00f3\u0142 wyda\u0142 we w\u0142asnym zakresie EP &#8222;&#8221;Fararaj&#8221;&#8221;, oraz opublikowa\u0142 w kana\u0142ach streamingowych zapis koncertu &#8222;&#8221;W koncertowym studio Radia Afera&#8221;&#8221;.&#8221;<\/p>\n<p><strong>Kuba Folwarczny<\/strong> &#8211; zesp\u00f3\u0142 graj\u0105cy w sk\u0142adzie &#8211; Kuba Folwarczny ( gitara, wokal), Szymon Dziwisz (perkusja), Grzegorz Czech (gitara basowa), Adrian Steczko ( instrumenty klawiszowe) powsta\u0142 w 2022 roku w Krakowie. Latem nagrane zosta\u0142y dwa single &#8211; &#8222;&#8221;Czy&#8221;&#8221; i &#8222;&#8221;Deszcz&#8221;&#8221;. Utw\u00f3r \u201eCzy\u201d trzykrotnie znalaz\u0142 si\u0119 w pierwszej dziesi\u0105tce audycji &#8222;&#8221;B\u0119dzie G\u0142o\u015bno&#8221;&#8221; programu \u201eCzw\u00f3rka\u201d Polskiego Radia. W marcu 2023 roku zesp\u00f3\u0142 wygra\u0142 fina\u0142 31 edycji Zimowej Gie\u0142dy Piosenki w Opolu.&#8221;<\/p>\n<p><strong>Milena Frej<\/strong> &#8211; Jestem studentk\u0105 pierwszego roku prawa. Reprezentuje Kwidzy\u0144skie Centrum Kultury. Uwielbiam bawi\u0107 si\u0119 gatunkiem poezji \u015bpiewanej i prze\u0142amywa\u0107 stereotypy z nim zwi\u0105zane&#8221;<\/p>\n<p><strong>kilka czu\u0142o\u015bci<\/strong> &#8211; to zesp\u00f3\u0142 debiutuj\u0105cy na polskiej scenie muzycznej, kt\u00f3ry za\u0142o\u017cy\u0142a wokalistka i songwriterka, Anna Kami\u0144ska. Ich utwory to indie-folkowa podr\u00f3\u017c poprzez wielobarwne emocje, podczas kt\u00f3rej us\u0142ysze\u0107 mo\u017cna r\u00f3wnie\u017c wp\u0142ywy bluesa, popu, rocka, jazzu, czy piosenki poetyckiej. Zesp\u00f3\u0142 swoj\u0105 debiutanck\u0105 p\u0142yt\u0119 &#8222;&#8221;MI\u0118TA&#8221;&#8221; wyda\u0142 29.06.2022 roku za po\u015brednictwem Agora Digital Music, aktualnie muzycy pracuj\u0105 nad drugim albumem, kt\u00f3ry zabierze nas ku nowym, tym razem lawendowym opowie\u015bciom.<\/p>\n<p><strong>Zesp\u00f3\u0142 kilka czu\u0142o\u015bci<\/strong> &#8211; zosta\u0142 wyr\u00f3\u017cniony na wielu konkursach i festiwalach m.in. I miejsce na Festiwalu im. Piotra Skrzyneckiego w Mi\u0144sku Mazowieckim, I miejsce na Mi\u0119dzynarodowym Festiwalu Piosenki Szlakiem Bard\u00f3w w Warszawie, dwa I miejsca na Og\u00f3lnopolskiej Turystycznej Gie\u0142dzie Piosenki Studenckiej ( w kategorii &#8222;&#8221;Najlepszy Wykonawca&#8221;&#8221; oraz &#8222;&#8221;Najlepsza Piosenka&#8221;&#8221;), III miejsce na Festiwalu Piosenki Artystycznej &#8222;&#8221;Koniugacje&#8221;&#8221; w Rawiczu. Zagrali podczas Festiwalu Kocham Ci\u0119 w Kluczborku czy Festiwalu Film\u00f3w Komediowych w Lubomierzu. Wyst\u0105pili r\u00f3wnie\u017c w Piwnicy pod Baranami w Krakowie oraz na jednej scenie z Jerzym Filarem w Trzech Jeziorach.&#8221;<\/p>\n<p><strong>Kacper Bator<\/strong> &#8211; student wydzia\u0142u Jazzu i Muzyki Rozrywkowej Akademii Muzycznej im. Karola Szymanowskiego w Katowicach, wokalista, instrumentalista, kompozytor i autor tekst\u00f3w. \u015apiewa\u0142 u boku Gra\u017cyny \u0141obaszewskiej, Mietka Szcze\u015bniaka, Anny Gadt, Roberta Janowskiego, Andrzeja Lamperta, Karoliny Leszko, Justyny Steczkowskiej, Kasi Mo\u015b, Sary James i wielu innych artyst\u00f3w. Na swoim koncie ma takie osi\u0105gni\u0119cia, jak Grand Prix w Konkursie ,,\u015apiewaj Razem z Nami\u2019\u2019, I miejsce na Festiwalu Kol\u0119d i Pastora\u0142ek w Krakowie, I miejsce w konkursie ,,Piosenka w Meloniku\u2019\u2019, nagroda jury w konkursie polskiej piosenki lat 60. i 70. ,,Powr\u00f3\u0107my do pi\u0119kna w s\u0142owie i muzyce\u2019\u2019 w Wyszkowie, udzia\u0142 w cyklu koncert\u00f3w ,,Skarby Nie Chodz\u0105 Piechot\u0105\u2019\u2019 oraz ,,Legenda o \u017bo\u0142nierzu Polskim\u2019\u2019, a tak\u017ce w koncercie ,,Betlejem w Polsce\u2019\u2019, w koncercie z towarzyszeniem orkiestry Adama Sztaby w Jastrz\u0119biu-Zdr\u00f3j oraz z orkiestr\u0105 symfoniczn\u0105 Filharmonii Sudeckiej. Kacper pracuje nad wydaniem swojej autorskiej p\u0142yty.<\/p>\n<p><strong>ATAWIZM<\/strong> &#8211; to muzyczny duet, kt\u00f3ry tworz\u0105 wokalistka i gitarzystka Zosia \u015acigaj oraz perkusista Mateusz Kami\u0144ski. Zesp\u00f3\u0142 wykonuje piosenki, kt\u00f3rych autork\u0105 jest Zosia \u015acigaj, natomiast aran\u017c powstaje podczas wsp\u00f3lnej pracy. W muzyce przede wszystkim szukaj\u0105 prawdy o ludziach i \u015bwiecie, st\u0105d cz\u0119ste nawi\u0105zania do spraw spo\u0142ecznych, ale r\u00f3wnie\u017c do literatury i malarstwa. Dla cz\u0142onk\u00f3w zespo\u0142u s\u0142owo Atawizm jest symbolem wa\u017cnych warto\u015bci, kt\u00f3re powoli znikaj\u0105 z \u017cycia spo\u0142ecznego. Nie chc\u0105 klasyfikowa\u0107 si\u0119 w jednym, konkretnym stylu. Muzyk\u0119 kieruj\u0105 do odbiorc\u00f3w i staraj\u0105 si\u0119, \u017ceby odbiorca odnalaz\u0142 w niej echa r\u00f3\u017cnych gatunk\u00f3w.<\/p>\n<p>ATAWIZM bra\u0142 udzia\u0142 w przegl\u0105dach, najwa\u017cniejsze nagrody i wyr\u00f3\u017cnienia: Festiwal Kultury Ekologicznej EKO-J\u00d3ZEF\u00d3W 2023<\/p>\n<ul>\n<li>I miejsce w konkursie piosenki 51 Og\u00f3lnopolski Turystyczny Przegl\u0105d Piosenki Studenckiej \u201eBAZUNA\u201d 2023<\/li>\n<li>PIOSENKA &#8211; LAUREATKA za utw\u00f3r ,,Parasolka&#8221;&#8221;<\/li>\n<li>NAGRODA SPECJALNA im. Jacka i Janka Stefa\u0144skich<\/li>\n<li>NAGRODA SPECJALNA Fundacji \u201eSopockie Korzenie Rocka\u201d za wyraz rockowy &#8211; \u015bwiadomy kontrast mi\u0119dzy g\u0142osem wokalistki a rockow\u0105 aran\u017cacj\u0105<\/li>\n<\/ul>\n<ul>\n<li>NAGRODA SPECJALNA Miesi\u0119cznika \u201eCogito\u201d za poetyck\u0105 wyobra\u017ani\u0119 i niepowtarzalny klimat.<\/li>\n<li>Zosia \u015acigaj zosta\u0142a wyr\u00f3\u017cniona za ,,kunszt instrumentalny w grze na gitarze elektrycznej i inwencj\u0119 brzmieniow\u0105&#8221;&#8221; 55 OTGPS Szklarska Por\u0119ba 2022<\/li>\n<\/ul>\n<ul>\n<li>III miejsce w kategorii najlepsza piosenka dla utworu \u201eNoc\u201d;<\/li>\n<li>III miejsce w kategorii najlepszy wykonawca; XXXVI Og\u00f3lnopolski Festiwal Piosenki Studenckiej i Turystycznej \u201eBakcynalia\u201d 2022<\/li>\n<li>Nagroda za najlepsz\u0105 interpretacj\u0119 piosenki zespo\u0142u \u201eW\u0105tli Ko\u0142odzieje\u201d.<\/li>\n<\/ul>\n<p>Laureaci konkursu \u201eWygrajTo\u201d 2022 w Zielonej G\u00f3rze Udzia\u0142 w p\u00f3\u0142finale AntyFest AntyRadia 2021&#8243;<\/p>\n<p><strong>Sargis Davtyan<\/strong> &#8211; 21 Lat. Z pochodzenia Ormianin w Polsce mieszkam od 19 lat. Zwyci\u0119zca 56KFPP w Opolu w konkursie Debiuty &#8211; nagroda im. Anny Jantar. Student wokalistyki estradowej Akademii muzycznej im. Karola Szymanowskiego w Katowicach w klasie Mieczys\u0142awa Szcze\u015bniaka. Autor tekst\u00f3w i kompozytor. Jestem w trakcie pisania i nagrywania mojej debiutanckiej autorskiej p\u0142yty. Zosta\u0142em nominowany do festiwalu podczas 27 OFPA w Rybniku.&#8221;<\/p>\n<p><strong>Suma Pragnie\u0144<\/strong> &#8211; to lubelski projekt muzyczny, oparty na autorskich utworach osadzonych w klimacie akustycznego folk-rocka. Jeste\u015bmy zespo\u0142em, kt\u00f3ry ceni sobie autentyczno\u015b\u0107 i szczero\u015b\u0107 w muzyce. Wierzymy w to, \u017ce nasze piosenki s\u0105 w stanie zainspirowa\u0107 s\u0142uchaczy do bycia lepszymi \u2013 bardziej czu\u0142ymi, odwa\u017cnymi i wolnymi.&#8221;&#8221; Chocia\u017c zesp\u00f3\u0142 swoj\u0105 dzia\u0142alno\u015b\u0107 rozpocz\u0105\u0142 latem 2022 roku, to w swoim dorobku artystycznym ma ju\u017c: Nagranie debiutanckiej p\u0142yty w Radiu Lublin, w ramach projektu &#8222;&#8221;Studio Lublin&#8221;&#8221;. Tytu\u0142 laureata festiwali piosenki autorskiej m.in. Bakcynalia, Przy Kominku, Koncertownia Poetycka Radzy\u0144, Bazuna, Og\u00f3lnopolska Gie\u0142da Piosenki w Szklarskiej Por\u0119bie, Ekofestiwal J\u00f3zef\u00f3w.&#8221;<\/p>\n<p><strong>Iza Niedzi\u00f3\u0142ka<\/strong> &#8211; uwielbiam s\u0142ucha\u0107 i tworzy\u0107 m\u0105dr\u0105 muzyk\u0119, cho\u0107 na co dzie\u0144 wyst\u0119puj\u0119 w roli trenera medycznego i instruktora fitness oraz dietetyka. Poezja \u015bpiewana towarzyszy mi od czas\u00f3w gimnazjalnych, dzi\u0119ki panu Ma\u0107kowi Turkowskiemu. A ja powoli, od niedawna &#8211; stawiam swoje pierwsze kroki z ukulele i w\u0142asn\u0105 muzyk\u0105.<\/p>\n<p><strong>Magdalena Sa\u0142amacha<\/strong> &#8211; urodzona w Zamo\u015bciu wokalistka, skrzypaczka, autorka tekst\u00f3w i muzyki. Absolwentka Pa\u0144stwowej Szko\u0142y Muzycznej I i II st. im. Karola Szymanowskiego w Zamo\u015bciu oraz Wydzia\u0142u Jazzu i Muzyki Estradowej Akademii Muzycznej im. Gra\u017cyny i Kiejstuta Bacewicz\u00f3w w \u0141odzi. Czynnie dzia\u0142aj\u0105cy muzyk koncertuj\u0105cy w kraju i Europie, szczeg\u00f3lnie zwi\u0105zana z lubelsk\u0105 scen\u0105 muzyczn\u0105. Laureatka konkurs\u00f3w mi\u0119dzynarodowych oraz uczestniczka licznych festiwali. Bra\u0142a udzia\u0142 w wielu renomowanych warsztatach wokalnych prowadzonych przez wybitnej klasy specjalist\u00f3w w dziedzinie emisji g\u0142osu oraz \u015bpiewu.<\/p>\n<p><strong>alstromerie<\/strong> &#8211; to cztery studentki Akademii Muzycznej w Katowicach. \u0141\u0105czy nas mi\u0142o\u015b\u0107 do muzyki, ale i do samych siebie. Nazwa zespo\u0142u alstromerie to kwiaty, kt\u00f3re symbolizuj\u0105 przyja\u017a\u0144.&#8221;<\/p>\n<p><strong>Hanna Ciupak<\/strong> &#8211; jestem studentk\u0105 I wydzia\u0142u wroc\u0142awskiej akademii muzycznej we Wroc\u0142awiu na kierunku kompozycja oraz uczennic\u0105 Pa\u0144stwowej Szko\u0142y Muzycznej II Stopnia im. Ryszarda Bukowskiego we Wroc\u0142awiu na kierunku rytmika. Komponuj\u0119 muzyk\u0119 w stylu filmowym i wsp\u00f3\u0142czesnym. Poza muzyk\u0105 klasyczna interesuj\u0119 si\u0119 poezj\u0105 \u015bpiewan\u0105, piosenk\u0105 artystyczn\u0105, jazzem. Pracuj\u0119 nad w\u0142asnymi utworami pisz\u0105c w\u0142asne teksty i muzyk\u0119. Moim ostatnim osi\u0105gnieciem jest zdobycie I nagrody podczas Sopockiego etapu Festiwalu Pami\u0119tajmy o Osieckiej&#8221;<\/p>\n<p><strong>Ciep\u0142e Popo\u0142udnie<\/strong> &#8211; za\u0142o\u017cy\u0142a dw\u00f3jka przyjaci\u00f3\u0142 z dzieci\u0144stwa: Ola Dzier\u017cawska i Pawe\u0142 Kami\u0144ski; pisz\u0105 i komponuj\u0105 piosenki sentymentalno-humorystyczne, na pograniczu bluesa, jazzu i poezji \u015bpiewanej. Du\u017co w nich natury, mi\u0142o\u015bci i wzrusze\u0144 &#8211; kt\u00f3re staraj\u0105 si\u0119 czyni\u0107 zrozumia\u0142ymi dla odbiorc\u00f3w rozmaitych pokole\u0144<\/p>\n<p><strong>Filip Mizia<\/strong> &#8211; wokalista, producent muzyczny, lektor oraz psycholog z wykszta\u0142cenia. Uko\u0144czy\u0142 studia magisterskie i jest absolwentem Uniwersytetu Wroc\u0142awskiego.Jego muzyk\u0119 us\u0142yszycie w radiostacjach og\u00f3lnopolskich i na playlistach serwis\u00f3w streamingowych.\u2018\u2019Muzyka jest jednym z najpot\u0119\u017cniejszych narz\u0119dzi komunikacji i moim sposobem na prowokowanie refleksji, dzielenia si\u0119 dobr\u0105 energi\u0105 i dok\u0142adania cegie\u0142ki do rzeczywisto\u015bci\u2019\u2019.Regularnie anga\u017cuje si\u0119 w inicjatywy, kt\u00f3re przynosz\u0105 zmiany na lepsze. Jego utw\u00f3r ,,Pije do Lustra&#8221; sta\u0142 si\u0119 kluczem i prowokacj\u0105 muzyczn\u0105 Kampanii Spo\u0142ecznej LUSTRA, utworzonej przez fundacj\u0119 Ogrody Edukacyjne i obj\u0119tej patronatem Marsza\u0142ka Wojew\u00f3dztwa Dolno\u015bl\u0105skiego &#8211; Cezarego Przybylskiego. Napisa\u0142 r\u00f3wnie\u017c muzyk\u0119 i wyprodukowa\u0142 teledysk dla mi\u0119dzynarodowego projektu ELLIPSE, kt\u00f3ry na podstawie grantu wsp\u00f3\u0142finansowanego przez Uni\u0119 Europejsk\u0105 zaj\u0105\u0142 si\u0119 prewencj\u0105 samob\u00f3jstw po\u015br\u00f3d student\u00f3w w Europie.Na codzie\u0144 rozwija karier\u0119 solow\u0105 jako Filip Mizia; komponuje utwory, gra koncerty i produkuje muzyk\u0119. Pracuje r\u00f3wnie\u017c jako t\u0142umacz polsko-angielsko-szwedzki, konferansjer oraz lektor wsp\u00f3\u0142pracuj\u0105cy m.in. z Radiem Wroc\u0142aw.<\/p>\n<p><strong>Karolina Szatkowska<\/strong> \u2013 tworzy, gra na fortepianie i \u015bpiewa. Jej muzyka dzia\u0142a koj\u0105co na Cia\u0142o, Umys\u0142 i Dusz\u0119. W tw\u00f3rczo\u015bci najbardziej ceni minimalizm, prostot\u0119 i autentyczno\u015b\u0107. Na tegorocznym Festiwalu Piosenki Studenckiej zaprezentuje sie w \u017ce\u0144skim trio.<\/p>\n<p><strong>Szpetni <\/strong>&#8211; to projekt artystyczny wokalisty Dawida Mika i pianisty Filipa Kota, dzia\u0142aj\u0105cy na pograniczu piosenki literackiej, poezji \u015bpiewanej i aktorskiej interpretacji piosenki. Pomimo m\u0142odego wieku, tworz\u0105 niepowtarzalny styl interpretacji, kt\u00f3ry intryguje zar\u00f3wno publiczno\u015b\u0107 jak i krytyk\u0119, i nie pozwala pozosta\u0107 oboj\u0119tnym, na to co dzieje si\u0119 na scenie. Otrzymali ponad 100. nagr\u00f3d na og\u00f3lnopolskich festiwalach i konkursach, m.in.: dwukrotnie I. nagrody na 66. i 67. Og\u00f3lnopolskim Konkursie Recytatorskim w Turnieju Poezji \u015apiewanej we W\u0142oc\u0142awku (2021, 2022). Wsp\u00f3\u0142tworz\u0105 kameralny, studencki teatr literacki \u2013 Najmniejsz\u0105 Scen\u0119 \u015awiata.<\/p>\n<p><strong>Monika Adamiec <\/strong>&#8211; pie\u015bniarka, aktorka, re\u017cyserka, pedagog. Laureatka wielu og\u00f3lnopolskich nagr\u00f3d teatralnych, muzycznych i wokalnych.<\/p>\n<p><strong>Kubicka Steczek Ku\u015b Trio<\/strong> &#8211; zesp\u00f3\u0142 tworz\u0105 absolwenci\/uczniowie sekcji jazzu PSM II st. im. M. Kar\u0142owicza w Katowicach. Tworz\u0105 autorski materia\u0142 &#8211; zar\u00f3wno tekst jak i muzyk\u0119, w stylistyce jazzowej\/ jazz fusion.<\/p>\n<p>&nbsp;<\/p>\n<p>&nbsp;<\/p>\n<p>&nbsp;<\/p>\n<p>&nbsp;<\/p>\n<p>&nbsp;<\/p>\n<p>&nbsp;<\/p>    <\/div>\n<\/div>\n<!-- \/module text -->        <\/div>\n                        <\/div>\n        <\/div>\n        <\/div>\n<!--\/themify_builder_content-->        <div class=\"booster-block booster-reactions-block\">\n            <div class=\"twp-reactions-icons\">\n                \n                <div class=\"twp-reacts-wrap\">\n                    <a react-data=\"be-react-1\" post-id=\"2964\" class=\"be-face-icons un-reacted\" href=\"javascript:void(0)\">\n                        <img decoding=\"async\" src=\"https:\/\/studenckifestiwal.pl\/wp-content\/plugins\/booster-extension\/\/assets\/icon\/happy.svg\" alt=\"Happy\">\n                    <\/a>\n                    <div class=\"twp-reaction-title\">\n                        Happy                    <\/div>\n                    <div class=\"twp-count-percent\">\n                                                    <span style=\"display: none;\" class=\"twp-react-count\">0<\/span>\n                        \n                                                <span class=\"twp-react-percent\"><span>0<\/span> %<\/span>\n                                            <\/div>\n                <\/div>\n\n                <div class=\"twp-reacts-wrap\">\n                    <a react-data=\"be-react-2\" post-id=\"2964\" class=\"be-face-icons un-reacted\" href=\"javascript:void(0)\">\n                        <img decoding=\"async\" src=\"https:\/\/studenckifestiwal.pl\/wp-content\/plugins\/booster-extension\/\/assets\/icon\/sad.svg\" alt=\"Sad\">\n                    <\/a>\n                    <div class=\"twp-reaction-title\">\n                        Sad                    <\/div>\n                    <div class=\"twp-count-percent\">\n                                                    <span style=\"display: none;\" class=\"twp-react-count\">0<\/span>\n                                                                        <span class=\"twp-react-percent\"><span>0<\/span> %<\/span>\n                                            <\/div>\n                <\/div>\n\n                <div class=\"twp-reacts-wrap\">\n                    <a react-data=\"be-react-3\" post-id=\"2964\" class=\"be-face-icons un-reacted\" href=\"javascript:void(0)\">\n                        <img decoding=\"async\" src=\"https:\/\/studenckifestiwal.pl\/wp-content\/plugins\/booster-extension\/\/assets\/icon\/excited.svg\" alt=\"Excited\">\n                    <\/a>\n                    <div class=\"twp-reaction-title\">\n                        Excited                    <\/div>\n                    <div class=\"twp-count-percent\">\n                                                    <span style=\"display: none;\" class=\"twp-react-count\">0<\/span>\n                                                                        <span class=\"twp-react-percent\"><span>0<\/span> %<\/span>\n                                            <\/div>\n                <\/div>\n\n                <div class=\"twp-reacts-wrap\">\n                    <a react-data=\"be-react-6\" post-id=\"2964\" class=\"be-face-icons un-reacted\" href=\"javascript:void(0)\">\n                        <img decoding=\"async\" src=\"https:\/\/studenckifestiwal.pl\/wp-content\/plugins\/booster-extension\/\/assets\/icon\/sleepy.svg\" alt=\"Sleepy\">\n                    <\/a>\n                    <div class=\"twp-reaction-title\">\n                        Sleepy                    <\/div>\n                    <div class=\"twp-count-percent\">\n                                                    <span style=\"display: none;\" class=\"twp-react-count\">0<\/span>\n                        \n                                                <span class=\"twp-react-percent\"><span>0<\/span> %<\/span>\n                                            <\/div>\n                <\/div>\n\n                <div class=\"twp-reacts-wrap\">\n                    <a react-data=\"be-react-4\" post-id=\"2964\" class=\"be-face-icons un-reacted\" href=\"javascript:void(0)\">\n                        <img decoding=\"async\" src=\"https:\/\/studenckifestiwal.pl\/wp-content\/plugins\/booster-extension\/\/assets\/icon\/angry.svg\" alt=\"Angry\">\n                    <\/a>\n                    <div class=\"twp-reaction-title\">Angry<\/div>\n                    <div class=\"twp-count-percent\">\n                                                    <span style=\"display: none;\" class=\"twp-react-count\">0<\/span>\n                                                                        <span class=\"twp-react-percent\"><span>0<\/span> %<\/span>\n                        \n                    <\/div>\n                <\/div>\n\n                <div class=\"twp-reacts-wrap\">\n                    <a react-data=\"be-react-5\" post-id=\"2964\" class=\"be-face-icons un-reacted\" href=\"javascript:void(0)\">\n                        <img decoding=\"async\" src=\"https:\/\/studenckifestiwal.pl\/wp-content\/plugins\/booster-extension\/\/assets\/icon\/surprise.svg\" alt=\"Surprise\">\n                    <\/a>\n                    <div class=\"twp-reaction-title\">Surprise<\/div>\n                    <div class=\"twp-count-percent\">\n                                                    <span style=\"display: none;\" class=\"twp-react-count\">0<\/span>\n                                                                        <span class=\"twp-react-percent\"><span>0<\/span> %<\/span>\n                                            <\/div>\n                <\/div>\n\n            <\/div>\n        <\/div>","protected":false},"excerpt":{"rendered":"<p>Podczas tegorocznej edycji na scenie zaprezentuj\u0105 si\u0119 nast\u0119puj\u0105cy arty\u015bci Patrycja Wilgos &#8211; ma 20 lat, mieszka w Bia\u0142opolu. Obecnie studentka<\/p>\n<p><a href=\"https:\/\/studenckifestiwal.pl\/index.php\/2023\/10\/05\/uczestnicy-konkursu-59-sfp\/\" class=\"more-link\">Czytaj wi\u0119cej<span class=\"screen-reader-text\">Uczestnicy Konkursu 59.SFP<\/span><\/a><\/p>\n","protected":false},"author":1,"featured_media":2949,"comment_status":"closed","ping_status":"closed","sticky":false,"template":"","format":"standard","meta":{"ngg_post_thumbnail":0,"footnotes":""},"categories":[1],"tags":[],"class_list":["post-2964","post","type-post","status-publish","format-standard","has-post-thumbnail","hentry","category-slider"],"builder_content":"<p>Podczas tegorocznej edycji na scenie zaprezentuj\u0105 si\u0119 nast\u0119puj\u0105cy arty\u015bci<\/p> <p><strong>Patrycja Wilgos<\/strong> - ma 20 lat, mieszka w Bia\u0142opolu. Obecnie studentka II roku Akademii Muzycznej,wydzia\u0142u wokalno-aktorskiego w Krakowie. Autorka piosenek, akordeonistka, poetka oraz pisarka. &nbsp;&nbsp;W 2017 r. wyda\u0142a tomik poezji \"\"Po tamtej stronie lustra\"\", za\u015b w roku ubieg\u0142ym - I tom powie\u015bci z cyklu \"Radymentia\" - \"Kryszta\u0142 mocy\". Od najm\u0142odszych lat wyst\u0119puje na scenie. W Krakowie jest cz\u0142onkini\u0105 grupy teatralno-muzycznej \"\"Chawira\"\" koncertuj\u0105cej na scenach ca\u0142ej Polski. W 2022 r. podj\u0119\u0142a wsp\u00f3\u0142prac\u0119 z teatrem \"In Vitro\", gdzie wsp\u00f3\u0142tworzy\u0142a opraw\u0119 muzyczn\u0105 w spektaklu pt. \"Ryngraf\" w re\u017cyserii \u0141ukasza Witta-Micha\u0142owskiego. Ma na swoim koncie debiut w Piwnicy pod Baranami. Patrycja od wielu lat bierze r\u00f3wnie\u017c udzia\u0142 w licznych koncertach charytatywnych, zawsze ch\u0119tnie s\u0142u\u017c\u0105c ludziom chorym oraz potrzebuj\u0105cym pomocy.\"<\/p> <p><strong>Kornelia \u201eNELA\u201d Wodka<\/strong> - nastolatka z burz\u0105 lok\u00f3w bujaj\u0105ca w ob\u0142okach przemyskiego nieba. Gra na skrzypcach i fortepianie. Uwielbia podr\u00f3\u017ce, musicale i sushi z mas\u0142em orzechowym. Swoje sceniczne obycie doskonali na deskach rzeszowskiej \u201eSiemaszki\u201d udzia\u0142em w spektaklu \u201eSkrzypek na dachu\u201d. Jej motto: \u201eNormal is borring\u201d wpisuje we wszystko co stara si\u0119 w \u017cyciu robi\u0107.\"<\/p> <p><strong>Monika Kowalczyk<\/strong> - wokalistka, autorka teksto\u0301w, kompozytorka. Laureatka festiwali muzycznych, koncertuj\u0105ca w ca\u0142ej Polsce. Od 2015 r. tworzy w nurcie singer-songwriter i popu alternatywnego z polskim tekstem. W 2017 r. premier\u0119 mia\u0142a jej debiutancka p\u0142yta (EP); od tamtego czasu \u015bwiat\u0142o dzienne ujrza\u0142o te\u017c kilka singli, wydanych we wsp\u00f3\u0142pracy z wytw\u00f3rni\u0105 MTJ.\"<\/p> <p><strong>Inga \u017bebrowska<\/strong> - mam 23 lata. Mieszkam w Warszawie. Moimi najwi\u0119kszymi pasjami s\u0105 \u015bpiew i aktorstwo.<\/p> <p><strong>Niesamowita Sprawa<\/strong> - powsta\u0142a kilka lat temu jako spontaniczny duet uliczny wykonuj\u0105cy autorskie piosenki Iskry na rynkach i deptakach Poznania. W zamy\u015ble jednorazowy wyg\u0142up spotka\u0142 si\u0119 z bardzo przychylnym odbiorem w\u015br\u00f3d przypadkowych przechodni\u00f3w, szybko pojawi\u0142y si\u0119 propozycje wyst\u0119p\u00f3w w knajpach i lokalnych festiwalach, co zmotywowa\u0142o zesp\u00f3\u0142 do kontynuowania i rozwoju dzia\u0142alno\u015bci. Stopniowo sk\u0142ad grupy powi\u0119ksza\u0142 si\u0119 i zmienia\u0142 ostatecznie przyjmuj\u0105c posta\u0107 kwintetu opartego na brzmieniu kontrabasu, gitary akustycznej, mandoliny, skrzypiec i zestawu perkusyjnego. Aran\u017cacje piosenek sta\u0142y si\u0119 bogatsze i bardziej dynamiczne, ale wci\u0105\u017c rdzeniem koncepcji jest akustyczna prostota muzyki ulicznej. W ci\u0105gu kilku lat dzia\u0142alno\u015bci zesp\u00f3\u0142 zagra\u0142 setki koncert\u00f3w w przer\u00f3\u017cnych miejscach, od punkowych squot\u00f3w, przez knajpy i kluby po wyst\u0119py na du\u017cych scenach. Niesamowita Sprawa najlepiej sprawdza si\u0119 w bezpo\u015brednim kontakcie z publiczno\u015bci\u0105. W trakcie \u017cywio\u0142owych koncert\u00f3w, kt\u00f3re potrafi\u0105 trwa\u0107 nawet trzy godziny, publiczno\u015b\u0107 wci\u0105gana jest do wsp\u00f3lnej zabawy mi.incharakterystycznym za\u015bpiewem \"\"Fararaj\"\". Nie zesp\u00f3\u0142 robi koncert, lecz publiczno\u015b\u0107 - tym mottem grupa opisuje swoj\u0105 wizj\u0119 wyst\u0119p\u00f3w na \u017cywo. Do tej pory zesp\u00f3\u0142 wyda\u0142 we w\u0142asnym zakresie EP \"\"Fararaj\"\", oraz opublikowa\u0142 w kana\u0142ach streamingowych zapis koncertu \"\"W koncertowym studio Radia Afera\"\".\"<\/p> <p><strong>Kuba Folwarczny<\/strong> - zesp\u00f3\u0142 graj\u0105cy w sk\u0142adzie - Kuba Folwarczny ( gitara, wokal), Szymon Dziwisz (perkusja), Grzegorz Czech (gitara basowa), Adrian Steczko ( instrumenty klawiszowe) powsta\u0142 w 2022 roku w Krakowie. Latem nagrane zosta\u0142y dwa single - \"\"Czy\"\" i \"\"Deszcz\"\". Utw\u00f3r \u201eCzy\u201d trzykrotnie znalaz\u0142 si\u0119 w pierwszej dziesi\u0105tce audycji \"\"B\u0119dzie G\u0142o\u015bno\"\" programu \u201eCzw\u00f3rka\u201d Polskiego Radia. W marcu 2023 roku zesp\u00f3\u0142 wygra\u0142 fina\u0142 31 edycji Zimowej Gie\u0142dy Piosenki w Opolu.\"<\/p> <p><strong>Milena Frej<\/strong> - Jestem studentk\u0105 pierwszego roku prawa. Reprezentuje Kwidzy\u0144skie Centrum Kultury. Uwielbiam bawi\u0107 si\u0119 gatunkiem poezji \u015bpiewanej i prze\u0142amywa\u0107 stereotypy z nim zwi\u0105zane\"<\/p> <p><strong>kilka czu\u0142o\u015bci<\/strong> - to zesp\u00f3\u0142 debiutuj\u0105cy na polskiej scenie muzycznej, kt\u00f3ry za\u0142o\u017cy\u0142a wokalistka i songwriterka, Anna Kami\u0144ska. Ich utwory to indie-folkowa podr\u00f3\u017c poprzez wielobarwne emocje, podczas kt\u00f3rej us\u0142ysze\u0107 mo\u017cna r\u00f3wnie\u017c wp\u0142ywy bluesa, popu, rocka, jazzu, czy piosenki poetyckiej. Zesp\u00f3\u0142 swoj\u0105 debiutanck\u0105 p\u0142yt\u0119 \"\"MI\u0118TA\"\" wyda\u0142 29.06.2022 roku za po\u015brednictwem Agora Digital Music, aktualnie muzycy pracuj\u0105 nad drugim albumem, kt\u00f3ry zabierze nas ku nowym, tym razem lawendowym opowie\u015bciom.<\/p> <p><strong>Zesp\u00f3\u0142 kilka czu\u0142o\u015bci<\/strong> - zosta\u0142 wyr\u00f3\u017cniony na wielu konkursach i festiwalach m.in. I miejsce na Festiwalu im. Piotra Skrzyneckiego w Mi\u0144sku Mazowieckim, I miejsce na Mi\u0119dzynarodowym Festiwalu Piosenki Szlakiem Bard\u00f3w w Warszawie, dwa I miejsca na Og\u00f3lnopolskiej Turystycznej Gie\u0142dzie Piosenki Studenckiej ( w kategorii \"\"Najlepszy Wykonawca\"\" oraz \"\"Najlepsza Piosenka\"\"), III miejsce na Festiwalu Piosenki Artystycznej \"\"Koniugacje\"\" w Rawiczu. Zagrali podczas Festiwalu Kocham Ci\u0119 w Kluczborku czy Festiwalu Film\u00f3w Komediowych w Lubomierzu. Wyst\u0105pili r\u00f3wnie\u017c w Piwnicy pod Baranami w Krakowie oraz na jednej scenie z Jerzym Filarem w Trzech Jeziorach.\"<\/p> <p><strong>Kacper Bator<\/strong> - student wydzia\u0142u Jazzu i Muzyki Rozrywkowej Akademii Muzycznej im. Karola Szymanowskiego w Katowicach, wokalista, instrumentalista, kompozytor i autor tekst\u00f3w. \u015apiewa\u0142 u boku Gra\u017cyny \u0141obaszewskiej, Mietka Szcze\u015bniaka, Anny Gadt, Roberta Janowskiego, Andrzeja Lamperta, Karoliny Leszko, Justyny Steczkowskiej, Kasi Mo\u015b, Sary James i wielu innych artyst\u00f3w. Na swoim koncie ma takie osi\u0105gni\u0119cia, jak Grand Prix w Konkursie ,,\u015apiewaj Razem z Nami\u2019\u2019, I miejsce na Festiwalu Kol\u0119d i Pastora\u0142ek w Krakowie, I miejsce w konkursie ,,Piosenka w Meloniku\u2019\u2019, nagroda jury w konkursie polskiej piosenki lat 60. i 70. ,,Powr\u00f3\u0107my do pi\u0119kna w s\u0142owie i muzyce\u2019\u2019 w Wyszkowie, udzia\u0142 w cyklu koncert\u00f3w ,,Skarby Nie Chodz\u0105 Piechot\u0105\u2019\u2019 oraz ,,Legenda o \u017bo\u0142nierzu Polskim\u2019\u2019, a tak\u017ce w koncercie ,,Betlejem w Polsce\u2019\u2019, w koncercie z towarzyszeniem orkiestry Adama Sztaby w Jastrz\u0119biu-Zdr\u00f3j oraz z orkiestr\u0105 symfoniczn\u0105 Filharmonii Sudeckiej. Kacper pracuje nad wydaniem swojej autorskiej p\u0142yty.<\/p> <p><strong>ATAWIZM<\/strong> - to muzyczny duet, kt\u00f3ry tworz\u0105 wokalistka i gitarzystka Zosia \u015acigaj oraz perkusista Mateusz Kami\u0144ski. Zesp\u00f3\u0142 wykonuje piosenki, kt\u00f3rych autork\u0105 jest Zosia \u015acigaj, natomiast aran\u017c powstaje podczas wsp\u00f3lnej pracy. W muzyce przede wszystkim szukaj\u0105 prawdy o ludziach i \u015bwiecie, st\u0105d cz\u0119ste nawi\u0105zania do spraw spo\u0142ecznych, ale r\u00f3wnie\u017c do literatury i malarstwa. Dla cz\u0142onk\u00f3w zespo\u0142u s\u0142owo Atawizm jest symbolem wa\u017cnych warto\u015bci, kt\u00f3re powoli znikaj\u0105 z \u017cycia spo\u0142ecznego. Nie chc\u0105 klasyfikowa\u0107 si\u0119 w jednym, konkretnym stylu. Muzyk\u0119 kieruj\u0105 do odbiorc\u00f3w i staraj\u0105 si\u0119, \u017ceby odbiorca odnalaz\u0142 w niej echa r\u00f3\u017cnych gatunk\u00f3w.<\/p> <p>ATAWIZM bra\u0142 udzia\u0142 w przegl\u0105dach, najwa\u017cniejsze nagrody i wyr\u00f3\u017cnienia: Festiwal Kultury Ekologicznej EKO-J\u00d3ZEF\u00d3W 2023<\/p> <ul> <li>I miejsce w konkursie piosenki 51 Og\u00f3lnopolski Turystyczny Przegl\u0105d Piosenki Studenckiej \u201eBAZUNA\u201d 2023<\/li> <li>PIOSENKA - LAUREATKA za utw\u00f3r ,,Parasolka\"\"<\/li> <li>NAGRODA SPECJALNA im. Jacka i Janka Stefa\u0144skich<\/li> <li>NAGRODA SPECJALNA Fundacji \u201eSopockie Korzenie Rocka\u201d za wyraz rockowy - \u015bwiadomy kontrast mi\u0119dzy g\u0142osem wokalistki a rockow\u0105 aran\u017cacj\u0105<\/li> <\/ul> <ul> <li>NAGRODA SPECJALNA Miesi\u0119cznika \u201eCogito\u201d za poetyck\u0105 wyobra\u017ani\u0119 i niepowtarzalny klimat.<\/li> <li>Zosia \u015acigaj zosta\u0142a wyr\u00f3\u017cniona za ,,kunszt instrumentalny w grze na gitarze elektrycznej i inwencj\u0119 brzmieniow\u0105\"\" 55 OTGPS Szklarska Por\u0119ba 2022<\/li> <\/ul> <ul> <li>III miejsce w kategorii najlepsza piosenka dla utworu \u201eNoc\u201d;<\/li> <li>III miejsce w kategorii najlepszy wykonawca; XXXVI Og\u00f3lnopolski Festiwal Piosenki Studenckiej i Turystycznej \u201eBakcynalia\u201d 2022<\/li> <li>Nagroda za najlepsz\u0105 interpretacj\u0119 piosenki zespo\u0142u \u201eW\u0105tli Ko\u0142odzieje\u201d.<\/li> <\/ul> <p>Laureaci konkursu \u201eWygrajTo\u201d 2022 w Zielonej G\u00f3rze Udzia\u0142 w p\u00f3\u0142finale AntyFest AntyRadia 2021\"<\/p> <p><strong>Sargis Davtyan<\/strong> - 21 Lat. Z pochodzenia Ormianin w Polsce mieszkam od 19 lat. Zwyci\u0119zca 56KFPP w Opolu w konkursie Debiuty - nagroda im. Anny Jantar. Student wokalistyki estradowej Akademii muzycznej im. Karola Szymanowskiego w Katowicach w klasie Mieczys\u0142awa Szcze\u015bniaka. Autor tekst\u00f3w i kompozytor. Jestem w trakcie pisania i nagrywania mojej debiutanckiej autorskiej p\u0142yty. Zosta\u0142em nominowany do festiwalu podczas 27 OFPA w Rybniku.\"<\/p> <p><strong>Suma Pragnie\u0144<\/strong> - to lubelski projekt muzyczny, oparty na autorskich utworach osadzonych w klimacie akustycznego folk-rocka. Jeste\u015bmy zespo\u0142em, kt\u00f3ry ceni sobie autentyczno\u015b\u0107 i szczero\u015b\u0107 w muzyce. Wierzymy w to, \u017ce nasze piosenki s\u0105 w stanie zainspirowa\u0107 s\u0142uchaczy do bycia lepszymi \u2013 bardziej czu\u0142ymi, odwa\u017cnymi i wolnymi.\"\" Chocia\u017c zesp\u00f3\u0142 swoj\u0105 dzia\u0142alno\u015b\u0107 rozpocz\u0105\u0142 latem 2022 roku, to w swoim dorobku artystycznym ma ju\u017c: Nagranie debiutanckiej p\u0142yty w Radiu Lublin, w ramach projektu \"\"Studio Lublin\"\". Tytu\u0142 laureata festiwali piosenki autorskiej m.in. Bakcynalia, Przy Kominku, Koncertownia Poetycka Radzy\u0144, Bazuna, Og\u00f3lnopolska Gie\u0142da Piosenki w Szklarskiej Por\u0119bie, Ekofestiwal J\u00f3zef\u00f3w.\"<\/p> <p><strong>Iza Niedzi\u00f3\u0142ka<\/strong> - uwielbiam s\u0142ucha\u0107 i tworzy\u0107 m\u0105dr\u0105 muzyk\u0119, cho\u0107 na co dzie\u0144 wyst\u0119puj\u0119 w roli trenera medycznego i instruktora fitness oraz dietetyka. Poezja \u015bpiewana towarzyszy mi od czas\u00f3w gimnazjalnych, dzi\u0119ki panu Ma\u0107kowi Turkowskiemu. A ja powoli, od niedawna - stawiam swoje pierwsze kroki z ukulele i w\u0142asn\u0105 muzyk\u0105.<\/p> <p><strong>Magdalena Sa\u0142amacha<\/strong> - urodzona w Zamo\u015bciu wokalistka, skrzypaczka, autorka tekst\u00f3w i muzyki. Absolwentka Pa\u0144stwowej Szko\u0142y Muzycznej I i II st. im. Karola Szymanowskiego w Zamo\u015bciu oraz Wydzia\u0142u Jazzu i Muzyki Estradowej Akademii Muzycznej im. Gra\u017cyny i Kiejstuta Bacewicz\u00f3w w \u0141odzi. Czynnie dzia\u0142aj\u0105cy muzyk koncertuj\u0105cy w kraju i Europie, szczeg\u00f3lnie zwi\u0105zana z lubelsk\u0105 scen\u0105 muzyczn\u0105. Laureatka konkurs\u00f3w mi\u0119dzynarodowych oraz uczestniczka licznych festiwali. Bra\u0142a udzia\u0142 w wielu renomowanych warsztatach wokalnych prowadzonych przez wybitnej klasy specjalist\u00f3w w dziedzinie emisji g\u0142osu oraz \u015bpiewu.<\/p> <p><strong>alstromerie<\/strong> - to cztery studentki Akademii Muzycznej w Katowicach. \u0141\u0105czy nas mi\u0142o\u015b\u0107 do muzyki, ale i do samych siebie. Nazwa zespo\u0142u alstromerie to kwiaty, kt\u00f3re symbolizuj\u0105 przyja\u017a\u0144.\"<\/p> <p><strong>Hanna Ciupak<\/strong> - jestem studentk\u0105 I wydzia\u0142u wroc\u0142awskiej akademii muzycznej we Wroc\u0142awiu na kierunku kompozycja oraz uczennic\u0105 Pa\u0144stwowej Szko\u0142y Muzycznej II Stopnia im. Ryszarda Bukowskiego we Wroc\u0142awiu na kierunku rytmika. Komponuj\u0119 muzyk\u0119 w stylu filmowym i wsp\u00f3\u0142czesnym. Poza muzyk\u0105 klasyczna interesuj\u0119 si\u0119 poezj\u0105 \u015bpiewan\u0105, piosenk\u0105 artystyczn\u0105, jazzem. Pracuj\u0119 nad w\u0142asnymi utworami pisz\u0105c w\u0142asne teksty i muzyk\u0119. Moim ostatnim osi\u0105gnieciem jest zdobycie I nagrody podczas Sopockiego etapu Festiwalu Pami\u0119tajmy o Osieckiej\"<\/p> <p><strong>Ciep\u0142e Popo\u0142udnie<\/strong> - za\u0142o\u017cy\u0142a dw\u00f3jka przyjaci\u00f3\u0142 z dzieci\u0144stwa: Ola Dzier\u017cawska i Pawe\u0142 Kami\u0144ski; pisz\u0105 i komponuj\u0105 piosenki sentymentalno-humorystyczne, na pograniczu bluesa, jazzu i poezji \u015bpiewanej. Du\u017co w nich natury, mi\u0142o\u015bci i wzrusze\u0144 - kt\u00f3re staraj\u0105 si\u0119 czyni\u0107 zrozumia\u0142ymi dla odbiorc\u00f3w rozmaitych pokole\u0144<\/p> <p><strong>Filip Mizia<\/strong> - wokalista, producent muzyczny, lektor oraz psycholog z wykszta\u0142cenia. Uko\u0144czy\u0142 studia magisterskie i jest absolwentem Uniwersytetu Wroc\u0142awskiego.Jego muzyk\u0119 us\u0142yszycie w radiostacjach og\u00f3lnopolskich i na playlistach serwis\u00f3w streamingowych.\u2018\u2019Muzyka jest jednym z najpot\u0119\u017cniejszych narz\u0119dzi komunikacji i moim sposobem na prowokowanie refleksji, dzielenia si\u0119 dobr\u0105 energi\u0105 i dok\u0142adania cegie\u0142ki do rzeczywisto\u015bci\u2019\u2019.Regularnie anga\u017cuje si\u0119 w inicjatywy, kt\u00f3re przynosz\u0105 zmiany na lepsze. Jego utw\u00f3r ,,Pije do Lustra'' sta\u0142 si\u0119 kluczem i prowokacj\u0105 muzyczn\u0105 Kampanii Spo\u0142ecznej LUSTRA, utworzonej przez fundacj\u0119 Ogrody Edukacyjne i obj\u0119tej patronatem Marsza\u0142ka Wojew\u00f3dztwa Dolno\u015bl\u0105skiego - Cezarego Przybylskiego. Napisa\u0142 r\u00f3wnie\u017c muzyk\u0119 i wyprodukowa\u0142 teledysk dla mi\u0119dzynarodowego projektu ELLIPSE, kt\u00f3ry na podstawie grantu wsp\u00f3\u0142finansowanego przez Uni\u0119 Europejsk\u0105 zaj\u0105\u0142 si\u0119 prewencj\u0105 samob\u00f3jstw po\u015br\u00f3d student\u00f3w w Europie.Na codzie\u0144 rozwija karier\u0119 solow\u0105 jako Filip Mizia; komponuje utwory, gra koncerty i produkuje muzyk\u0119. Pracuje r\u00f3wnie\u017c jako t\u0142umacz polsko-angielsko-szwedzki, konferansjer oraz lektor wsp\u00f3\u0142pracuj\u0105cy m.in. z Radiem Wroc\u0142aw.<\/p> <p><strong>Karolina Szatkowska<\/strong> \u2013 tworzy, gra na fortepianie i \u015bpiewa. Jej muzyka dzia\u0142a koj\u0105co na Cia\u0142o, Umys\u0142 i Dusz\u0119. W tw\u00f3rczo\u015bci najbardziej ceni minimalizm, prostot\u0119 i autentyczno\u015b\u0107. Na tegorocznym Festiwalu Piosenki Studenckiej zaprezentuje sie w \u017ce\u0144skim trio.<\/p> <p><strong>Szpetni <\/strong>- to projekt artystyczny wokalisty Dawida Mika i pianisty Filipa Kota, dzia\u0142aj\u0105cy na pograniczu piosenki literackiej, poezji \u015bpiewanej i aktorskiej interpretacji piosenki. Pomimo m\u0142odego wieku, tworz\u0105 niepowtarzalny styl interpretacji, kt\u00f3ry intryguje zar\u00f3wno publiczno\u015b\u0107 jak i krytyk\u0119, i nie pozwala pozosta\u0107 oboj\u0119tnym, na to co dzieje si\u0119 na scenie. Otrzymali ponad 100. nagr\u00f3d na og\u00f3lnopolskich festiwalach i konkursach, m.in.: dwukrotnie I. nagrody na 66. i 67. Og\u00f3lnopolskim Konkursie Recytatorskim w Turnieju Poezji \u015apiewanej we W\u0142oc\u0142awku (2021, 2022). Wsp\u00f3\u0142tworz\u0105 kameralny, studencki teatr literacki \u2013 Najmniejsz\u0105 Scen\u0119 \u015awiata.<\/p> <p><strong>Monika Adamiec <\/strong>- pie\u015bniarka, aktorka, re\u017cyserka, pedagog. Laureatka wielu og\u00f3lnopolskich nagr\u00f3d teatralnych, muzycznych i wokalnych.<\/p> <p><strong>Kubicka Steczek Ku\u015b Trio<\/strong> - zesp\u00f3\u0142 tworz\u0105 absolwenci\/uczniowie sekcji jazzu PSM II st. im. M. Kar\u0142owicza w Katowicach. Tworz\u0105 autorski materia\u0142 - zar\u00f3wno tekst jak i muzyk\u0119, w stylistyce jazzowej\/ jazz fusion.<\/p> <p>&nbsp;<\/p> <p>&nbsp;<\/p> <p>&nbsp;<\/p> <p>&nbsp;<\/p> <p>&nbsp;<\/p> <p>&nbsp;<\/p>","_links":{"self":[{"href":"https:\/\/studenckifestiwal.pl\/index.php\/wp-json\/wp\/v2\/posts\/2964","targetHints":{"allow":["GET"]}}],"collection":[{"href":"https:\/\/studenckifestiwal.pl\/index.php\/wp-json\/wp\/v2\/posts"}],"about":[{"href":"https:\/\/studenckifestiwal.pl\/index.php\/wp-json\/wp\/v2\/types\/post"}],"author":[{"embeddable":true,"href":"https:\/\/studenckifestiwal.pl\/index.php\/wp-json\/wp\/v2\/users\/1"}],"replies":[{"embeddable":true,"href":"https:\/\/studenckifestiwal.pl\/index.php\/wp-json\/wp\/v2\/comments?post=2964"}],"version-history":[{"count":10,"href":"https:\/\/studenckifestiwal.pl\/index.php\/wp-json\/wp\/v2\/posts\/2964\/revisions"}],"predecessor-version":[{"id":2983,"href":"https:\/\/studenckifestiwal.pl\/index.php\/wp-json\/wp\/v2\/posts\/2964\/revisions\/2983"}],"wp:featuredmedia":[{"embeddable":true,"href":"https:\/\/studenckifestiwal.pl\/index.php\/wp-json\/wp\/v2\/media\/2949"}],"wp:attachment":[{"href":"https:\/\/studenckifestiwal.pl\/index.php\/wp-json\/wp\/v2\/media?parent=2964"}],"wp:term":[{"taxonomy":"category","embeddable":true,"href":"https:\/\/studenckifestiwal.pl\/index.php\/wp-json\/wp\/v2\/categories?post=2964"},{"taxonomy":"post_tag","embeddable":true,"href":"https:\/\/studenckifestiwal.pl\/index.php\/wp-json\/wp\/v2\/tags?post=2964"}],"curies":[{"name":"wp","href":"https:\/\/api.w.org\/{rel}","templated":true}]}}