{"id":2878,"date":"2022-09-28T14:09:59","date_gmt":"2022-09-28T12:09:59","guid":{"rendered":"https:\/\/studenckifestiwal.pl\/?p=2878"},"modified":"2022-09-28T14:10:56","modified_gmt":"2022-09-28T12:10:56","slug":"piosenki-wygrane-koncert-finalowy-58-sfp","status":"publish","type":"post","link":"https:\/\/studenckifestiwal.pl\/index.php\/2022\/09\/28\/piosenki-wygrane-koncert-finalowy-58-sfp\/","title":{"rendered":"&#8222;Piosenki Wygrane&#8221; | KONCERT FINA\u0141OWY 58.SFP"},"content":{"rendered":"<div class='booster-block booster-read-block'>\n                <div class=\"twp-read-time\">\n                \t<i class=\"booster-icon twp-clock\"><\/i> <span>Read Time:<\/span>54 Second                <\/div>\n\n            <\/div><!--themify_builder_content-->\n<div id=\"themify_builder_content-2878\" data-postid=\"2878\" class=\"themify_builder_content themify_builder_content-2878 themify_builder tf_clear\">\n                    <div  data-lazy=\"1\" class=\"module_row themify_builder_row tb_ubzp530 tb_first tf_w\">\n                        <div class=\"row_inner col_align_top tb_col_count_1 tf_box tf_rel\">\n                        <div  data-lazy=\"1\" class=\"module_column tb-column col-full tb_0388531 first\">\n                    <!-- module text -->\n<div  class=\"module module-text tb_b7wi942   \" data-lazy=\"1\">\n        <div  class=\"tb_text_wrap\">\n        <div class=\"m8h3af8h l7ghb35v kjdc1dyq kmwttqpk gh25dzvf\">&#8222;Piosenki Wygrane&#8221; to koncert Fina\u0142owy tegorocznej edycji Studenckiego Festiwalu Piosenki, kt\u00f3ry odb\u0119dzie si\u0119 23.10, o godz 19:00 w Centrum Kongresowym ICE Krak\u00f3w.<\/div><div>&nbsp;<\/div><div class=\"l7ghb35v kjdc1dyq kmwttqpk gh25dzvf jikcssrz\">W tym roku mija dok\u0142adnie 60 lat od pierwszej edycji SFP, co jest idealn\u0105 okazj\u0105 na uhonorowanie piosenek, kt\u00f3re przez lata pojawia\u0142y si\u0119 najwy\u017cej na podium. Niekt\u00f3re z nich zdoby\u0142y p\u00f3\u017aniej zas\u0142u\u017con\u0105 s\u0142aw\u0119, inne wci\u0105\u017c czekaj\u0105 na ich odkrycie. Podczas tegorocznego koncertu b\u0119dziemy mogli je przypomnie\u0107 i raz jeszcze doceni\u0107, aby piosenki te mog\u0142y wygra\u0107 ponownie najwy\u017csz\u0105 z nagr\u00f3d &#8211; sw\u00f3j czas.<\/div><div class=\"l7ghb35v kjdc1dyq kmwttqpk gh25dzvf jikcssrz\">Tego wieczoru us\u0142yszmy utwory wykonywane \u00f3wcze\u015bnie przez Marka Grechut\u0119, Jana Wo\u0142ka czy Maryl\u0119 Rodowicz, ale i s\u0142awetne Underground, nie jedno Tango oraz piosenk\u0119 kt\u00f3ra wygra\u0142a, kiedy na podium nie stan\u0119\u0142a Anna Jantar.<\/div><div class=\"l7ghb35v kjdc1dyq kmwttqpk gh25dzvf jikcssrz\">Koncert wybrzmi w nast\u0119puj\u0105cym sk\u0142adzie artyst\u00f3w, laureat\u00f3w Festiwalu:<\/div><div>&nbsp;<\/div><div class=\"l7ghb35v kjdc1dyq kmwttqpk gh25dzvf jikcssrz\">Natalia Grosiak,<br>Asia Nawojska,<br>Izabella Szafra\u0144ska,<br>Hanka W\u00f3jciak,<br>Piotr Bukartyk<br>Jaros\u0142aw Wasik<\/div><div>&nbsp;<\/div><div class=\"l7ghb35v kjdc1dyq kmwttqpk gh25dzvf jikcssrz\">z go\u015bcinnym udzia\u0142em laureata I Festiwalu<\/div><div class=\"l7ghb35v kjdc1dyq kmwttqpk gh25dzvf jikcssrz\">Edwarda Linde-Lubaszenko.<\/div><div>&nbsp;<\/div><div class=\"l7ghb35v kjdc1dyq kmwttqpk gh25dzvf jikcssrz\">Aran\u017cacje utwor\u00f3w przygotuje specjalnie na okoliczno\u015b\u0107 jubileuszu Festiwalu \u2013 Mi\u0142osz Wo\u015bko, polski aran\u017cer, muzyk i kompozytor.<\/div><div class=\"l7ghb35v kjdc1dyq kmwttqpk gh25dzvf jikcssrz\">&nbsp;<\/div><div class=\"l7ghb35v kjdc1dyq kmwttqpk gh25dzvf jikcssrz\">Bilety:<\/div><div><p><a href=\"https:\/\/goingapp.pl\/wydarzenie\/piosenki-wygrane-koncert-finalowy-58-sfp\/pazdziernik-2022?fbclid=IwAR1Zn1M6OsNd6tGGyxVdjjjnGGrqZnfFijdW52aojnPcWvogtNA7Oflvllg\">https:\/\/goingapp.pl\/wydarzenie\/piosenki-wygrane-koncert-finalowy-58-sfp\/pazdziernik-2022?fbclid=IwAR1Zn1M6OsNd6tGGyxVdjjjnGGrqZnfFijdW52aojnPcWvogtNA7Oflvllg<\/a><\/p><\/div>    <\/div>\n<\/div>\n<!-- \/module text -->        <\/div>\n                        <\/div>\n        <\/div>\n        <\/div>\n<!--\/themify_builder_content-->\n\n        <div class=\"booster-block booster-reactions-block\">\n            <div class=\"twp-reactions-icons\">\n                \n                <div class=\"twp-reacts-wrap\">\n                    <a react-data=\"be-react-1\" post-id=\"2878\" class=\"be-face-icons un-reacted\" href=\"javascript:void(0)\">\n                        <img decoding=\"async\" src=\"https:\/\/studenckifestiwal.pl\/wp-content\/plugins\/booster-extension\/\/assets\/icon\/happy.svg\" alt=\"Happy\">\n                    <\/a>\n                    <div class=\"twp-reaction-title\">\n                        Happy                    <\/div>\n                    <div class=\"twp-count-percent\">\n                                                    <span style=\"display: none;\" class=\"twp-react-count\">0<\/span>\n                        \n                                                <span class=\"twp-react-percent\"><span>0<\/span> %<\/span>\n                                            <\/div>\n                <\/div>\n\n                <div class=\"twp-reacts-wrap\">\n                    <a react-data=\"be-react-2\" post-id=\"2878\" class=\"be-face-icons un-reacted\" href=\"javascript:void(0)\">\n                        <img decoding=\"async\" src=\"https:\/\/studenckifestiwal.pl\/wp-content\/plugins\/booster-extension\/\/assets\/icon\/sad.svg\" alt=\"Sad\">\n                    <\/a>\n                    <div class=\"twp-reaction-title\">\n                        Sad                    <\/div>\n                    <div class=\"twp-count-percent\">\n                                                    <span style=\"display: none;\" class=\"twp-react-count\">0<\/span>\n                                                                        <span class=\"twp-react-percent\"><span>0<\/span> %<\/span>\n                                            <\/div>\n                <\/div>\n\n                <div class=\"twp-reacts-wrap\">\n                    <a react-data=\"be-react-3\" post-id=\"2878\" class=\"be-face-icons un-reacted\" href=\"javascript:void(0)\">\n                        <img decoding=\"async\" src=\"https:\/\/studenckifestiwal.pl\/wp-content\/plugins\/booster-extension\/\/assets\/icon\/excited.svg\" alt=\"Excited\">\n                    <\/a>\n                    <div class=\"twp-reaction-title\">\n                        Excited                    <\/div>\n                    <div class=\"twp-count-percent\">\n                                                    <span style=\"display: none;\" class=\"twp-react-count\">0<\/span>\n                                                                        <span class=\"twp-react-percent\"><span>0<\/span> %<\/span>\n                                            <\/div>\n                <\/div>\n\n                <div class=\"twp-reacts-wrap\">\n                    <a react-data=\"be-react-6\" post-id=\"2878\" class=\"be-face-icons un-reacted\" href=\"javascript:void(0)\">\n                        <img decoding=\"async\" src=\"https:\/\/studenckifestiwal.pl\/wp-content\/plugins\/booster-extension\/\/assets\/icon\/sleepy.svg\" alt=\"Sleepy\">\n                    <\/a>\n                    <div class=\"twp-reaction-title\">\n                        Sleepy                    <\/div>\n                    <div class=\"twp-count-percent\">\n                                                    <span style=\"display: none;\" class=\"twp-react-count\">0<\/span>\n                        \n                                                <span class=\"twp-react-percent\"><span>0<\/span> %<\/span>\n                                            <\/div>\n                <\/div>\n\n                <div class=\"twp-reacts-wrap\">\n                    <a react-data=\"be-react-4\" post-id=\"2878\" class=\"be-face-icons un-reacted\" href=\"javascript:void(0)\">\n                        <img decoding=\"async\" src=\"https:\/\/studenckifestiwal.pl\/wp-content\/plugins\/booster-extension\/\/assets\/icon\/angry.svg\" alt=\"Angry\">\n                    <\/a>\n                    <div class=\"twp-reaction-title\">Angry<\/div>\n                    <div class=\"twp-count-percent\">\n                                                    <span style=\"display: none;\" class=\"twp-react-count\">0<\/span>\n                                                                        <span class=\"twp-react-percent\"><span>0<\/span> %<\/span>\n                        \n                    <\/div>\n                <\/div>\n\n                <div class=\"twp-reacts-wrap\">\n                    <a react-data=\"be-react-5\" post-id=\"2878\" class=\"be-face-icons un-reacted\" href=\"javascript:void(0)\">\n                        <img decoding=\"async\" src=\"https:\/\/studenckifestiwal.pl\/wp-content\/plugins\/booster-extension\/\/assets\/icon\/surprise.svg\" alt=\"Surprise\">\n                    <\/a>\n                    <div class=\"twp-reaction-title\">Surprise<\/div>\n                    <div class=\"twp-count-percent\">\n                                                    <span style=\"display: none;\" class=\"twp-react-count\">0<\/span>\n                                                                        <span class=\"twp-react-percent\"><span>0<\/span> %<\/span>\n                                            <\/div>\n                <\/div>\n\n            <\/div>\n        <\/div>","protected":false},"excerpt":{"rendered":"<p>&#8222;Piosenki Wygrane&#8221; to koncert Fina\u0142owy tegorocznej edycji Studenckiego Festiwalu Piosenki, kt\u00f3ry odb\u0119dzie si\u0119 23.10, o godz 19:00 w Centrum Kongresowym<\/p>\n<p><a href=\"https:\/\/studenckifestiwal.pl\/index.php\/2022\/09\/28\/piosenki-wygrane-koncert-finalowy-58-sfp\/\" class=\"more-link\">Czytaj wi\u0119cej<span class=\"screen-reader-text\">&#8222;Piosenki Wygrane&#8221; | KONCERT FINA\u0141OWY 58.SFP<\/span><\/a><\/p>\n","protected":false},"author":1,"featured_media":2880,"comment_status":"closed","ping_status":"closed","sticky":false,"template":"","format":"standard","meta":{"ngg_post_thumbnail":0,"footnotes":""},"categories":[1],"tags":[],"class_list":["post-2878","post","type-post","status-publish","format-standard","has-post-thumbnail","hentry","category-slider"],"builder_content":"\"Piosenki Wygrane\" to koncert Fina\u0142owy tegorocznej edycji Studenckiego Festiwalu Piosenki, kt\u00f3ry odb\u0119dzie si\u0119 23.10, o godz 19:00 w Centrum Kongresowym ICE Krak\u00f3w.&nbsp;W tym roku mija dok\u0142adnie 60 lat od pierwszej edycji SFP, co jest idealn\u0105 okazj\u0105 na uhonorowanie piosenek, kt\u00f3re przez lata pojawia\u0142y si\u0119 najwy\u017cej na podium. Niekt\u00f3re z nich zdoby\u0142y p\u00f3\u017aniej zas\u0142u\u017con\u0105 s\u0142aw\u0119, inne wci\u0105\u017c czekaj\u0105 na ich odkrycie. Podczas tegorocznego koncertu b\u0119dziemy mogli je przypomnie\u0107 i raz jeszcze doceni\u0107, aby piosenki te mog\u0142y wygra\u0107 ponownie najwy\u017csz\u0105 z nagr\u00f3d - sw\u00f3j czas.Tego wieczoru us\u0142yszmy utwory wykonywane \u00f3wcze\u015bnie przez Marka Grechut\u0119, Jana Wo\u0142ka czy Maryl\u0119 Rodowicz, ale i s\u0142awetne Underground, nie jedno Tango oraz piosenk\u0119 kt\u00f3ra wygra\u0142a, kiedy na podium nie stan\u0119\u0142a Anna Jantar.Koncert wybrzmi w nast\u0119puj\u0105cym sk\u0142adzie artyst\u00f3w, laureat\u00f3w Festiwalu:&nbsp;Natalia Grosiak,<br>Asia Nawojska,<br>Izabella Szafra\u0144ska,<br>Hanka W\u00f3jciak,<br>Piotr Bukartyk<br>Jaros\u0142aw Wasik&nbsp;z go\u015bcinnym udzia\u0142em laureata I FestiwaluEdwarda Linde-Lubaszenko.&nbsp;Aran\u017cacje utwor\u00f3w przygotuje specjalnie na okoliczno\u015b\u0107 jubileuszu Festiwalu \u2013 Mi\u0142osz Wo\u015bko, polski aran\u017cer, muzyk i kompozytor.&nbsp;Bilety:<p><a href=\"https:\/\/goingapp.pl\/wydarzenie\/piosenki-wygrane-koncert-finalowy-58-sfp\/pazdziernik-2022?fbclid=IwAR1Zn1M6OsNd6tGGyxVdjjjnGGrqZnfFijdW52aojnPcWvogtNA7Oflvllg\">https:\/\/goingapp.pl\/wydarzenie\/piosenki-wygrane-koncert-finalowy-58-sfp\/pazdziernik-2022?fbclid=IwAR1Zn1M6OsNd6tGGyxVdjjjnGGrqZnfFijdW52aojnPcWvogtNA7Oflvllg<\/a><\/p>","_links":{"self":[{"href":"https:\/\/studenckifestiwal.pl\/index.php\/wp-json\/wp\/v2\/posts\/2878","targetHints":{"allow":["GET"]}}],"collection":[{"href":"https:\/\/studenckifestiwal.pl\/index.php\/wp-json\/wp\/v2\/posts"}],"about":[{"href":"https:\/\/studenckifestiwal.pl\/index.php\/wp-json\/wp\/v2\/types\/post"}],"author":[{"embeddable":true,"href":"https:\/\/studenckifestiwal.pl\/index.php\/wp-json\/wp\/v2\/users\/1"}],"replies":[{"embeddable":true,"href":"https:\/\/studenckifestiwal.pl\/index.php\/wp-json\/wp\/v2\/comments?post=2878"}],"version-history":[{"count":2,"href":"https:\/\/studenckifestiwal.pl\/index.php\/wp-json\/wp\/v2\/posts\/2878\/revisions"}],"predecessor-version":[{"id":2882,"href":"https:\/\/studenckifestiwal.pl\/index.php\/wp-json\/wp\/v2\/posts\/2878\/revisions\/2882"}],"wp:featuredmedia":[{"embeddable":true,"href":"https:\/\/studenckifestiwal.pl\/index.php\/wp-json\/wp\/v2\/media\/2880"}],"wp:attachment":[{"href":"https:\/\/studenckifestiwal.pl\/index.php\/wp-json\/wp\/v2\/media?parent=2878"}],"wp:term":[{"taxonomy":"category","embeddable":true,"href":"https:\/\/studenckifestiwal.pl\/index.php\/wp-json\/wp\/v2\/categories?post=2878"},{"taxonomy":"post_tag","embeddable":true,"href":"https:\/\/studenckifestiwal.pl\/index.php\/wp-json\/wp\/v2\/tags?post=2878"}],"curies":[{"name":"wp","href":"https:\/\/api.w.org\/{rel}","templated":true}]}}