{"id":2867,"date":"2022-09-22T12:13:17","date_gmt":"2022-09-22T10:13:17","guid":{"rendered":"https:\/\/studenckifestiwal.pl\/?p=2867"},"modified":"2022-09-22T12:13:17","modified_gmt":"2022-09-22T10:13:17","slug":"tricolor-58-sfp","status":"publish","type":"post","link":"https:\/\/studenckifestiwal.pl\/index.php\/2022\/09\/22\/tricolor-58-sfp\/","title":{"rendered":"Tricolor | 58.SFP"},"content":{"rendered":"<div class='booster-block booster-read-block'>\n                <div class=\"twp-read-time\">\n                \t<i class=\"booster-icon twp-clock\"><\/i> <span>Read Time:<\/span>0 Second                <\/div>\n\n            <\/div><!--themify_builder_content-->\n<div id=\"themify_builder_content-2867\" data-postid=\"2867\" class=\"themify_builder_content themify_builder_content-2867 themify_builder tf_clear\">\n                    <div  data-lazy=\"1\" class=\"module_row themify_builder_row tb_p8xp633 tb_first tf_w\">\n                        <div class=\"row_inner col_align_top tb_col_count_1 tf_box tf_rel\">\n                        <div  data-lazy=\"1\" class=\"module_column tb-column col-full tb_2v4s634 first\">\n                    <!-- module text -->\n<div  class=\"module module-text tb_vyby525   \" data-lazy=\"1\">\n        <div  class=\"tb_text_wrap\">\n        <p>Klub Gwarek | 21.10.22 | godz 20:00<\/p><div class=\"l7ghb35v kjdc1dyq kmwttqpk gh25dzvf jikcssrz n3t5jt4f\"><div dir=\"auto\">Zwyci\u0119zcy <a class=\"qi72231t nu7423ey n3hqoq4p r86q59rh b3qcqh3k fq87ekyn bdao358l fsf7x5fv rse6dlih s5oniofx m8h3af8h l7ghb35v kjdc1dyq kmwttqpk srn514ro oxkhqvkx rl78xhln nch0832m cr00lzj9 rn8ck1ys s3jn8y49 icdlwmnq cxfqmxzd d1w2l3lo tes86rjd\" tabindex=\"0\" role=\"link\" href=\"https:\/\/www.facebook.com\/StudenckiFestiwalPiosenki?__cft__[0]=AZWaqlb-RHrqk9v69oMq-hW-C12IG3L7dnqzhwro4b3q9fmle04X7eRrOzelS9RhIKcI2_3QKoIm2A87t8O9OVnTAGWQ186cIDz6C3YDvQk6cSESjt4IQq1ZAI7ZbmAUgsk&amp;__tn__=-]K-R\"><span class=\"rse6dlih\">Studencki Festiwal Piosenki<\/span><\/a> z roku 2002, czyli sprzed r\u00f3wno dwudziestu laty&#8230;<\/div><div dir=\"auto\">&nbsp;<\/div><\/div><div class=\"l7ghb35v kjdc1dyq kmwttqpk gh25dzvf jikcssrz n3t5jt4f\"><div dir=\"auto\"><a class=\"qi72231t nu7423ey n3hqoq4p r86q59rh b3qcqh3k fq87ekyn bdao358l fsf7x5fv rse6dlih s5oniofx m8h3af8h l7ghb35v kjdc1dyq kmwttqpk srn514ro oxkhqvkx rl78xhln nch0832m cr00lzj9 rn8ck1ys s3jn8y49 icdlwmnq cxfqmxzd d1w2l3lo tes86rjd\" tabindex=\"0\" role=\"link\" href=\"https:\/\/www.facebook.com\/iwonalorancmusic\/?__cft__[0]=AZWaqlb-RHrqk9v69oMq-hW-C12IG3L7dnqzhwro4b3q9fmle04X7eRrOzelS9RhIKcI2_3QKoIm2A87t8O9OVnTAGWQ186cIDz6C3YDvQk6cSESjt4IQq1ZAI7ZbmAUgsk&amp;__tn__=kK-R\"><span class=\"rse6dlih\">Iwona Loranc<\/span><\/a> z zespo\u0142em Tricolor!&nbsp;<\/div><div dir=\"auto\">&nbsp;<\/div><\/div><div class=\"l7ghb35v kjdc1dyq kmwttqpk gh25dzvf jikcssrz\">TRICOLOR jako zesp\u00f3\u0142 zadebiutowa\u0142 w 2001 roku, by rok p\u00f3\u017aniej wygra\u0107 wszystkie znacz\u0105ce imprezy festiwalowe skupiaj\u0105ce artyst\u00f3w z kr\u0119gu piosenki poetyckiej i aktorskiej, od krakowskiego Studenckiego Festiwalu Piosenki po wroc\u0142awski Przegl\u0105d Piosenki Aktorskiej.<\/div><div>&nbsp;<\/div><div class=\"l7ghb35v kjdc1dyq kmwttqpk gh25dzvf jikcssrz\">Po kilku latach koncertowania i wydaniu p\u0142yty \u201eTRICOLOR\u201d arty\u015bci po\u015bwi\u0119cili si\u0119 indywidualnym karierom, ale pomys\u0142 na zesp\u00f3\u0142 nigdy z ich g\u0142\u00f3w nie wywietrza\u0142 i po 20 latach od pierwszych, znacz\u0105cych sukces\u00f3w pojawili si\u0119 ponownie na scenach. Jest \u015bwie\u017ca energia, jest rado\u015b\u0107 ze wsp\u00f3lnego grania, a gdy doda\u0107 do tego do\u015bwiadczenie, program opracowany z sercem i luz sceniczny w\u0142a\u015bciwy profesjonalistom, otrzymujemy koncert doskona\u0142y. *<\/div><div>&nbsp;<\/div><div class=\"l7ghb35v kjdc1dyq kmwttqpk gh25dzvf jikcssrz\">TRICOLOR &#8211; zesp\u00f3\u0142, kt\u00f3ry powsta\u0142 po to, by dostarcza\u0107 s\u0142uchaczom wra\u017ce\u0144 najwy\u017cszej pr\u00f3by. Tworzy go troje, co bardzo wa\u017cne, przyjaci\u00f3\u0142 z Bielska-Bia\u0142ej.<\/div><div>&nbsp;<\/div><div class=\"l7ghb35v kjdc1dyq kmwttqpk gh25dzvf jikcssrz\">Jego dusz\u0105 i energi\u0105 jest Iwona Loranc, wokalistka i aktorka, obdarzona aksamitnym, czekoladowym g\u0142osem. Artystka znana od lat, wyst\u0119puj\u0105ca na scenach najwa\u017cniejszych teatr\u00f3w muzycznych w Polsce. Sercem i rytmem zespo\u0142u jest fantastyczny gitarzysta Jan Stachura, muzyk i pedagog, wspieraj\u0105cy swoim talentem lub opiek\u0105 artystyczn\u0105 wiele bielskich zespo\u0142\u00f3w i przedsi\u0119wzi\u0119\u0107 muzycznych. No i jest jeszcze Krzysztof Maciejowski, skrzypek, kompozytor i aran\u017cer. To on jest malarzem klimat\u00f3w, to on powoduje, \u017ce podczas koncert\u00f3w Tricoloru unosi si\u0119 nad wszystkimi eteryczna mg\u0142a zachwytu. Tak, koncerty tego zespo\u0142u to stoj\u0105ce na najwy\u017cszym poziomie artystycznym i wykonawczym spektakle, daj\u0105ce publiczno\u015bci pe\u0142ny wachlarz dozna\u0144 i odczu\u0107. To piosenka poetycka w pe\u0142ni \u015bwiadoma swojej mocy uduchowienia, ale naturalnie pozbawiona niepotrzebnego patosu. To nastrojowa poezja w kwiecistej sukni.<\/div><div>&nbsp;<\/div><div class=\"l7ghb35v kjdc1dyq kmwttqpk gh25dzvf jikcssrz\">* Iwona Loranc (\u015bpiew) &#8211; aktorka i wokalistka o ciep\u0142ym i ciemnym g\u0142osie. Cho\u0107 na co dzie\u0144 wyst\u0119puje, mi\u0119dzy innymi, w teatrach Komedia (Warszawa) i Buffo (Tychy), wsp\u00f3\u0142pracuje z Grzegorzem Tomczakiem, Mi\u0142oszem Wo\u015bko czy Dawidem Troczewskim, a tak\u017ce cz\u0119sto bierze udzia\u0142 w du\u017cych wydarzeniach koncertowych, to jej serce pozosta\u0142o w Bielsku -Bia\u0142ej, a Tricolor jest jej artystycznym domem.<\/div><div>&nbsp;<\/div><div class=\"l7ghb35v kjdc1dyq kmwttqpk gh25dzvf jikcssrz\">Krzysztof Maciejowski (skrzypce) &#8211; kompozytor, aran\u017cer, producent muzyczny. Wsp\u00f3\u0142pracuje g\u0142\u00f3wnie z teatrami (dwukrotny laureat nagrody Z\u0142otej Maski za kompozycje do spektakli), ale nieobca jest mu tak\u017ce muzyka popularna (wsp\u00f3\u0142praca z DeMono, Magm\u0105, Mieczys\u0142awem Szcze\u015bniakiem, Golec u\u2019Orkiestr\u0105 i in.).<\/div><div class=\"l7ghb35v kjdc1dyq kmwttqpk gh25dzvf jikcssrz\">Spiritus movens zespo\u0142u Tricolor,<\/div><div>&nbsp;<\/div><div class=\"l7ghb35v kjdc1dyq kmwttqpk gh25dzvf jikcssrz\">Jan Stachura (gitara) &#8211; dobry duch i mentor wielu bielskich muzyk\u00f3w i przedsi\u0119wzi\u0119\u0107 artystycznych. Cz\u0142onek legendarnej bielskiej grupy Salvator. Na scenie to oaza spokoju (cho\u0107 w jego gitarze drzemie dynamit) i gwarancja najwy\u017cszych dozna\u0144 artystycznych.<\/div><div>&nbsp;<\/div><div>Link do bilet\u00f3w:<\/div><div>Dost\u0119pne wkr\u00f3tce.<\/div><div>&nbsp;<\/div><div>Link do wydarzenia:<\/div><div><p><a href=\"https:\/\/www.facebook.com\/events\/541038311113919\">https:\/\/www.facebook.com\/events\/541038311113919<\/a><\/p><\/div>    <\/div>\n<\/div>\n<!-- \/module text -->        <\/div>\n                        <\/div>\n        <\/div>\n        <\/div>\n<!--\/themify_builder_content-->        <div class=\"booster-block booster-reactions-block\">\n            <div class=\"twp-reactions-icons\">\n                \n                <div class=\"twp-reacts-wrap\">\n                    <a react-data=\"be-react-1\" post-id=\"2867\" class=\"be-face-icons un-reacted\" href=\"javascript:void(0)\">\n                        <img decoding=\"async\" src=\"https:\/\/studenckifestiwal.pl\/wp-content\/plugins\/booster-extension\/\/assets\/icon\/happy.svg\" alt=\"Happy\">\n                    <\/a>\n                    <div class=\"twp-reaction-title\">\n                        Happy                    <\/div>\n                    <div class=\"twp-count-percent\">\n                                                    <span style=\"display: none;\" class=\"twp-react-count\">0<\/span>\n                        \n                                                <span class=\"twp-react-percent\"><span>0<\/span> %<\/span>\n                                            <\/div>\n                <\/div>\n\n                <div class=\"twp-reacts-wrap\">\n                    <a react-data=\"be-react-2\" post-id=\"2867\" class=\"be-face-icons un-reacted\" href=\"javascript:void(0)\">\n                        <img decoding=\"async\" src=\"https:\/\/studenckifestiwal.pl\/wp-content\/plugins\/booster-extension\/\/assets\/icon\/sad.svg\" alt=\"Sad\">\n                    <\/a>\n                    <div class=\"twp-reaction-title\">\n                        Sad                    <\/div>\n                    <div class=\"twp-count-percent\">\n                                                    <span style=\"display: none;\" class=\"twp-react-count\">0<\/span>\n                                                                        <span class=\"twp-react-percent\"><span>0<\/span> %<\/span>\n                                            <\/div>\n                <\/div>\n\n                <div class=\"twp-reacts-wrap\">\n                    <a react-data=\"be-react-3\" post-id=\"2867\" class=\"be-face-icons un-reacted\" href=\"javascript:void(0)\">\n                        <img decoding=\"async\" src=\"https:\/\/studenckifestiwal.pl\/wp-content\/plugins\/booster-extension\/\/assets\/icon\/excited.svg\" alt=\"Excited\">\n                    <\/a>\n                    <div class=\"twp-reaction-title\">\n                        Excited                    <\/div>\n                    <div class=\"twp-count-percent\">\n                                                    <span style=\"display: none;\" class=\"twp-react-count\">0<\/span>\n                                                                        <span class=\"twp-react-percent\"><span>0<\/span> %<\/span>\n                                            <\/div>\n                <\/div>\n\n                <div class=\"twp-reacts-wrap\">\n                    <a react-data=\"be-react-6\" post-id=\"2867\" class=\"be-face-icons un-reacted\" href=\"javascript:void(0)\">\n                        <img decoding=\"async\" src=\"https:\/\/studenckifestiwal.pl\/wp-content\/plugins\/booster-extension\/\/assets\/icon\/sleepy.svg\" alt=\"Sleepy\">\n                    <\/a>\n                    <div class=\"twp-reaction-title\">\n                        Sleepy                    <\/div>\n                    <div class=\"twp-count-percent\">\n                                                    <span style=\"display: none;\" class=\"twp-react-count\">0<\/span>\n                        \n                                                <span class=\"twp-react-percent\"><span>0<\/span> %<\/span>\n                                            <\/div>\n                <\/div>\n\n                <div class=\"twp-reacts-wrap\">\n                    <a react-data=\"be-react-4\" post-id=\"2867\" class=\"be-face-icons un-reacted\" href=\"javascript:void(0)\">\n                        <img decoding=\"async\" src=\"https:\/\/studenckifestiwal.pl\/wp-content\/plugins\/booster-extension\/\/assets\/icon\/angry.svg\" alt=\"Angry\">\n                    <\/a>\n                    <div class=\"twp-reaction-title\">Angry<\/div>\n                    <div class=\"twp-count-percent\">\n                                                    <span style=\"display: none;\" class=\"twp-react-count\">0<\/span>\n                                                                        <span class=\"twp-react-percent\"><span>0<\/span> %<\/span>\n                        \n                    <\/div>\n                <\/div>\n\n                <div class=\"twp-reacts-wrap\">\n                    <a react-data=\"be-react-5\" post-id=\"2867\" class=\"be-face-icons un-reacted\" href=\"javascript:void(0)\">\n                        <img decoding=\"async\" src=\"https:\/\/studenckifestiwal.pl\/wp-content\/plugins\/booster-extension\/\/assets\/icon\/surprise.svg\" alt=\"Surprise\">\n                    <\/a>\n                    <div class=\"twp-reaction-title\">Surprise<\/div>\n                    <div class=\"twp-count-percent\">\n                                                    <span style=\"display: none;\" class=\"twp-react-count\">0<\/span>\n                                                                        <span class=\"twp-react-percent\"><span>0<\/span> %<\/span>\n                                            <\/div>\n                <\/div>\n\n            <\/div>\n        <\/div>","protected":false},"excerpt":{"rendered":"<p>Klub Gwarek | 21.10.22 | godz 20:00Zwyci\u0119zcy Studencki Festiwal Piosenki z roku 2002, czyli sprzed r\u00f3wno dwudziestu laty&#8230;&nbsp;Iwona Loranc z<\/p>\n<p><a href=\"https:\/\/studenckifestiwal.pl\/index.php\/2022\/09\/22\/tricolor-58-sfp\/\" class=\"more-link\">Czytaj wi\u0119cej<span class=\"screen-reader-text\">Tricolor | 58.SFP<\/span><\/a><\/p>\n","protected":false},"author":1,"featured_media":2868,"comment_status":"closed","ping_status":"closed","sticky":false,"template":"","format":"standard","meta":{"ngg_post_thumbnail":0,"footnotes":""},"categories":[1],"tags":[],"class_list":["post-2867","post","type-post","status-publish","format-standard","has-post-thumbnail","hentry","category-slider"],"builder_content":"<p>Klub Gwarek | 21.10.22 | godz 20:00<\/p>Zwyci\u0119zcy <a tabindex=\"0\" role=\"link\" href=\"https:\/\/www.facebook.com\/StudenckiFestiwalPiosenki?__cft__[0]=AZWaqlb-RHrqk9v69oMq-hW-C12IG3L7dnqzhwro4b3q9fmle04X7eRrOzelS9RhIKcI2_3QKoIm2A87t8O9OVnTAGWQ186cIDz6C3YDvQk6cSESjt4IQq1ZAI7ZbmAUgsk&amp;__tn__=-]K-R\">Studencki Festiwal Piosenki<\/a> z roku 2002, czyli sprzed r\u00f3wno dwudziestu laty...&nbsp;<a tabindex=\"0\" role=\"link\" href=\"https:\/\/www.facebook.com\/iwonalorancmusic\/?__cft__[0]=AZWaqlb-RHrqk9v69oMq-hW-C12IG3L7dnqzhwro4b3q9fmle04X7eRrOzelS9RhIKcI2_3QKoIm2A87t8O9OVnTAGWQ186cIDz6C3YDvQk6cSESjt4IQq1ZAI7ZbmAUgsk&amp;__tn__=kK-R\">Iwona Loranc<\/a> z zespo\u0142em Tricolor!&nbsp;&nbsp;TRICOLOR jako zesp\u00f3\u0142 zadebiutowa\u0142 w 2001 roku, by rok p\u00f3\u017aniej wygra\u0107 wszystkie znacz\u0105ce imprezy festiwalowe skupiaj\u0105ce artyst\u00f3w z kr\u0119gu piosenki poetyckiej i aktorskiej, od krakowskiego Studenckiego Festiwalu Piosenki po wroc\u0142awski Przegl\u0105d Piosenki Aktorskiej.&nbsp;Po kilku latach koncertowania i wydaniu p\u0142yty \u201eTRICOLOR\u201d arty\u015bci po\u015bwi\u0119cili si\u0119 indywidualnym karierom, ale pomys\u0142 na zesp\u00f3\u0142 nigdy z ich g\u0142\u00f3w nie wywietrza\u0142 i po 20 latach od pierwszych, znacz\u0105cych sukces\u00f3w pojawili si\u0119 ponownie na scenach. Jest \u015bwie\u017ca energia, jest rado\u015b\u0107 ze wsp\u00f3lnego grania, a gdy doda\u0107 do tego do\u015bwiadczenie, program opracowany z sercem i luz sceniczny w\u0142a\u015bciwy profesjonalistom, otrzymujemy koncert doskona\u0142y. *&nbsp;TRICOLOR - zesp\u00f3\u0142, kt\u00f3ry powsta\u0142 po to, by dostarcza\u0107 s\u0142uchaczom wra\u017ce\u0144 najwy\u017cszej pr\u00f3by. Tworzy go troje, co bardzo wa\u017cne, przyjaci\u00f3\u0142 z Bielska-Bia\u0142ej.&nbsp;Jego dusz\u0105 i energi\u0105 jest Iwona Loranc, wokalistka i aktorka, obdarzona aksamitnym, czekoladowym g\u0142osem. Artystka znana od lat, wyst\u0119puj\u0105ca na scenach najwa\u017cniejszych teatr\u00f3w muzycznych w Polsce. Sercem i rytmem zespo\u0142u jest fantastyczny gitarzysta Jan Stachura, muzyk i pedagog, wspieraj\u0105cy swoim talentem lub opiek\u0105 artystyczn\u0105 wiele bielskich zespo\u0142\u00f3w i przedsi\u0119wzi\u0119\u0107 muzycznych. No i jest jeszcze Krzysztof Maciejowski, skrzypek, kompozytor i aran\u017cer. To on jest malarzem klimat\u00f3w, to on powoduje, \u017ce podczas koncert\u00f3w Tricoloru unosi si\u0119 nad wszystkimi eteryczna mg\u0142a zachwytu. Tak, koncerty tego zespo\u0142u to stoj\u0105ce na najwy\u017cszym poziomie artystycznym i wykonawczym spektakle, daj\u0105ce publiczno\u015bci pe\u0142ny wachlarz dozna\u0144 i odczu\u0107. To piosenka poetycka w pe\u0142ni \u015bwiadoma swojej mocy uduchowienia, ale naturalnie pozbawiona niepotrzebnego patosu. To nastrojowa poezja w kwiecistej sukni.&nbsp;* Iwona Loranc (\u015bpiew) - aktorka i wokalistka o ciep\u0142ym i ciemnym g\u0142osie. Cho\u0107 na co dzie\u0144 wyst\u0119puje, mi\u0119dzy innymi, w teatrach Komedia (Warszawa) i Buffo (Tychy), wsp\u00f3\u0142pracuje z Grzegorzem Tomczakiem, Mi\u0142oszem Wo\u015bko czy Dawidem Troczewskim, a tak\u017ce cz\u0119sto bierze udzia\u0142 w du\u017cych wydarzeniach koncertowych, to jej serce pozosta\u0142o w Bielsku -Bia\u0142ej, a Tricolor jest jej artystycznym domem.&nbsp;Krzysztof Maciejowski (skrzypce) - kompozytor, aran\u017cer, producent muzyczny. Wsp\u00f3\u0142pracuje g\u0142\u00f3wnie z teatrami (dwukrotny laureat nagrody Z\u0142otej Maski za kompozycje do spektakli), ale nieobca jest mu tak\u017ce muzyka popularna (wsp\u00f3\u0142praca z DeMono, Magm\u0105, Mieczys\u0142awem Szcze\u015bniakiem, Golec u\u2019Orkiestr\u0105 i in.).Spiritus movens zespo\u0142u Tricolor,&nbsp;Jan Stachura (gitara) - dobry duch i mentor wielu bielskich muzyk\u00f3w i przedsi\u0119wzi\u0119\u0107 artystycznych. Cz\u0142onek legendarnej bielskiej grupy Salvator. Na scenie to oaza spokoju (cho\u0107 w jego gitarze drzemie dynamit) i gwarancja najwy\u017cszych dozna\u0144 artystycznych.&nbsp;Link do bilet\u00f3w:Dost\u0119pne wkr\u00f3tce.&nbsp;Link do wydarzenia:<p><a href=\"https:\/\/www.facebook.com\/events\/541038311113919\">https:\/\/www.facebook.com\/events\/541038311113919<\/a><\/p>","_links":{"self":[{"href":"https:\/\/studenckifestiwal.pl\/index.php\/wp-json\/wp\/v2\/posts\/2867","targetHints":{"allow":["GET"]}}],"collection":[{"href":"https:\/\/studenckifestiwal.pl\/index.php\/wp-json\/wp\/v2\/posts"}],"about":[{"href":"https:\/\/studenckifestiwal.pl\/index.php\/wp-json\/wp\/v2\/types\/post"}],"author":[{"embeddable":true,"href":"https:\/\/studenckifestiwal.pl\/index.php\/wp-json\/wp\/v2\/users\/1"}],"replies":[{"embeddable":true,"href":"https:\/\/studenckifestiwal.pl\/index.php\/wp-json\/wp\/v2\/comments?post=2867"}],"version-history":[{"count":1,"href":"https:\/\/studenckifestiwal.pl\/index.php\/wp-json\/wp\/v2\/posts\/2867\/revisions"}],"predecessor-version":[{"id":2869,"href":"https:\/\/studenckifestiwal.pl\/index.php\/wp-json\/wp\/v2\/posts\/2867\/revisions\/2869"}],"wp:featuredmedia":[{"embeddable":true,"href":"https:\/\/studenckifestiwal.pl\/index.php\/wp-json\/wp\/v2\/media\/2868"}],"wp:attachment":[{"href":"https:\/\/studenckifestiwal.pl\/index.php\/wp-json\/wp\/v2\/media?parent=2867"}],"wp:term":[{"taxonomy":"category","embeddable":true,"href":"https:\/\/studenckifestiwal.pl\/index.php\/wp-json\/wp\/v2\/categories?post=2867"},{"taxonomy":"post_tag","embeddable":true,"href":"https:\/\/studenckifestiwal.pl\/index.php\/wp-json\/wp\/v2\/tags?post=2867"}],"curies":[{"name":"wp","href":"https:\/\/api.w.org\/{rel}","templated":true}]}}