{"id":2722,"date":"2021-10-05T10:33:57","date_gmt":"2021-10-05T08:33:57","guid":{"rendered":"http:\/\/studenckifestiwal.pl\/?p=2722"},"modified":"2021-10-05T10:34:02","modified_gmt":"2021-10-05T08:34:02","slug":"konkurs-glowny-57-sfp","status":"publish","type":"post","link":"https:\/\/studenckifestiwal.pl\/index.php\/2021\/10\/05\/konkurs-glowny-57-sfp\/","title":{"rendered":"Konkurs G\u0142\u00f3wny | 57. SFP"},"content":{"rendered":"<div class='booster-block booster-read-block'>\n                <div class=\"twp-read-time\">\n                \t<i class=\"booster-icon twp-clock\"><\/i> <span>Read Time:<\/span>0 Second                <\/div>\n\n            <\/div><!--themify_builder_content-->\n<div id=\"themify_builder_content-2722\" data-postid=\"2722\" class=\"themify_builder_content themify_builder_content-2722 themify_builder tf_clear\">\n                    <div  data-lazy=\"1\" class=\"module_row themify_builder_row tb_qnud522 tb_first tf_w\">\n                        <div class=\"row_inner col_align_top tb_col_count_1 tf_box tf_rel\">\n                        <div  data-lazy=\"1\" class=\"module_column tb-column col-full tb_a04d524 first\">\n                    <!-- module text -->\n<div  class=\"module module-text tb_vscq820   \" data-lazy=\"1\">\n        <div  class=\"tb_text_wrap\">\n        <div class=\"kvgmc6g5 cxmmr5t8 oygrvhab hcukyx3x c1et5uql\"><span class=\"pq6dq46d tbxw36s4 knj5qynh kvgmc6g5 ditlmg2l oygrvhab nvdbi5me sf5mxxl7 gl3lb2sf hhz5lgdu\"><img loading=\"lazy\" decoding=\"async\" src=\"https:\/\/static.xx.fbcdn.net\/images\/emoji.php\/v9\/tb4\/1\/16\/2b50.png\" alt=\"\u2b50\ufe0f\" width=\"16\" height=\"16\"><\/span> 57. edycja Konkursu SFP odb\u0119dzie si\u0119 w sobot\u0119 16 pa\u017adziernika<br>o godz. 11:00 w Teatrze KTO<\/div><div>&nbsp;<\/div><div class=\"o9v6fnle cxmmr5t8 oygrvhab hcukyx3x c1et5uql\">Nasz Festiwal to przede wszystkim Konkurs! Jego pierwsza edycja odby\u0142a si\u0119 w 1962 roku, czyli wcze\u015bniej ni\u017c Festiwal Polskiej Piosenki w Opolu. Konkursu Studenckiego Festiwalu Piosenki, kt\u00f3ry jest najwa\u017cniejsz\u0105 cz\u0119\u015bci\u0105 Festiwalu. G\u0142\u00f3wnym celem Konkursu jest prezentacja i promocja tw\u00f3rczo\u015bci muzycznej i literackiej \u015brodowisk akademickich, umo\u017cliwienie m\u0142odym tw\u00f3rcom i wykonawcom prezentacji ich osi\u0105gni\u0119\u0107, wy\u0142onienie najlepszych tw\u00f3rc\u00f3w i wykonawc\u00f3w oraz ich dalsza promocja.<\/div><div class=\"o9v6fnle cxmmr5t8 oygrvhab hcukyx3x c1et5uql\">Do Konkursu zapraszani s\u0105 tw\u00f3rcy wy\u0142onieni w kwalifikacjach odbywaj\u0105cych si\u0119 na terenie ca\u0142ego kraju podczas przegl\u0105d\u00f3w, konkurs\u00f3w i festiwali piosenki, organizowanych (jako autonomiczne przedsi\u0119wzi\u0119cia) przez \u015brodowiska studenckie oraz inne \u2013 silnie zainteresowane rozwojem i promocj\u0105 tw\u00f3rczo\u015bci muzycznej i literackiej m\u0142odych artyst\u00f3w amator\u00f3w. Kwalifikacji do Konkursu SFP dokonuj\u0105 cz\u0142onkowie: Rady Artystycznej Studenckiego Festiwalu Piosenki, Organizator Studenckiego Festiwalu Piosenki lub inne osoby wskazane i zatwierdzone przez Organizatora.<\/div><div class=\"o9v6fnle cxmmr5t8 oygrvhab hcukyx3x c1et5uql\">________________________________________<\/div><div class=\"o9v6fnle cxmmr5t8 oygrvhab hcukyx3x c1et5uql\">&nbsp;<\/div><div class=\"o9v6fnle cxmmr5t8 oygrvhab hcukyx3x c1et5uql\"><span class=\"pq6dq46d tbxw36s4 knj5qynh kvgmc6g5 ditlmg2l oygrvhab nvdbi5me sf5mxxl7 gl3lb2sf hhz5lgdu\"><img loading=\"lazy\" decoding=\"async\" src=\"https:\/\/static.xx.fbcdn.net\/images\/emoji.php\/v9\/tff\/1\/16\/1f3a5.png\" alt=\"\ud83c\udfa5\" width=\"16\" height=\"16\"><\/span><span class=\"pq6dq46d tbxw36s4 knj5qynh kvgmc6g5 ditlmg2l oygrvhab nvdbi5me sf5mxxl7 gl3lb2sf hhz5lgdu\"><img loading=\"lazy\" decoding=\"async\" src=\"https:\/\/static.xx.fbcdn.net\/images\/emoji.php\/v9\/t8c\/1\/16\/1f4bb.png\" alt=\"\ud83d\udcbb\" width=\"16\" height=\"16\"><\/span>&nbsp;Konkurs b\u0119dzie TRANSMITOWANY NA \u017bYWO od godziny 11:00, a podczas niego ka\u017cdy b\u0119dzie m\u00f3g\u0142 odda\u0107 g\u0142os na swojego faworyta podczas G\u0141OSOWANIA PUBLICZNO\u015aCI&nbsp;<span class=\"pq6dq46d tbxw36s4 knj5qynh kvgmc6g5 ditlmg2l oygrvhab nvdbi5me sf5mxxl7 gl3lb2sf hhz5lgdu\"><img loading=\"lazy\" decoding=\"async\" src=\"https:\/\/static.xx.fbcdn.net\/images\/emoji.php\/v9\/tff\/1\/16\/1f3a5.png\" alt=\"\ud83c\udfa5\" width=\"16\" height=\"16\"><\/span><span class=\"pq6dq46d tbxw36s4 knj5qynh kvgmc6g5 ditlmg2l oygrvhab nvdbi5me sf5mxxl7 gl3lb2sf hhz5lgdu\"><img loading=\"lazy\" decoding=\"async\" src=\"https:\/\/static.xx.fbcdn.net\/images\/emoji.php\/v9\/t8c\/1\/16\/1f4bb.png\" alt=\"\ud83d\udcbb\" width=\"16\" height=\"16\"><\/span><br>link do g\u0142osowania podamy w trakcie trwania konkursu<\/div><div class=\"o9v6fnle cxmmr5t8 oygrvhab hcukyx3x c1et5uql\">________________________________________<\/div><div class=\"o9v6fnle cxmmr5t8 oygrvhab hcukyx3x c1et5uql\">&nbsp;<\/div><div class=\"o9v6fnle cxmmr5t8 oygrvhab hcukyx3x c1et5uql\"><span class=\"pq6dq46d tbxw36s4 knj5qynh kvgmc6g5 ditlmg2l oygrvhab nvdbi5me sf5mxxl7 gl3lb2sf hhz5lgdu\"><img loading=\"lazy\" decoding=\"async\" src=\"https:\/\/static.xx.fbcdn.net\/images\/emoji.php\/v9\/tb4\/1\/16\/2b50.png\" alt=\"\u2b50\ufe0f\" width=\"16\" height=\"16\"><\/span>&nbsp;Podczas tegorocznej edycji na scenie zaprezentuj\u0105 si\u0119 nast\u0119puj\u0105cy arty\u015bci wy\u0142onieni podczas eliminacji krajowych&nbsp;<span class=\"pq6dq46d tbxw36s4 knj5qynh kvgmc6g5 ditlmg2l oygrvhab nvdbi5me sf5mxxl7 gl3lb2sf hhz5lgdu\"><img loading=\"lazy\" decoding=\"async\" src=\"https:\/\/static.xx.fbcdn.net\/images\/emoji.php\/v9\/tb4\/1\/16\/2b50.png\" alt=\"\u2b50\ufe0f\" width=\"16\" height=\"16\"><\/span><br>Cztery Pory Mi\u0142owania<br>P\u00d3\u0141 NA P\u00d3\u0141<br>mona polaski<br>Julianna Sroka &#8211; Kiero\u0144czyk<br>Wild Whispers<br>Ma\u0142gorzata \u017bura\u0144ska-Wilkowska z zespo\u0142em<br>Membrana<br>Katarzyna Siepka<br>Ma\u0142gorzata Ja\u017awa<br>Justyna Piesik-Kendra&amp;Piotr Grzelak<br>Kamila Banasiak<br>Weronika Wa\u017cna<br>Ch\u0142odno<br>Kamil Olczyk<br>Naturavika<br>Zuza Wi\u015bniewska<br>Micha\u0142 Wojtusik<br>Dawid G\u0119bala<br>Norbert Sta\u0142\u0119ga<br>Kaja Frankiewicz<br>UKOJA<br>Weros\u0142awa<\/div><div class=\"o9v6fnle cxmmr5t8 oygrvhab hcukyx3x c1et5uql\">&nbsp;<\/div><div class=\"o9v6fnle cxmmr5t8 oygrvhab hcukyx3x c1et5uql\">Konkurs G\u0142owny w ramach 57. SFP<br><span class=\"pq6dq46d tbxw36s4 knj5qynh kvgmc6g5 ditlmg2l oygrvhab nvdbi5me sf5mxxl7 gl3lb2sf hhz5lgdu\"><img loading=\"lazy\" decoding=\"async\" src=\"https:\/\/static.xx.fbcdn.net\/images\/emoji.php\/v9\/t4c\/1\/16\/25aa.png\" alt=\"\u25aa\ufe0f\" width=\"16\" height=\"16\"><\/span>&nbsp;16 pa\u017adziernika 2021 roku<br><span class=\"pq6dq46d tbxw36s4 knj5qynh kvgmc6g5 ditlmg2l oygrvhab nvdbi5me sf5mxxl7 gl3lb2sf hhz5lgdu\"><img loading=\"lazy\" decoding=\"async\" src=\"https:\/\/static.xx.fbcdn.net\/images\/emoji.php\/v9\/t4c\/1\/16\/25aa.png\" alt=\"\u25aa\ufe0f\" width=\"16\" height=\"16\"><\/span>&nbsp;Teatr KTO, ul. Zamoyskiego 50<br><span class=\"pq6dq46d tbxw36s4 knj5qynh kvgmc6g5 ditlmg2l oygrvhab nvdbi5me sf5mxxl7 gl3lb2sf hhz5lgdu\"><img loading=\"lazy\" decoding=\"async\" src=\"https:\/\/static.xx.fbcdn.net\/images\/emoji.php\/v9\/tac\/1\/16\/1f3ab.png\" alt=\"\ud83c\udfab\" width=\"16\" height=\"16\"><\/span>&nbsp;WST\u0118P WOLNY<\/div>    <\/div>\n<\/div>\n<!-- \/module text -->        <\/div>\n                        <\/div>\n        <\/div>\n        <\/div>\n<!--\/themify_builder_content-->        <div class=\"booster-block booster-reactions-block\">\n            <div class=\"twp-reactions-icons\">\n                \n                <div class=\"twp-reacts-wrap\">\n                    <a react-data=\"be-react-1\" post-id=\"2722\" class=\"be-face-icons un-reacted\" href=\"javascript:void(0)\">\n                        <img decoding=\"async\" src=\"https:\/\/studenckifestiwal.pl\/wp-content\/plugins\/booster-extension\/\/assets\/icon\/happy.svg\" alt=\"Happy\">\n                    <\/a>\n                    <div class=\"twp-reaction-title\">\n                        Happy                    <\/div>\n                    <div class=\"twp-count-percent\">\n                                                    <span style=\"display: none;\" class=\"twp-react-count\">0<\/span>\n                        \n                                                <span class=\"twp-react-percent\"><span>0<\/span> %<\/span>\n                                            <\/div>\n                <\/div>\n\n                <div class=\"twp-reacts-wrap\">\n                    <a react-data=\"be-react-2\" post-id=\"2722\" class=\"be-face-icons un-reacted\" href=\"javascript:void(0)\">\n                        <img decoding=\"async\" src=\"https:\/\/studenckifestiwal.pl\/wp-content\/plugins\/booster-extension\/\/assets\/icon\/sad.svg\" alt=\"Sad\">\n                    <\/a>\n                    <div class=\"twp-reaction-title\">\n                        Sad                    <\/div>\n                    <div class=\"twp-count-percent\">\n                                                    <span style=\"display: none;\" class=\"twp-react-count\">0<\/span>\n                                                                        <span class=\"twp-react-percent\"><span>0<\/span> %<\/span>\n                                            <\/div>\n                <\/div>\n\n                <div class=\"twp-reacts-wrap\">\n                    <a react-data=\"be-react-3\" post-id=\"2722\" class=\"be-face-icons un-reacted\" href=\"javascript:void(0)\">\n                        <img decoding=\"async\" src=\"https:\/\/studenckifestiwal.pl\/wp-content\/plugins\/booster-extension\/\/assets\/icon\/excited.svg\" alt=\"Excited\">\n                    <\/a>\n                    <div class=\"twp-reaction-title\">\n                        Excited                    <\/div>\n                    <div class=\"twp-count-percent\">\n                                                    <span style=\"display: none;\" class=\"twp-react-count\">0<\/span>\n                                                                        <span class=\"twp-react-percent\"><span>0<\/span> %<\/span>\n                                            <\/div>\n                <\/div>\n\n                <div class=\"twp-reacts-wrap\">\n                    <a react-data=\"be-react-6\" post-id=\"2722\" class=\"be-face-icons un-reacted\" href=\"javascript:void(0)\">\n                        <img decoding=\"async\" src=\"https:\/\/studenckifestiwal.pl\/wp-content\/plugins\/booster-extension\/\/assets\/icon\/sleepy.svg\" alt=\"Sleepy\">\n                    <\/a>\n                    <div class=\"twp-reaction-title\">\n                        Sleepy                    <\/div>\n                    <div class=\"twp-count-percent\">\n                                                    <span style=\"display: none;\" class=\"twp-react-count\">0<\/span>\n                        \n                                                <span class=\"twp-react-percent\"><span>0<\/span> %<\/span>\n                                            <\/div>\n                <\/div>\n\n                <div class=\"twp-reacts-wrap\">\n                    <a react-data=\"be-react-4\" post-id=\"2722\" class=\"be-face-icons un-reacted\" href=\"javascript:void(0)\">\n                        <img decoding=\"async\" src=\"https:\/\/studenckifestiwal.pl\/wp-content\/plugins\/booster-extension\/\/assets\/icon\/angry.svg\" alt=\"Angry\">\n                    <\/a>\n                    <div class=\"twp-reaction-title\">Angry<\/div>\n                    <div class=\"twp-count-percent\">\n                                                    <span style=\"display: none;\" class=\"twp-react-count\">0<\/span>\n                                                                        <span class=\"twp-react-percent\"><span>0<\/span> %<\/span>\n                        \n                    <\/div>\n                <\/div>\n\n                <div class=\"twp-reacts-wrap\">\n                    <a react-data=\"be-react-5\" post-id=\"2722\" class=\"be-face-icons un-reacted\" href=\"javascript:void(0)\">\n                        <img decoding=\"async\" src=\"https:\/\/studenckifestiwal.pl\/wp-content\/plugins\/booster-extension\/\/assets\/icon\/surprise.svg\" alt=\"Surprise\">\n                    <\/a>\n                    <div class=\"twp-reaction-title\">Surprise<\/div>\n                    <div class=\"twp-count-percent\">\n                                                    <span style=\"display: none;\" class=\"twp-react-count\">0<\/span>\n                                                                        <span class=\"twp-react-percent\"><span>0<\/span> %<\/span>\n                                            <\/div>\n                <\/div>\n\n            <\/div>\n        <\/div>","protected":false},"excerpt":{"rendered":"<p>57. edycja Konkursu SFP odb\u0119dzie si\u0119 w sobot\u0119 16 pa\u017adziernikao godz. 11:00 w Teatrze KTO&nbsp;Nasz Festiwal to przede wszystkim Konkurs!<\/p>\n<p><a href=\"https:\/\/studenckifestiwal.pl\/index.php\/2021\/10\/05\/konkurs-glowny-57-sfp\/\" class=\"more-link\">Czytaj wi\u0119cej<span class=\"screen-reader-text\">Konkurs G\u0142\u00f3wny | 57. SFP<\/span><\/a><\/p>\n","protected":false},"author":1,"featured_media":2724,"comment_status":"closed","ping_status":"closed","sticky":false,"template":"","format":"standard","meta":{"ngg_post_thumbnail":0,"footnotes":""},"categories":[1],"tags":[],"class_list":["post-2722","post","type-post","status-publish","format-standard","has-post-thumbnail","hentry","category-slider"],"builder_content":"<img loading=\"lazy\" decoding=\"async\" src=\"https:\/\/static.xx.fbcdn.net\/images\/emoji.php\/v9\/tb4\/1\/16\/2b50.png\" alt=\"\u2b50\ufe0f\" width=\"16\" height=\"16\"> 57. edycja Konkursu SFP odb\u0119dzie si\u0119 w sobot\u0119 16 pa\u017adziernika<br>o godz. 11:00 w Teatrze KTO&nbsp;Nasz Festiwal to przede wszystkim Konkurs! Jego pierwsza edycja odby\u0142a si\u0119 w 1962 roku, czyli wcze\u015bniej ni\u017c Festiwal Polskiej Piosenki w Opolu. Konkursu Studenckiego Festiwalu Piosenki, kt\u00f3ry jest najwa\u017cniejsz\u0105 cz\u0119\u015bci\u0105 Festiwalu. G\u0142\u00f3wnym celem Konkursu jest prezentacja i promocja tw\u00f3rczo\u015bci muzycznej i literackiej \u015brodowisk akademickich, umo\u017cliwienie m\u0142odym tw\u00f3rcom i wykonawcom prezentacji ich osi\u0105gni\u0119\u0107, wy\u0142onienie najlepszych tw\u00f3rc\u00f3w i wykonawc\u00f3w oraz ich dalsza promocja.Do Konkursu zapraszani s\u0105 tw\u00f3rcy wy\u0142onieni w kwalifikacjach odbywaj\u0105cych si\u0119 na terenie ca\u0142ego kraju podczas przegl\u0105d\u00f3w, konkurs\u00f3w i festiwali piosenki, organizowanych (jako autonomiczne przedsi\u0119wzi\u0119cia) przez \u015brodowiska studenckie oraz inne \u2013 silnie zainteresowane rozwojem i promocj\u0105 tw\u00f3rczo\u015bci muzycznej i literackiej m\u0142odych artyst\u00f3w amator\u00f3w. Kwalifikacji do Konkursu SFP dokonuj\u0105 cz\u0142onkowie: Rady Artystycznej Studenckiego Festiwalu Piosenki, Organizator Studenckiego Festiwalu Piosenki lub inne osoby wskazane i zatwierdzone przez Organizatora.________________________________________&nbsp;<img loading=\"lazy\" decoding=\"async\" src=\"https:\/\/static.xx.fbcdn.net\/images\/emoji.php\/v9\/tff\/1\/16\/1f3a5.png\" alt=\"\ud83c\udfa5\" width=\"16\" height=\"16\"><img loading=\"lazy\" decoding=\"async\" src=\"https:\/\/static.xx.fbcdn.net\/images\/emoji.php\/v9\/t8c\/1\/16\/1f4bb.png\" alt=\"\ud83d\udcbb\" width=\"16\" height=\"16\">&nbsp;Konkurs b\u0119dzie TRANSMITOWANY NA \u017bYWO od godziny 11:00, a podczas niego ka\u017cdy b\u0119dzie m\u00f3g\u0142 odda\u0107 g\u0142os na swojego faworyta podczas G\u0141OSOWANIA PUBLICZNO\u015aCI&nbsp;<img loading=\"lazy\" decoding=\"async\" src=\"https:\/\/static.xx.fbcdn.net\/images\/emoji.php\/v9\/tff\/1\/16\/1f3a5.png\" alt=\"\ud83c\udfa5\" width=\"16\" height=\"16\"><img loading=\"lazy\" decoding=\"async\" src=\"https:\/\/static.xx.fbcdn.net\/images\/emoji.php\/v9\/t8c\/1\/16\/1f4bb.png\" alt=\"\ud83d\udcbb\" width=\"16\" height=\"16\"><br>link do g\u0142osowania podamy w trakcie trwania konkursu________________________________________&nbsp;<img loading=\"lazy\" decoding=\"async\" src=\"https:\/\/static.xx.fbcdn.net\/images\/emoji.php\/v9\/tb4\/1\/16\/2b50.png\" alt=\"\u2b50\ufe0f\" width=\"16\" height=\"16\">&nbsp;Podczas tegorocznej edycji na scenie zaprezentuj\u0105 si\u0119 nast\u0119puj\u0105cy arty\u015bci wy\u0142onieni podczas eliminacji krajowych&nbsp;<img loading=\"lazy\" decoding=\"async\" src=\"https:\/\/static.xx.fbcdn.net\/images\/emoji.php\/v9\/tb4\/1\/16\/2b50.png\" alt=\"\u2b50\ufe0f\" width=\"16\" height=\"16\"><br>Cztery Pory Mi\u0142owania<br>P\u00d3\u0141 NA P\u00d3\u0141<br>mona polaski<br>Julianna Sroka - Kiero\u0144czyk<br>Wild Whispers<br>Ma\u0142gorzata \u017bura\u0144ska-Wilkowska z zespo\u0142em<br>Membrana<br>Katarzyna Siepka<br>Ma\u0142gorzata Ja\u017awa<br>Justyna Piesik-Kendra&amp;Piotr Grzelak<br>Kamila Banasiak<br>Weronika Wa\u017cna<br>Ch\u0142odno<br>Kamil Olczyk<br>Naturavika<br>Zuza Wi\u015bniewska<br>Micha\u0142 Wojtusik<br>Dawid G\u0119bala<br>Norbert Sta\u0142\u0119ga<br>Kaja Frankiewicz<br>UKOJA<br>Weros\u0142awa&nbsp;Konkurs G\u0142owny w ramach 57. SFP<br><img loading=\"lazy\" decoding=\"async\" src=\"https:\/\/static.xx.fbcdn.net\/images\/emoji.php\/v9\/t4c\/1\/16\/25aa.png\" alt=\"\u25aa\ufe0f\" width=\"16\" height=\"16\">&nbsp;16 pa\u017adziernika 2021 roku<br><img loading=\"lazy\" decoding=\"async\" src=\"https:\/\/static.xx.fbcdn.net\/images\/emoji.php\/v9\/t4c\/1\/16\/25aa.png\" alt=\"\u25aa\ufe0f\" width=\"16\" height=\"16\">&nbsp;Teatr KTO, ul. Zamoyskiego 50<br><img loading=\"lazy\" decoding=\"async\" src=\"https:\/\/static.xx.fbcdn.net\/images\/emoji.php\/v9\/tac\/1\/16\/1f3ab.png\" alt=\"\ud83c\udfab\" width=\"16\" height=\"16\">&nbsp;WST\u0118P WOLNY","_links":{"self":[{"href":"https:\/\/studenckifestiwal.pl\/index.php\/wp-json\/wp\/v2\/posts\/2722","targetHints":{"allow":["GET"]}}],"collection":[{"href":"https:\/\/studenckifestiwal.pl\/index.php\/wp-json\/wp\/v2\/posts"}],"about":[{"href":"https:\/\/studenckifestiwal.pl\/index.php\/wp-json\/wp\/v2\/types\/post"}],"author":[{"embeddable":true,"href":"https:\/\/studenckifestiwal.pl\/index.php\/wp-json\/wp\/v2\/users\/1"}],"replies":[{"embeddable":true,"href":"https:\/\/studenckifestiwal.pl\/index.php\/wp-json\/wp\/v2\/comments?post=2722"}],"version-history":[{"count":1,"href":"https:\/\/studenckifestiwal.pl\/index.php\/wp-json\/wp\/v2\/posts\/2722\/revisions"}],"predecessor-version":[{"id":2723,"href":"https:\/\/studenckifestiwal.pl\/index.php\/wp-json\/wp\/v2\/posts\/2722\/revisions\/2723"}],"wp:featuredmedia":[{"embeddable":true,"href":"https:\/\/studenckifestiwal.pl\/index.php\/wp-json\/wp\/v2\/media\/2724"}],"wp:attachment":[{"href":"https:\/\/studenckifestiwal.pl\/index.php\/wp-json\/wp\/v2\/media?parent=2722"}],"wp:term":[{"taxonomy":"category","embeddable":true,"href":"https:\/\/studenckifestiwal.pl\/index.php\/wp-json\/wp\/v2\/categories?post=2722"},{"taxonomy":"post_tag","embeddable":true,"href":"https:\/\/studenckifestiwal.pl\/index.php\/wp-json\/wp\/v2\/tags?post=2722"}],"curies":[{"name":"wp","href":"https:\/\/api.w.org\/{rel}","templated":true}]}}