{"id":2489,"date":"2020-11-26T15:04:24","date_gmt":"2020-11-26T14:04:24","guid":{"rendered":"http:\/\/studenckifestiwal.pl\/?p=2489"},"modified":"2020-11-26T15:06:09","modified_gmt":"2020-11-26T14:06:09","slug":"16-stacja-kutno-ogolnopolski-festiwal-jeremiego-przybory","status":"publish","type":"post","link":"https:\/\/studenckifestiwal.pl\/index.php\/2020\/11\/26\/16-stacja-kutno-ogolnopolski-festiwal-jeremiego-przybory\/","title":{"rendered":"16. &#8222;Stacja Kutno&#8221;  Og\u00f3lnopolski Festiwal Jeremiego Przybory"},"content":{"rendered":"<div class='booster-block booster-read-block'>\n                <div class=\"twp-read-time\">\n                \t<i class=\"booster-icon twp-clock\"><\/i> <span>Read Time:<\/span>0 Second                <\/div>\n\n            <\/div><!--themify_builder_content-->\n<div id=\"themify_builder_content-2489\" data-postid=\"2489\" class=\"themify_builder_content themify_builder_content-2489 themify_builder tf_clear\">\n                    <div  data-lazy=\"1\" class=\"module_row themify_builder_row tb_224x898 tb_first tf_w\">\n                        <div class=\"row_inner col_align_top tb_col_count_1 tf_box tf_rel\">\n                        <div  data-lazy=\"1\" class=\"module_column tb-column col-full tb_mqik900 first\">\n                    <!-- module text -->\n<div  class=\"module module-text tb_nvzi509   \" data-lazy=\"1\">\n        <div  class=\"tb_text_wrap\">\n        <p>Niewiele ponad miesi\u0105c od zako\u0144czenia 56. SFP, a My ju\u017c my\u015blami i czynami jeste\u015bmy przy 57.edycji \ud83d\ude42<\/p>\n<p>W ubieg\u0142y weekend pomimo wszelkich przeciwno\u015bci losu odby\u0142a si\u0119 16. &#8222;Stacja Kutno&#8221; Og\u00f3lnopolski Festiwal Jeremiego Przybory \ud83e\udd70 podczas kt\u00f3rej, to nominacj\u0119 do przysz\u0142orocznego SFP otrzyma\u0142y:<\/p>\n<p>&#8211; Kamila Banasiak z Kutna \ud83e\udd29<\/p>\n<p>oraz<\/p>\n<p>&#8211; Patrycja Mizerska z Bielawy \ud83e\udd73<\/p>\n<p>Wszystkim pozosta\u0142ym nagrodzonym gratulujemy, a organizatorom &#8222;Stacja Kutno&#8221; Festiwal Jeremiego Przybory przesy\u0142am wielkie s\u0142owa uznania!<\/p>\n<p>Do zobaczenia w Krakowie! \ud83d\ude0e<\/p>    <\/div>\n<\/div>\n<!-- \/module text -->        <\/div>\n                        <\/div>\n        <\/div>\n        <\/div>\n<!--\/themify_builder_content-->        <div class=\"booster-block booster-reactions-block\">\n            <div class=\"twp-reactions-icons\">\n                \n                <div class=\"twp-reacts-wrap\">\n                    <a react-data=\"be-react-1\" post-id=\"2489\" class=\"be-face-icons un-reacted\" href=\"javascript:void(0)\">\n                        <img decoding=\"async\" src=\"https:\/\/studenckifestiwal.pl\/wp-content\/plugins\/booster-extension\/\/assets\/icon\/happy.svg\" alt=\"Happy\">\n                    <\/a>\n                    <div class=\"twp-reaction-title\">\n                        Happy                    <\/div>\n                    <div class=\"twp-count-percent\">\n                                                    <span style=\"display: none;\" class=\"twp-react-count\">0<\/span>\n                        \n                                                <span class=\"twp-react-percent\"><span>0<\/span> %<\/span>\n                                            <\/div>\n                <\/div>\n\n                <div class=\"twp-reacts-wrap\">\n                    <a react-data=\"be-react-2\" post-id=\"2489\" class=\"be-face-icons un-reacted\" href=\"javascript:void(0)\">\n                        <img decoding=\"async\" src=\"https:\/\/studenckifestiwal.pl\/wp-content\/plugins\/booster-extension\/\/assets\/icon\/sad.svg\" alt=\"Sad\">\n                    <\/a>\n                    <div class=\"twp-reaction-title\">\n                        Sad                    <\/div>\n                    <div class=\"twp-count-percent\">\n                                                    <span style=\"display: none;\" class=\"twp-react-count\">0<\/span>\n                                                                        <span class=\"twp-react-percent\"><span>0<\/span> %<\/span>\n                                            <\/div>\n                <\/div>\n\n                <div class=\"twp-reacts-wrap\">\n                    <a react-data=\"be-react-3\" post-id=\"2489\" class=\"be-face-icons un-reacted\" href=\"javascript:void(0)\">\n                        <img decoding=\"async\" src=\"https:\/\/studenckifestiwal.pl\/wp-content\/plugins\/booster-extension\/\/assets\/icon\/excited.svg\" alt=\"Excited\">\n                    <\/a>\n                    <div class=\"twp-reaction-title\">\n                        Excited                    <\/div>\n                    <div class=\"twp-count-percent\">\n                                                    <span style=\"display: none;\" class=\"twp-react-count\">0<\/span>\n                                                                        <span class=\"twp-react-percent\"><span>0<\/span> %<\/span>\n                                            <\/div>\n                <\/div>\n\n                <div class=\"twp-reacts-wrap\">\n                    <a react-data=\"be-react-6\" post-id=\"2489\" class=\"be-face-icons un-reacted\" href=\"javascript:void(0)\">\n                        <img decoding=\"async\" src=\"https:\/\/studenckifestiwal.pl\/wp-content\/plugins\/booster-extension\/\/assets\/icon\/sleepy.svg\" alt=\"Sleepy\">\n                    <\/a>\n                    <div class=\"twp-reaction-title\">\n                        Sleepy                    <\/div>\n                    <div class=\"twp-count-percent\">\n                                                    <span style=\"display: none;\" class=\"twp-react-count\">0<\/span>\n                        \n                                                <span class=\"twp-react-percent\"><span>0<\/span> %<\/span>\n                                            <\/div>\n                <\/div>\n\n                <div class=\"twp-reacts-wrap\">\n                    <a react-data=\"be-react-4\" post-id=\"2489\" class=\"be-face-icons un-reacted\" href=\"javascript:void(0)\">\n                        <img decoding=\"async\" src=\"https:\/\/studenckifestiwal.pl\/wp-content\/plugins\/booster-extension\/\/assets\/icon\/angry.svg\" alt=\"Angry\">\n                    <\/a>\n                    <div class=\"twp-reaction-title\">Angry<\/div>\n                    <div class=\"twp-count-percent\">\n                                                    <span style=\"display: none;\" class=\"twp-react-count\">0<\/span>\n                                                                        <span class=\"twp-react-percent\"><span>0<\/span> %<\/span>\n                        \n                    <\/div>\n                <\/div>\n\n                <div class=\"twp-reacts-wrap\">\n                    <a react-data=\"be-react-5\" post-id=\"2489\" class=\"be-face-icons un-reacted\" href=\"javascript:void(0)\">\n                        <img decoding=\"async\" src=\"https:\/\/studenckifestiwal.pl\/wp-content\/plugins\/booster-extension\/\/assets\/icon\/surprise.svg\" alt=\"Surprise\">\n                    <\/a>\n                    <div class=\"twp-reaction-title\">Surprise<\/div>\n                    <div class=\"twp-count-percent\">\n                                                    <span style=\"display: none;\" class=\"twp-react-count\">0<\/span>\n                                                                        <span class=\"twp-react-percent\"><span>0<\/span> %<\/span>\n                                            <\/div>\n                <\/div>\n\n            <\/div>\n        <\/div>","protected":false},"excerpt":{"rendered":"<p>Niewiele ponad miesi\u0105c od zako\u0144czenia 56. SFP, a My ju\u017c my\u015blami i czynami jeste\u015bmy przy 57.edycji \ud83d\ude42 W ubieg\u0142y weekend<\/p>\n<p><a href=\"https:\/\/studenckifestiwal.pl\/index.php\/2020\/11\/26\/16-stacja-kutno-ogolnopolski-festiwal-jeremiego-przybory\/\" class=\"more-link\">Czytaj wi\u0119cej<span class=\"screen-reader-text\">16. &#8222;Stacja Kutno&#8221;  Og\u00f3lnopolski Festiwal Jeremiego Przybory<\/span><\/a><\/p>\n","protected":false},"author":1,"featured_media":2490,"comment_status":"closed","ping_status":"closed","sticky":false,"template":"","format":"standard","meta":{"ngg_post_thumbnail":0,"footnotes":""},"categories":[1],"tags":[],"class_list":["post-2489","post","type-post","status-publish","format-standard","has-post-thumbnail","hentry","category-slider"],"builder_content":"<p>Niewiele ponad miesi\u0105c od zako\u0144czenia 56. SFP, a My ju\u017c my\u015blami i czynami jeste\u015bmy przy 57.edycji \ud83d\ude42<\/p> <p>W ubieg\u0142y weekend pomimo wszelkich przeciwno\u015bci losu odby\u0142a si\u0119 16. \"Stacja Kutno\" Og\u00f3lnopolski Festiwal Jeremiego Przybory \ud83e\udd70 podczas kt\u00f3rej, to nominacj\u0119 do przysz\u0142orocznego SFP otrzyma\u0142y:<\/p> <p>- Kamila Banasiak z Kutna \ud83e\udd29<\/p> <p>oraz<\/p> <p>- Patrycja Mizerska z Bielawy \ud83e\udd73<\/p> <p>Wszystkim pozosta\u0142ym nagrodzonym gratulujemy, a organizatorom \"Stacja Kutno\" Festiwal Jeremiego Przybory przesy\u0142am wielkie s\u0142owa uznania!<\/p> <p>Do zobaczenia w Krakowie! \ud83d\ude0e<\/p>","_links":{"self":[{"href":"https:\/\/studenckifestiwal.pl\/index.php\/wp-json\/wp\/v2\/posts\/2489","targetHints":{"allow":["GET"]}}],"collection":[{"href":"https:\/\/studenckifestiwal.pl\/index.php\/wp-json\/wp\/v2\/posts"}],"about":[{"href":"https:\/\/studenckifestiwal.pl\/index.php\/wp-json\/wp\/v2\/types\/post"}],"author":[{"embeddable":true,"href":"https:\/\/studenckifestiwal.pl\/index.php\/wp-json\/wp\/v2\/users\/1"}],"replies":[{"embeddable":true,"href":"https:\/\/studenckifestiwal.pl\/index.php\/wp-json\/wp\/v2\/comments?post=2489"}],"version-history":[{"count":2,"href":"https:\/\/studenckifestiwal.pl\/index.php\/wp-json\/wp\/v2\/posts\/2489\/revisions"}],"predecessor-version":[{"id":2492,"href":"https:\/\/studenckifestiwal.pl\/index.php\/wp-json\/wp\/v2\/posts\/2489\/revisions\/2492"}],"wp:featuredmedia":[{"embeddable":true,"href":"https:\/\/studenckifestiwal.pl\/index.php\/wp-json\/wp\/v2\/media\/2490"}],"wp:attachment":[{"href":"https:\/\/studenckifestiwal.pl\/index.php\/wp-json\/wp\/v2\/media?parent=2489"}],"wp:term":[{"taxonomy":"category","embeddable":true,"href":"https:\/\/studenckifestiwal.pl\/index.php\/wp-json\/wp\/v2\/categories?post=2489"},{"taxonomy":"post_tag","embeddable":true,"href":"https:\/\/studenckifestiwal.pl\/index.php\/wp-json\/wp\/v2\/tags?post=2489"}],"curies":[{"name":"wp","href":"https:\/\/api.w.org\/{rel}","templated":true}]}}