{"id":2375,"date":"2020-10-12T11:27:22","date_gmt":"2020-10-12T09:27:22","guid":{"rendered":"http:\/\/studenckifestiwal.pl\/?p=2375"},"modified":"2020-10-12T11:33:54","modified_gmt":"2020-10-12T09:33:54","slug":"jury-konkursu-56-sfp","status":"publish","type":"post","link":"https:\/\/studenckifestiwal.pl\/index.php\/2020\/10\/12\/jury-konkursu-56-sfp\/","title":{"rendered":"Jury Konkursu 56. SFP"},"content":{"rendered":"<div class='booster-block booster-read-block'>\n                <div class=\"twp-read-time\">\n                \t<i class=\"booster-icon twp-clock\"><\/i> <span>Read Time:<\/span>0 Second                <\/div>\n\n            <\/div><!--themify_builder_content-->\n<div id=\"themify_builder_content-2375\" data-postid=\"2375\" class=\"themify_builder_content themify_builder_content-2375 themify_builder tf_clear\">\n                    <div  data-lazy=\"1\" class=\"module_row themify_builder_row tb_bivw143 tb_first tf_w\">\n                        <div class=\"row_inner col_align_top tb_col_count_1 tf_box tf_rel\">\n                        <div  data-lazy=\"1\" class=\"module_column tb-column col-full tb_h8jv145 first\">\n                    <!-- module text -->\n<div  class=\"module module-text tb_o4ba894   \" data-lazy=\"1\">\n        <div  class=\"tb_text_wrap\">\n        <div class=\"kvgmc6g5 cxmmr5t8 oygrvhab hcukyx3x c1et5uql ii04i59q\"><div dir=\"auto\">5 dni do rozpocz\u0119cia 56. SFP! <span class=\"pq6dq46d tbxw36s4 knj5qynh kvgmc6g5 ditlmg2l oygrvhab nvdbi5me sf5mxxl7 gl3lb2sf hhz5lgdu\"><img loading=\"lazy\" decoding=\"async\" src=\"https:\/\/static.xx.fbcdn.net\/images\/emoji.php\/v9\/t6d\/1\/16\/1f973.png\" alt=\"\ud83e\udd73\" width=\"16\" height=\"16\"><\/span><\/div><div dir=\"auto\">&nbsp;<\/div><\/div><div class=\"o9v6fnle cxmmr5t8 oygrvhab hcukyx3x c1et5uql ii04i59q\"><div dir=\"auto\">najwy\u017cszy czas zaprezentowa\u0107 Pa\u0144stwu sk\u0142ad JURY Konkurs | 56. SFP<\/div><\/div><div class=\"o9v6fnle cxmmr5t8 oygrvhab hcukyx3x c1et5uql ii04i59q\"><div dir=\"auto\">&nbsp;<\/div><div dir=\"auto\"><strong>&#8211; Jaros\u0142aw Wasik &#8211; przewodnicz\u0105cy<\/strong><\/div><\/div><div dir=\"auto\">&nbsp;<\/div><div dir=\"auto\">muzyk, wokalista, autor tekst\u00f3w, laureat SFP w Krakowie w 1994 roku, Od 2001 r. cz\u0142onek Rady Artystycznej Studenckiego Festiwalu Piosenki w Krakowie. Absolwent kulturoznawstwa na Uniwersytecie Opolskim. Uko\u0144czy\u0142 studia doktoranckie z zakresu kulturoznawstwa w Szkole Wy\u017cszej Psychologii Spo\u0142ecznej w Warszawie. Cz\u0142onek stowarzysze\u0144: ZAiKS oraz STOART. Od 2008 r. jest Dyrektorem Artystycznym Festiwalu Piosenki Artystycznej \u201ePoetycka Dolina\u201d w Warszawie. Pomys\u0142odawca i organizatorwydarzenia poetycko-muzycznego \u201eSpotkajmy si\u0119 przy Osieckiej\u201d w Warszawie. Od 1997 r. cz\u0142onek Rady Programowej Festiwalu FAMA. Od 2013 roku pe\u0142ni funkcj\u0119 dyrektora Muzeum Polskiej Piosenki w Opolu.<\/div><div dir=\"auto\">&nbsp;<\/div><div class=\"o9v6fnle cxmmr5t8 oygrvhab hcukyx3x c1et5uql ii04i59q\"><div dir=\"auto\"><strong>&#8211; Ewa \u015anie\u017canka<\/strong><\/div><\/div><div dir=\"auto\">&nbsp;<\/div><div dir=\"auto\">piosenkarka, spo\u0142ecznik, dzia\u0142aczka samorz\u0105dowa. W trakcie swojej kariery artystycznej zosta\u0142a uhonorowana wieloma nagrodami, zajmowa\u0142a czo\u0142owe miejsca na Festiwalach, zar\u00f3wno w kraju jak i za granic\u0105.<br>Pierwsze konkursy piosenkarskie wygrywa\u0142a ju\u017c w czasach licealnych. W 1962 r. wyst\u0105pi\u0142a w fina\u0142owym koncercie I Festiwalu M\u0142odych Talent\u00f3w w Szczecinie. W 1964 r. reprezentowa\u0142a m\u0142odzie\u017cowe \u015brodowisko \u0141odzi na Krajowym Festiwalu Piosenki Polskiej w Opolu. W 1974 roku zagra\u0142a epizodyczn\u0105 rol\u0119 w filmie Jej powr\u00f3t. Wsp\u00f3\u0142pracowa\u0142a z Teatrem na Targ\u00f3wku (dzisiaj Rampa) w Warszawie, gdzie wyst\u0105pi\u0142a w wielu spektaklach, m.in. O zachowaniu przy stole czy Miejsce dla gwiazdy. Od 2010 roku gra rol\u0119 Maliny w ciesz\u0105cym si\u0119 ogromnym powodzeniem spektaklu muzycznym Klimakterium i ju\u017c w Warszawie w Teatrze Capitol, jak r\u00f3wnie\u017c w teatrach w ca\u0142ej Polsce i za granic\u0105. Jest aktywnym dzia\u0142aczem spo\u0142ecznym \u2013 w 1993 roku wsp\u00f3\u0142tworzy\u0142a Stowarzyszenie Artyst\u00f3w Wykonawc\u00f3w Utwor\u00f3w Muzycznych i S\u0142owno-Muzycznych SAWP. W latach 1994 \u2013 2002 pe\u0142ni\u0142a funkcj\u0119 sekretarza Zarz\u0105du Stowarzyszenia SAWP, a od 2011 jest cz\u0142onkiem Zarz\u0105du Stowarzyszenia. W kadencjach 1994-1998 i 1998- 2002 by\u0142a Radn\u0105 gminy Warszawa-Wawer, w tym czasie inicjowa\u0142a i organizowa\u0142a liczne akcje spo\u0142eczne i charytatywne. W 1996 roku uko\u0144czy\u0142a Studium prawno-samorz\u0105dowe przy Polskiej Akademii Nauk. Napisa\u0142a prac\u0119 dyplomow\u0105 z zakresu problematyki Ustroju Samorz\u0105du pt. \u201eW poszukiwaniu r\u00f3wnowagi \u2013 jak pogodzi\u0107 funkcj\u0119 radnego pilnuj\u0105cego interes\u00f3w wyborc\u00f3w, wobec praw i obowi\u0105zk\u00f3w radnego w Radzie Gminy\u201d. Obszerne fragmenty tej pracy by\u0142y drukowane w \u201e\u017byciu Warszawy\u201d. W 1998 roku Ewa \u015anie\u017canka zosta\u0142a powo\u0142ana przez Ministra Kultury i Dziedzictwa Narodowego na arbitra Komisji Prawa Autorskiego.<br>W latach 2002-2006 by\u0142a Radn\u0105 m.st. Warszawy.<\/div><div dir=\"auto\">&nbsp;<\/div><div class=\"o9v6fnle cxmmr5t8 oygrvhab hcukyx3x c1et5uql ii04i59q\"><div dir=\"auto\"><strong>&#8211; Magdalena Turowska<\/strong><\/div><div dir=\"auto\">&nbsp;<\/div><\/div><div dir=\"auto\">polska wokalistka, muzyk, menad\u017cer kultury, w\u0142a\u015bcicielka Agencji Inicjatyw Artystycznych \u201eCytryna\u201d. Wykonawczyni poezji \u015bpiewanej.<br>Ucz\u0119szcza\u0142a do Liceum Muzycznego im. Gra\u017cyny Bacewicz w Koszalinie (klasa fletu). Studiowa\u0142a w WSP w S\u0142upsku (kierunek Wychowanie Muzyczne) oraz w SGH w Warszawie (Podyplomowe Studium Menad\u017cer\u00f3w Kultury) Debiutowa\u0142a z kabaretem De-Ka-De. Potem organizowa\u0142a koncerty pod wsp\u00f3lnym tytu\u0142em \u201eSpotkania przy herbacie z Cytryn\u0105\u201d. W czasie studi\u00f3w zje\u017adzi\u0142a niemal ca\u0142\u0105 Polsk\u0119 bior\u0105c udzia\u0142 w rozmaitych przegl\u0105dach i festiwalach. W maju 1995 roku za\u0142o\u017cy\u0142am Agencj\u0119 Inicjatyw Artystycznych CYTRYNA. W czerwcu 1995 roku w Opolu, na koncercie \u201eKraina \u0141agodno\u015bci\u201d pojawi\u0142 si\u0119 pierwszy wydany pod jej redakcj\u0105 singel promocyjny \u017b\u00f3\u0142ta Cytryna. Rok p\u00f3\u017aniej, r\u00f3wnie\u017c w Opolu ukaza\u0142a si\u0119 Zielona Cytryna \u2013 promocyjna p\u0142yta d\u0142ugograj\u0105ca. Pracowa\u0142a przy tworzeniu cyklicznego programu TVP1 \u201eKraina \u0141agodno\u015bci\u201d. Prowadzi\u0142a audycje: w Radio City w S\u0142upsku, w Radio P\u00f3\u0142noc w Koszalinie i w Radio Pogoda w Warszawie. Redagowa\u0142a seri\u0119 \u201eZ\u0142ota kolekcja\u201d w Kompanii Muzycznej POMATON. Wsp\u00f3\u0142pracowa\u0142a przy tym m.in. z Ew\u0105 Bem, Iren\u0105 Santor, Hann\u0105 Banaszak, Stanis\u0142awem Soyk\u0105, Czes\u0142awem Niemenem. Nale\u017cy do grona Rady Artystycznej Studenckiego Festiwalu Piosenki w Krakowie i Rady Programowej Festiwalu Artystycznego M\u0142odzie\u017cy Akademickiej FAMA w \u015awinouj\u015bciu. Jest za\u0142o\u017cycielk\u0105 i animatork\u0105 Grupy Tw\u00f3rczej MECHANICZNA CYTRYNA. Cz\u0119sto wyst\u0119puje w roli jurora, prowadzi warsztaty artystyczne i wspiera m\u0142odych wykonawc\u00f3w.<\/div><div class=\"o9v6fnle cxmmr5t8 oygrvhab hcukyx3x c1et5uql ii04i59q\"><div dir=\"auto\">&nbsp;<\/div><div dir=\"auto\"><strong>&#8211; Artur Orzech<\/strong><\/div><\/div><div dir=\"auto\">&nbsp;<\/div><div dir=\"auto\">polski dziennikarz muzyczny, konferansjer oraz prezenter radiowy i telewizyjny. W 1983 by\u0142 wsp\u00f3\u0142za\u0142o\u017cycielem zespo\u0142u rockowego R\u00f3\u017ce Europy, gdzie by\u0142 gitarzyst\u0105 i autorem muzyki na pierwszych dw\u00f3ch p\u0142ytach \u2013 Sta\u0144cie przed lustrami i Krew Marilyn Monroe. Podj\u0105\u0142 prac\u0119 w Radio Dla Ciebie, potem trafi\u0142 do radiowej Jedynki, a w 2001 \u2013 do Tr\u00f3jki. Pierwszy raz w Tr\u00f3jce pojawi\u0142 si\u0119 na pocz\u0105tku lat 90. Prowadzi\u0142 audycj\u0119 Orzech i reszta, a od wrze\u015bnia 2007 prowadzi\u0142 audycj\u0119 Prywatna kolekcja. W latach 2006\u20132015 poprowadzi\u0142 trzy wydania Listy Przeboj\u00f3w Programu Trzeciego. Prowadzi\u0142 te\u017c audycje Zaraz wracam i Trzy kontynenty. Jesieni\u0105 2017 roku w zwi\u0105zku z dzia\u0142aniami \u00f3wczesnego dyrektora Tr\u00f3jki Wiktora \u015awietlika odszed\u0142 ze stacji. W kwietniu 2020 do\u0142\u0105czy\u0142 do zespo\u0142u redakcyjnego internetowej stacji radiowej RadioSpacja.pl jako prezenter audycji Swoj\u0105 drog\u0105. W latach 2003\u20132004 i 2006\u20132007 by\u0142 prowadz\u0105cym polskie eliminacje do Konkursu Piosenki Eurowizji. W latach 1994\u20131997 prowadzi\u0142 popularny program Muzyczna Jedynka emitowany w TVP1. Ponadto, by\u0142 prowadz\u0105cym innych program\u00f3w TVP1: Twoja Lista Przeboj\u00f3w (1997\u20131998), Muzyczny Serwis Jedynki, Studio Orzech (oba w 2000), \u015apiewaj i walcz (2010)[4], \u015awiat si\u0119 kr\u0119ci (2015\u20132016), Hit, Hit, Hurra (2016). Wsp\u00f3\u0142prowadzi\u0142 poranny program TVP2 Pytanie na \u015bniadanie. Od 2019 prowadzi odnowiony konkurs z gatunku talent shows w TVP2, Szansa na sukces.Od 1992 komentuje dla polskich widz\u00f3w Konkurs Piosenki Eurowizji, a od 2004 (z przerw\u0105 zwi\u0105zan\u0105 z brakiem udzia\u0142u Polski) Konkurs Piosenki Eurowizji Junior. 1 pa\u017adziernika 2017 zasiad\u0142 w jury krajowych eliminacji do 15. Konkursu Piosenki Eurowizji Junior. W latach 2016\u20132018 ponownie zosta\u0142 prowadz\u0105cym polskie eliminacje do Konkursu Piosenki Eurowizji. Wielokrotnie prowadzi\u0142 Krajowy Festiwal Piosenki Polskiej w Opolu i Sopot Festival. Prowadzi\u0142 gal\u0119 nagr\u00f3d muzycznych \u201eFryderyk\u00f3w\u201d oraz Telekamer. Od 2011 zasiada w Radzie Akademii Fonograficznej ZPAV w sekcji muzyki rozrywkowej<\/div><div dir=\"auto\">&nbsp;<\/div><div class=\"o9v6fnle cxmmr5t8 oygrvhab hcukyx3x c1et5uql ii04i59q\"><div dir=\"auto\"><strong>&#8211; Jan Poprawa<\/strong><\/div><\/div><div dir=\"auto\">&nbsp;<\/div><div dir=\"auto\">scenarzysta widowisk muzycznych i spektakli teatralnych, autor i redaktor kilkudziesi\u0119ciu polskich dziennik\u00f3w i periodyk\u00f3w, a tak\u017ce tekst\u00f3w w kilkunastu wydawnictwach zbiorowych. Wsp\u00f3\u0142autor \u201eRaportu o stanie kultury w Krakowie\u201d (1994), autor hase\u0142 w \u201eEncyklopedii Muzycznej PWM\u201d (od 1984) oraz \u201ePopularnej Encyklopedii Powszechnej\u201d (od 1995). Redaktor antologii, m.in. \u201ePami\u0119\u0107\u201d (1996), \u201eSuplement poetycki\u201d (2000); serii wydawniczych \u201eBiblioteka Stowarzyszenia Autor\u00f3w Polskich\u201d (wsp\u00f3lnie z Tadeuszem Skoczkiem, 22 tomy), \u201eSalon Literacki Jana Poprawy\u201d (33 tomy). Redaktor naczelny rocznika kulturalnego \u201ePiosenka\u201d. Juror festiwali polskiej piosenki artystycznej.<\/div><div class=\"o9v6fnle cxmmr5t8 oygrvhab hcukyx3x c1et5uql ii04i59q\"><div dir=\"auto\">&nbsp;<\/div><\/div><div class=\"o9v6fnle cxmmr5t8 oygrvhab hcukyx3x c1et5uql ii04i59q\"><div dir=\"auto\">do\u0142\u0105czajcie do naszych wydarze\u0144 i b\u0105d\u017acie z nami w on lub off line <span class=\"pq6dq46d tbxw36s4 knj5qynh kvgmc6g5 ditlmg2l oygrvhab nvdbi5me sf5mxxl7 gl3lb2sf hhz5lgdu\"><img loading=\"lazy\" decoding=\"async\" src=\"https:\/\/static.xx.fbcdn.net\/images\/emoji.php\/v9\/t57\/1\/16\/1f609.png\" alt=\"\ud83d\ude09\" width=\"16\" height=\"16\"><\/span><\/div><\/div><div class=\"o9v6fnle cxmmr5t8 oygrvhab hcukyx3x c1et5uql ii04i59q\"><div dir=\"auto\">&nbsp;<\/div><div dir=\"auto\">ZAPRASZAMY!<\/div><\/div>    <\/div>\n<\/div>\n<!-- \/module text -->        <\/div>\n                        <\/div>\n        <\/div>\n        <\/div>\n<!--\/themify_builder_content-->        <div class=\"booster-block booster-reactions-block\">\n            <div class=\"twp-reactions-icons\">\n                \n                <div class=\"twp-reacts-wrap\">\n                    <a react-data=\"be-react-1\" post-id=\"2375\" class=\"be-face-icons un-reacted\" href=\"javascript:void(0)\">\n                        <img decoding=\"async\" src=\"https:\/\/studenckifestiwal.pl\/wp-content\/plugins\/booster-extension\/\/assets\/icon\/happy.svg\" alt=\"Happy\">\n                    <\/a>\n                    <div class=\"twp-reaction-title\">\n                        Happy                    <\/div>\n                    <div class=\"twp-count-percent\">\n                                                    <span style=\"display: none;\" class=\"twp-react-count\">0<\/span>\n                        \n                                                <span class=\"twp-react-percent\"><span>0<\/span> %<\/span>\n                                            <\/div>\n                <\/div>\n\n                <div class=\"twp-reacts-wrap\">\n                    <a react-data=\"be-react-2\" post-id=\"2375\" class=\"be-face-icons un-reacted\" href=\"javascript:void(0)\">\n                        <img decoding=\"async\" src=\"https:\/\/studenckifestiwal.pl\/wp-content\/plugins\/booster-extension\/\/assets\/icon\/sad.svg\" alt=\"Sad\">\n                    <\/a>\n                    <div class=\"twp-reaction-title\">\n                        Sad                    <\/div>\n                    <div class=\"twp-count-percent\">\n                                                    <span style=\"display: none;\" class=\"twp-react-count\">0<\/span>\n                                                                        <span class=\"twp-react-percent\"><span>0<\/span> %<\/span>\n                                            <\/div>\n                <\/div>\n\n                <div class=\"twp-reacts-wrap\">\n                    <a react-data=\"be-react-3\" post-id=\"2375\" class=\"be-face-icons un-reacted\" href=\"javascript:void(0)\">\n                        <img decoding=\"async\" src=\"https:\/\/studenckifestiwal.pl\/wp-content\/plugins\/booster-extension\/\/assets\/icon\/excited.svg\" alt=\"Excited\">\n                    <\/a>\n                    <div class=\"twp-reaction-title\">\n                        Excited                    <\/div>\n                    <div class=\"twp-count-percent\">\n                                                    <span style=\"display: none;\" class=\"twp-react-count\">0<\/span>\n                                                                        <span class=\"twp-react-percent\"><span>0<\/span> %<\/span>\n                                            <\/div>\n                <\/div>\n\n                <div class=\"twp-reacts-wrap\">\n                    <a react-data=\"be-react-6\" post-id=\"2375\" class=\"be-face-icons un-reacted\" href=\"javascript:void(0)\">\n                        <img decoding=\"async\" src=\"https:\/\/studenckifestiwal.pl\/wp-content\/plugins\/booster-extension\/\/assets\/icon\/sleepy.svg\" alt=\"Sleepy\">\n                    <\/a>\n                    <div class=\"twp-reaction-title\">\n                        Sleepy                    <\/div>\n                    <div class=\"twp-count-percent\">\n                                                    <span style=\"display: none;\" class=\"twp-react-count\">0<\/span>\n                        \n                                                <span class=\"twp-react-percent\"><span>0<\/span> %<\/span>\n                                            <\/div>\n                <\/div>\n\n                <div class=\"twp-reacts-wrap\">\n                    <a react-data=\"be-react-4\" post-id=\"2375\" class=\"be-face-icons un-reacted\" href=\"javascript:void(0)\">\n                        <img decoding=\"async\" src=\"https:\/\/studenckifestiwal.pl\/wp-content\/plugins\/booster-extension\/\/assets\/icon\/angry.svg\" alt=\"Angry\">\n                    <\/a>\n                    <div class=\"twp-reaction-title\">Angry<\/div>\n                    <div class=\"twp-count-percent\">\n                                                    <span style=\"display: none;\" class=\"twp-react-count\">0<\/span>\n                                                                        <span class=\"twp-react-percent\"><span>0<\/span> %<\/span>\n                        \n                    <\/div>\n                <\/div>\n\n                <div class=\"twp-reacts-wrap\">\n                    <a react-data=\"be-react-5\" post-id=\"2375\" class=\"be-face-icons un-reacted\" href=\"javascript:void(0)\">\n                        <img decoding=\"async\" src=\"https:\/\/studenckifestiwal.pl\/wp-content\/plugins\/booster-extension\/\/assets\/icon\/surprise.svg\" alt=\"Surprise\">\n                    <\/a>\n                    <div class=\"twp-reaction-title\">Surprise<\/div>\n                    <div class=\"twp-count-percent\">\n                                                    <span style=\"display: none;\" class=\"twp-react-count\">0<\/span>\n                                                                        <span class=\"twp-react-percent\"><span>0<\/span> %<\/span>\n                                            <\/div>\n                <\/div>\n\n            <\/div>\n        <\/div>","protected":false},"excerpt":{"rendered":"<p>5 dni do rozpocz\u0119cia 56. SFP! &nbsp;najwy\u017cszy czas zaprezentowa\u0107 Pa\u0144stwu sk\u0142ad JURY Konkurs | 56. SFP&nbsp;&#8211; Jaros\u0142aw Wasik &#8211; przewodnicz\u0105cy&nbsp;muzyk,<\/p>\n<p><a href=\"https:\/\/studenckifestiwal.pl\/index.php\/2020\/10\/12\/jury-konkursu-56-sfp\/\" class=\"more-link\">Czytaj wi\u0119cej<span class=\"screen-reader-text\">Jury Konkursu 56. SFP<\/span><\/a><\/p>\n","protected":false},"author":1,"featured_media":2308,"comment_status":"closed","ping_status":"closed","sticky":false,"template":"","format":"standard","meta":{"ngg_post_thumbnail":0,"footnotes":""},"categories":[1],"tags":[],"class_list":["post-2375","post","type-post","status-publish","format-standard","has-post-thumbnail","hentry","category-slider"],"builder_content":"5 dni do rozpocz\u0119cia 56. SFP! <img loading=\"lazy\" decoding=\"async\" src=\"https:\/\/static.xx.fbcdn.net\/images\/emoji.php\/v9\/t6d\/1\/16\/1f973.png\" alt=\"\ud83e\udd73\" width=\"16\" height=\"16\">&nbsp;najwy\u017cszy czas zaprezentowa\u0107 Pa\u0144stwu sk\u0142ad JURY Konkurs | 56. SFP&nbsp;<strong>- Jaros\u0142aw Wasik - przewodnicz\u0105cy<\/strong>&nbsp;muzyk, wokalista, autor tekst\u00f3w, laureat SFP w Krakowie w 1994 roku, Od 2001 r. cz\u0142onek Rady Artystycznej Studenckiego Festiwalu Piosenki w Krakowie. Absolwent kulturoznawstwa na Uniwersytecie Opolskim. Uko\u0144czy\u0142 studia doktoranckie z zakresu kulturoznawstwa w Szkole Wy\u017cszej Psychologii Spo\u0142ecznej w Warszawie. Cz\u0142onek stowarzysze\u0144: ZAiKS oraz STOART. Od 2008 r. jest Dyrektorem Artystycznym Festiwalu Piosenki Artystycznej \u201ePoetycka Dolina\u201d w Warszawie. Pomys\u0142odawca i organizatorwydarzenia poetycko-muzycznego \u201eSpotkajmy si\u0119 przy Osieckiej\u201d w Warszawie. Od 1997 r. cz\u0142onek Rady Programowej Festiwalu FAMA. Od 2013 roku pe\u0142ni funkcj\u0119 dyrektora Muzeum Polskiej Piosenki w Opolu.&nbsp;<strong>- Ewa \u015anie\u017canka<\/strong>&nbsp;piosenkarka, spo\u0142ecznik, dzia\u0142aczka samorz\u0105dowa. W trakcie swojej kariery artystycznej zosta\u0142a uhonorowana wieloma nagrodami, zajmowa\u0142a czo\u0142owe miejsca na Festiwalach, zar\u00f3wno w kraju jak i za granic\u0105.<br>Pierwsze konkursy piosenkarskie wygrywa\u0142a ju\u017c w czasach licealnych. W 1962 r. wyst\u0105pi\u0142a w fina\u0142owym koncercie I Festiwalu M\u0142odych Talent\u00f3w w Szczecinie. W 1964 r. reprezentowa\u0142a m\u0142odzie\u017cowe \u015brodowisko \u0141odzi na Krajowym Festiwalu Piosenki Polskiej w Opolu. W 1974 roku zagra\u0142a epizodyczn\u0105 rol\u0119 w filmie Jej powr\u00f3t. Wsp\u00f3\u0142pracowa\u0142a z Teatrem na Targ\u00f3wku (dzisiaj Rampa) w Warszawie, gdzie wyst\u0105pi\u0142a w wielu spektaklach, m.in. O zachowaniu przy stole czy Miejsce dla gwiazdy. Od 2010 roku gra rol\u0119 Maliny w ciesz\u0105cym si\u0119 ogromnym powodzeniem spektaklu muzycznym Klimakterium i ju\u017c w Warszawie w Teatrze Capitol, jak r\u00f3wnie\u017c w teatrach w ca\u0142ej Polsce i za granic\u0105. Jest aktywnym dzia\u0142aczem spo\u0142ecznym \u2013 w 1993 roku wsp\u00f3\u0142tworzy\u0142a Stowarzyszenie Artyst\u00f3w Wykonawc\u00f3w Utwor\u00f3w Muzycznych i S\u0142owno-Muzycznych SAWP. W latach 1994 \u2013 2002 pe\u0142ni\u0142a funkcj\u0119 sekretarza Zarz\u0105du Stowarzyszenia SAWP, a od 2011 jest cz\u0142onkiem Zarz\u0105du Stowarzyszenia. W kadencjach 1994-1998 i 1998- 2002 by\u0142a Radn\u0105 gminy Warszawa-Wawer, w tym czasie inicjowa\u0142a i organizowa\u0142a liczne akcje spo\u0142eczne i charytatywne. W 1996 roku uko\u0144czy\u0142a Studium prawno-samorz\u0105dowe przy Polskiej Akademii Nauk. Napisa\u0142a prac\u0119 dyplomow\u0105 z zakresu problematyki Ustroju Samorz\u0105du pt. \u201eW poszukiwaniu r\u00f3wnowagi \u2013 jak pogodzi\u0107 funkcj\u0119 radnego pilnuj\u0105cego interes\u00f3w wyborc\u00f3w, wobec praw i obowi\u0105zk\u00f3w radnego w Radzie Gminy\u201d. Obszerne fragmenty tej pracy by\u0142y drukowane w \u201e\u017byciu Warszawy\u201d. W 1998 roku Ewa \u015anie\u017canka zosta\u0142a powo\u0142ana przez Ministra Kultury i Dziedzictwa Narodowego na arbitra Komisji Prawa Autorskiego.<br>W latach 2002-2006 by\u0142a Radn\u0105 m.st. Warszawy.&nbsp;<strong>- Magdalena Turowska<\/strong>&nbsp;polska wokalistka, muzyk, menad\u017cer kultury, w\u0142a\u015bcicielka Agencji Inicjatyw Artystycznych \u201eCytryna\u201d. Wykonawczyni poezji \u015bpiewanej.<br>Ucz\u0119szcza\u0142a do Liceum Muzycznego im. Gra\u017cyny Bacewicz w Koszalinie (klasa fletu). Studiowa\u0142a w WSP w S\u0142upsku (kierunek Wychowanie Muzyczne) oraz w SGH w Warszawie (Podyplomowe Studium Menad\u017cer\u00f3w Kultury) Debiutowa\u0142a z kabaretem De-Ka-De. Potem organizowa\u0142a koncerty pod wsp\u00f3lnym tytu\u0142em \u201eSpotkania przy herbacie z Cytryn\u0105\u201d. W czasie studi\u00f3w zje\u017adzi\u0142a niemal ca\u0142\u0105 Polsk\u0119 bior\u0105c udzia\u0142 w rozmaitych przegl\u0105dach i festiwalach. W maju 1995 roku za\u0142o\u017cy\u0142am Agencj\u0119 Inicjatyw Artystycznych CYTRYNA. W czerwcu 1995 roku w Opolu, na koncercie \u201eKraina \u0141agodno\u015bci\u201d pojawi\u0142 si\u0119 pierwszy wydany pod jej redakcj\u0105 singel promocyjny \u017b\u00f3\u0142ta Cytryna. Rok p\u00f3\u017aniej, r\u00f3wnie\u017c w Opolu ukaza\u0142a si\u0119 Zielona Cytryna \u2013 promocyjna p\u0142yta d\u0142ugograj\u0105ca. Pracowa\u0142a przy tworzeniu cyklicznego programu TVP1 \u201eKraina \u0141agodno\u015bci\u201d. Prowadzi\u0142a audycje: w Radio City w S\u0142upsku, w Radio P\u00f3\u0142noc w Koszalinie i w Radio Pogoda w Warszawie. Redagowa\u0142a seri\u0119 \u201eZ\u0142ota kolekcja\u201d w Kompanii Muzycznej POMATON. Wsp\u00f3\u0142pracowa\u0142a przy tym m.in. z Ew\u0105 Bem, Iren\u0105 Santor, Hann\u0105 Banaszak, Stanis\u0142awem Soyk\u0105, Czes\u0142awem Niemenem. Nale\u017cy do grona Rady Artystycznej Studenckiego Festiwalu Piosenki w Krakowie i Rady Programowej Festiwalu Artystycznego M\u0142odzie\u017cy Akademickiej FAMA w \u015awinouj\u015bciu. Jest za\u0142o\u017cycielk\u0105 i animatork\u0105 Grupy Tw\u00f3rczej MECHANICZNA CYTRYNA. Cz\u0119sto wyst\u0119puje w roli jurora, prowadzi warsztaty artystyczne i wspiera m\u0142odych wykonawc\u00f3w.&nbsp;<strong>- Artur Orzech<\/strong>&nbsp;polski dziennikarz muzyczny, konferansjer oraz prezenter radiowy i telewizyjny. W 1983 by\u0142 wsp\u00f3\u0142za\u0142o\u017cycielem zespo\u0142u rockowego R\u00f3\u017ce Europy, gdzie by\u0142 gitarzyst\u0105 i autorem muzyki na pierwszych dw\u00f3ch p\u0142ytach \u2013 Sta\u0144cie przed lustrami i Krew Marilyn Monroe. Podj\u0105\u0142 prac\u0119 w Radio Dla Ciebie, potem trafi\u0142 do radiowej Jedynki, a w 2001 \u2013 do Tr\u00f3jki. Pierwszy raz w Tr\u00f3jce pojawi\u0142 si\u0119 na pocz\u0105tku lat 90. Prowadzi\u0142 audycj\u0119 Orzech i reszta, a od wrze\u015bnia 2007 prowadzi\u0142 audycj\u0119 Prywatna kolekcja. W latach 2006\u20132015 poprowadzi\u0142 trzy wydania Listy Przeboj\u00f3w Programu Trzeciego. Prowadzi\u0142 te\u017c audycje Zaraz wracam i Trzy kontynenty. Jesieni\u0105 2017 roku w zwi\u0105zku z dzia\u0142aniami \u00f3wczesnego dyrektora Tr\u00f3jki Wiktora \u015awietlika odszed\u0142 ze stacji. W kwietniu 2020 do\u0142\u0105czy\u0142 do zespo\u0142u redakcyjnego internetowej stacji radiowej RadioSpacja.pl jako prezenter audycji Swoj\u0105 drog\u0105. W latach 2003\u20132004 i 2006\u20132007 by\u0142 prowadz\u0105cym polskie eliminacje do Konkursu Piosenki Eurowizji. W latach 1994\u20131997 prowadzi\u0142 popularny program Muzyczna Jedynka emitowany w TVP1. Ponadto, by\u0142 prowadz\u0105cym innych program\u00f3w TVP1: Twoja Lista Przeboj\u00f3w (1997\u20131998), Muzyczny Serwis Jedynki, Studio Orzech (oba w 2000), \u015apiewaj i walcz (2010)[4], \u015awiat si\u0119 kr\u0119ci (2015\u20132016), Hit, Hit, Hurra (2016). Wsp\u00f3\u0142prowadzi\u0142 poranny program TVP2 Pytanie na \u015bniadanie. Od 2019 prowadzi odnowiony konkurs z gatunku talent shows w TVP2, Szansa na sukces.Od 1992 komentuje dla polskich widz\u00f3w Konkurs Piosenki Eurowizji, a od 2004 (z przerw\u0105 zwi\u0105zan\u0105 z brakiem udzia\u0142u Polski) Konkurs Piosenki Eurowizji Junior. 1 pa\u017adziernika 2017 zasiad\u0142 w jury krajowych eliminacji do 15. Konkursu Piosenki Eurowizji Junior. W latach 2016\u20132018 ponownie zosta\u0142 prowadz\u0105cym polskie eliminacje do Konkursu Piosenki Eurowizji. Wielokrotnie prowadzi\u0142 Krajowy Festiwal Piosenki Polskiej w Opolu i Sopot Festival. Prowadzi\u0142 gal\u0119 nagr\u00f3d muzycznych \u201eFryderyk\u00f3w\u201d oraz Telekamer. Od 2011 zasiada w Radzie Akademii Fonograficznej ZPAV w sekcji muzyki rozrywkowej&nbsp;<strong>- Jan Poprawa<\/strong>&nbsp;scenarzysta widowisk muzycznych i spektakli teatralnych, autor i redaktor kilkudziesi\u0119ciu polskich dziennik\u00f3w i periodyk\u00f3w, a tak\u017ce tekst\u00f3w w kilkunastu wydawnictwach zbiorowych. Wsp\u00f3\u0142autor \u201eRaportu o stanie kultury w Krakowie\u201d (1994), autor hase\u0142 w \u201eEncyklopedii Muzycznej PWM\u201d (od 1984) oraz \u201ePopularnej Encyklopedii Powszechnej\u201d (od 1995). Redaktor antologii, m.in. \u201ePami\u0119\u0107\u201d (1996), \u201eSuplement poetycki\u201d (2000); serii wydawniczych \u201eBiblioteka Stowarzyszenia Autor\u00f3w Polskich\u201d (wsp\u00f3lnie z Tadeuszem Skoczkiem, 22 tomy), \u201eSalon Literacki Jana Poprawy\u201d (33 tomy). Redaktor naczelny rocznika kulturalnego \u201ePiosenka\u201d. Juror festiwali polskiej piosenki artystycznej.&nbsp;do\u0142\u0105czajcie do naszych wydarze\u0144 i b\u0105d\u017acie z nami w on lub off line <img loading=\"lazy\" decoding=\"async\" src=\"https:\/\/static.xx.fbcdn.net\/images\/emoji.php\/v9\/t57\/1\/16\/1f609.png\" alt=\"\ud83d\ude09\" width=\"16\" height=\"16\">&nbsp;ZAPRASZAMY!","_links":{"self":[{"href":"https:\/\/studenckifestiwal.pl\/index.php\/wp-json\/wp\/v2\/posts\/2375","targetHints":{"allow":["GET"]}}],"collection":[{"href":"https:\/\/studenckifestiwal.pl\/index.php\/wp-json\/wp\/v2\/posts"}],"about":[{"href":"https:\/\/studenckifestiwal.pl\/index.php\/wp-json\/wp\/v2\/types\/post"}],"author":[{"embeddable":true,"href":"https:\/\/studenckifestiwal.pl\/index.php\/wp-json\/wp\/v2\/users\/1"}],"replies":[{"embeddable":true,"href":"https:\/\/studenckifestiwal.pl\/index.php\/wp-json\/wp\/v2\/comments?post=2375"}],"version-history":[{"count":1,"href":"https:\/\/studenckifestiwal.pl\/index.php\/wp-json\/wp\/v2\/posts\/2375\/revisions"}],"predecessor-version":[{"id":2376,"href":"https:\/\/studenckifestiwal.pl\/index.php\/wp-json\/wp\/v2\/posts\/2375\/revisions\/2376"}],"wp:featuredmedia":[{"embeddable":true,"href":"https:\/\/studenckifestiwal.pl\/index.php\/wp-json\/wp\/v2\/media\/2308"}],"wp:attachment":[{"href":"https:\/\/studenckifestiwal.pl\/index.php\/wp-json\/wp\/v2\/media?parent=2375"}],"wp:term":[{"taxonomy":"category","embeddable":true,"href":"https:\/\/studenckifestiwal.pl\/index.php\/wp-json\/wp\/v2\/categories?post=2375"},{"taxonomy":"post_tag","embeddable":true,"href":"https:\/\/studenckifestiwal.pl\/index.php\/wp-json\/wp\/v2\/tags?post=2375"}],"curies":[{"name":"wp","href":"https:\/\/api.w.org\/{rel}","templated":true}]}}