{"id":2184,"date":"2020-09-22T12:53:29","date_gmt":"2020-09-22T10:53:29","guid":{"rendered":"http:\/\/studenckifestiwal.pl\/?p=2184"},"modified":"2020-09-23T10:07:21","modified_gmt":"2020-09-23T08:07:21","slug":"werdykt-line-on-sfp","status":"publish","type":"post","link":"https:\/\/studenckifestiwal.pl\/index.php\/2020\/09\/22\/werdykt-line-on-sfp\/","title":{"rendered":"Werdykt \u201eLINE-ON SFP\u201e"},"content":{"rendered":"<div class='booster-block booster-read-block'>\n                <div class=\"twp-read-time\">\n                \t<i class=\"booster-icon twp-clock\"><\/i> <span>Read Time:<\/span>0 Second                <\/div>\n\n            <\/div><!--themify_builder_content-->\n<div id=\"themify_builder_content-2184\" data-postid=\"2184\" class=\"themify_builder_content themify_builder_content-2184 themify_builder tf_clear\">\n                    <div  data-lazy=\"1\" class=\"module_row themify_builder_row tb_5u5b7 tb_first tf_w\">\n                        <div class=\"row_inner col_align_top tb_col_count_1 tf_box tf_rel\">\n                        <div  data-lazy=\"1\" class=\"module_column tb-column col-full tb_z2m09 first\">\n                    <!-- module text -->\n<div  class=\"module module-text tb_6w7v978   \" data-lazy=\"1\">\n        <div  class=\"tb_text_wrap\">\n        <div class=\"kvgmc6g5 cxmmr5t8 oygrvhab hcukyx3x c1et5uql ii04i59q\"><div dir=\"auto\">Festiwalowicze!<\/div><div dir=\"auto\">&nbsp;<\/div><\/div><div class=\"o9v6fnle cxmmr5t8 oygrvhab hcukyx3x c1et5uql ii04i59q\"><div dir=\"auto\">mam dla Was oficjalny werdykt Line-on SFP! <span class=\"pq6dq46d tbxw36s4 knj5qynh kvgmc6g5 ditlmg2l oygrvhab nvdbi5me sf5mxxl7 gl3lb2sf hhz5lgdu\"><img loading=\"lazy\" decoding=\"async\" src=\"https:\/\/static.xx.fbcdn.net\/images\/emoji.php\/v9\/t2\/1\/16\/1f60d.png\" alt=\"\ud83d\ude0d\" width=\"16\" height=\"16\"><\/span><\/div><div dir=\"auto\">&nbsp;<\/div><\/div><div class=\"o9v6fnle cxmmr5t8 oygrvhab hcukyx3x c1et5uql ii04i59q\"><div dir=\"auto\">Z wielk\u0105 rado\u015bci\u0105 informujemy, \u017ce zaproszenie do Konkursu g\u0142\u00f3wnego 56. Studenckiego Festiwalu Piosenki w Krakowie, z po raz pierwszy w historii naszego Festiwalu, kwalifikacji przeprowadzonych online, otrzymuj\u0105 <span class=\"pq6dq46d tbxw36s4 knj5qynh kvgmc6g5 ditlmg2l oygrvhab nvdbi5me sf5mxxl7 gl3lb2sf hhz5lgdu\"><img loading=\"lazy\" decoding=\"async\" src=\"https:\/\/static.xx.fbcdn.net\/images\/emoji.php\/v9\/t6d\/1\/16\/1f973.png\" alt=\"\ud83e\udd73\" width=\"16\" height=\"16\"><\/span><\/div><div dir=\"auto\">&nbsp;<\/div><\/div><div class=\"o9v6fnle cxmmr5t8 oygrvhab hcukyx3x c1et5uql ii04i59q\"><div dir=\"auto\">&#8211; Patrycja Ziniewicz<\/div><div dir=\"auto\">&nbsp;<\/div><\/div><div class=\"o9v6fnle cxmmr5t8 oygrvhab hcukyx3x c1et5uql ii04i59q\"><div dir=\"auto\">&#8211; Kasia Siepka<\/div><div dir=\"auto\"><div class=\"nc684nl6\">https:\/\/www.facebook.com\/katarzyna.siepka.9<\/div><div>&nbsp;<\/div><\/div><\/div><div class=\"o9v6fnle cxmmr5t8 oygrvhab hcukyx3x c1et5uql ii04i59q\"><div dir=\"auto\">&#8211; Weronika Koz\u0142owska<\/div><div dir=\"auto\"><a class=\"oajrlxb2 g5ia77u1 qu0x051f esr5mh6w e9989ue4 r7d6kgcz rq0escxv nhd2j8a9 nc684nl6 p7hjln8o kvgmc6g5 cxmmr5t8 oygrvhab hcukyx3x jb3vyjys rz4wbd8a qt6c0cv9 a8nywdso i1ao9s8h esuyzwwr f1sip0of lzcic4wl oo9gr5id gpro0wi8 lrazzd5p\" tabindex=\"0\" role=\"link\" href=\"https:\/\/www.facebook.com\/profile.php?id=100006103081748&amp;__cft__[0]=AZXyifvETsH5vwZ0_eb9zImveJJ3DCp7eeN3Aad4kkGtW3xeVIZZSPMVqRNNEoOEuLcklGo8hliSudArFrb57KR17TsHuBnsu6kckPXLdYaXgrVr6lo9t7kinlJZPrz6LbU7EBbX_hY95xdmg2d1-vycuGx_td5SWiidHknJ-J3jwJn96Ugp3FBIIiBSf8PJrnA&amp;__tn__=-UK-R\">https:\/\/www.facebook.com\/profile.php?id=100006103081748<\/a><\/div><\/div><div class=\"o9v6fnle cxmmr5t8 oygrvhab hcukyx3x c1et5uql ii04i59q\"><div dir=\"auto\">&nbsp;<\/div><div dir=\"auto\">&#8211; Andrzej D\u0119bowski<\/div><div dir=\"auto\"><div class=\"nc684nl6\">https:\/\/www.facebook.com\/anddeb\/<\/div><\/div><\/div><div class=\"o9v6fnle cxmmr5t8 oygrvhab hcukyx3x c1et5uql ii04i59q\"><div dir=\"auto\">&nbsp;<\/div><div dir=\"auto\">ca\u0142\u0105 czw\u00f3rk\u0119 b\u0119dziecie mogli zobaczy\u0107 i us\u0142ysze\u0107 ju\u017c w sobot\u0119, 17 pa\u017adziernika w Ma\u0142opolskim Ogrodzie Sztuki przy ul. Rajskiej 12 w Krakowie, podczas Konkursu g\u0142\u00f3wnego 56. SFP <span class=\"pq6dq46d tbxw36s4 knj5qynh kvgmc6g5 ditlmg2l oygrvhab nvdbi5me sf5mxxl7 gl3lb2sf hhz5lgdu\"><img loading=\"lazy\" decoding=\"async\" src=\"https:\/\/static.xx.fbcdn.net\/images\/emoji.php\/v9\/t58\/1\/16\/1f929.png\" alt=\"\ud83e\udd29\" width=\"16\" height=\"16\"><\/span><\/div><\/div><div class=\"o9v6fnle cxmmr5t8 oygrvhab hcukyx3x c1et5uql ii04i59q\"><div dir=\"auto\">a gdyby by\u0142o Wam do Krakowa by\u0142o nie po drodze, to mo\u017cecie do\u0142\u0105czy\u0107 do nas online, poniewa\u017c wszystkie tegoroczne weekendowe wydarzenia Festiwalowe, transmitowane b\u0119d\u0105 na \u017cywo na naszym profilu.<\/div><\/div><div class=\"o9v6fnle cxmmr5t8 oygrvhab hcukyx3x c1et5uql ii04i59q\">&nbsp;<\/div>    <\/div>\n<\/div>\n<!-- \/module text -->        <\/div>\n                        <\/div>\n        <\/div>\n        <\/div>\n<!--\/themify_builder_content-->        <div class=\"booster-block booster-reactions-block\">\n            <div class=\"twp-reactions-icons\">\n                \n                <div class=\"twp-reacts-wrap\">\n                    <a react-data=\"be-react-1\" post-id=\"2184\" class=\"be-face-icons un-reacted\" href=\"javascript:void(0)\">\n                        <img decoding=\"async\" src=\"https:\/\/studenckifestiwal.pl\/wp-content\/plugins\/booster-extension\/\/assets\/icon\/happy.svg\" alt=\"Happy\">\n                    <\/a>\n                    <div class=\"twp-reaction-title\">\n                        Happy                    <\/div>\n                    <div class=\"twp-count-percent\">\n                                                    <span style=\"display: none;\" class=\"twp-react-count\">0<\/span>\n                        \n                                                <span class=\"twp-react-percent\"><span>0<\/span> %<\/span>\n                                            <\/div>\n                <\/div>\n\n                <div class=\"twp-reacts-wrap\">\n                    <a react-data=\"be-react-2\" post-id=\"2184\" class=\"be-face-icons un-reacted\" href=\"javascript:void(0)\">\n                        <img decoding=\"async\" src=\"https:\/\/studenckifestiwal.pl\/wp-content\/plugins\/booster-extension\/\/assets\/icon\/sad.svg\" alt=\"Sad\">\n                    <\/a>\n                    <div class=\"twp-reaction-title\">\n                        Sad                    <\/div>\n                    <div class=\"twp-count-percent\">\n                                                    <span style=\"display: none;\" class=\"twp-react-count\">0<\/span>\n                                                                        <span class=\"twp-react-percent\"><span>0<\/span> %<\/span>\n                                            <\/div>\n                <\/div>\n\n                <div class=\"twp-reacts-wrap\">\n                    <a react-data=\"be-react-3\" post-id=\"2184\" class=\"be-face-icons un-reacted\" href=\"javascript:void(0)\">\n                        <img decoding=\"async\" src=\"https:\/\/studenckifestiwal.pl\/wp-content\/plugins\/booster-extension\/\/assets\/icon\/excited.svg\" alt=\"Excited\">\n                    <\/a>\n                    <div class=\"twp-reaction-title\">\n                        Excited                    <\/div>\n                    <div class=\"twp-count-percent\">\n                                                    <span style=\"display: none;\" class=\"twp-react-count\">0<\/span>\n                                                                        <span class=\"twp-react-percent\"><span>0<\/span> %<\/span>\n                                            <\/div>\n                <\/div>\n\n                <div class=\"twp-reacts-wrap\">\n                    <a react-data=\"be-react-6\" post-id=\"2184\" class=\"be-face-icons un-reacted\" href=\"javascript:void(0)\">\n                        <img decoding=\"async\" src=\"https:\/\/studenckifestiwal.pl\/wp-content\/plugins\/booster-extension\/\/assets\/icon\/sleepy.svg\" alt=\"Sleepy\">\n                    <\/a>\n                    <div class=\"twp-reaction-title\">\n                        Sleepy                    <\/div>\n                    <div class=\"twp-count-percent\">\n                                                    <span style=\"display: none;\" class=\"twp-react-count\">0<\/span>\n                        \n                                                <span class=\"twp-react-percent\"><span>0<\/span> %<\/span>\n                                            <\/div>\n                <\/div>\n\n                <div class=\"twp-reacts-wrap\">\n                    <a react-data=\"be-react-4\" post-id=\"2184\" class=\"be-face-icons un-reacted\" href=\"javascript:void(0)\">\n                        <img decoding=\"async\" src=\"https:\/\/studenckifestiwal.pl\/wp-content\/plugins\/booster-extension\/\/assets\/icon\/angry.svg\" alt=\"Angry\">\n                    <\/a>\n                    <div class=\"twp-reaction-title\">Angry<\/div>\n                    <div class=\"twp-count-percent\">\n                                                    <span style=\"display: none;\" class=\"twp-react-count\">0<\/span>\n                                                                        <span class=\"twp-react-percent\"><span>0<\/span> %<\/span>\n                        \n                    <\/div>\n                <\/div>\n\n                <div class=\"twp-reacts-wrap\">\n                    <a react-data=\"be-react-5\" post-id=\"2184\" class=\"be-face-icons un-reacted\" href=\"javascript:void(0)\">\n                        <img decoding=\"async\" src=\"https:\/\/studenckifestiwal.pl\/wp-content\/plugins\/booster-extension\/\/assets\/icon\/surprise.svg\" alt=\"Surprise\">\n                    <\/a>\n                    <div class=\"twp-reaction-title\">Surprise<\/div>\n                    <div class=\"twp-count-percent\">\n                                                    <span style=\"display: none;\" class=\"twp-react-count\">0<\/span>\n                                                                        <span class=\"twp-react-percent\"><span>0<\/span> %<\/span>\n                                            <\/div>\n                <\/div>\n\n            <\/div>\n        <\/div>","protected":false},"excerpt":{"rendered":"<p>Festiwalowicze!&nbsp;mam dla Was oficjalny werdykt Line-on SFP! &nbsp;Z wielk\u0105 rado\u015bci\u0105 informujemy, \u017ce zaproszenie do Konkursu g\u0142\u00f3wnego 56. Studenckiego Festiwalu Piosenki<\/p>\n<p><a href=\"https:\/\/studenckifestiwal.pl\/index.php\/2020\/09\/22\/werdykt-line-on-sfp\/\" class=\"more-link\">Czytaj wi\u0119cej<span class=\"screen-reader-text\">Werdykt \u201eLINE-ON SFP\u201e<\/span><\/a><\/p>\n","protected":false},"author":1,"featured_media":2186,"comment_status":"closed","ping_status":"closed","sticky":false,"template":"","format":"standard","meta":{"ngg_post_thumbnail":0,"footnotes":""},"categories":[1],"tags":[],"class_list":["post-2184","post","type-post","status-publish","format-standard","has-post-thumbnail","hentry","category-slider"],"builder_content":"Festiwalowicze!&nbsp;mam dla Was oficjalny werdykt Line-on SFP! <img loading=\"lazy\" decoding=\"async\" src=\"https:\/\/static.xx.fbcdn.net\/images\/emoji.php\/v9\/t2\/1\/16\/1f60d.png\" alt=\"\ud83d\ude0d\" width=\"16\" height=\"16\">&nbsp;Z wielk\u0105 rado\u015bci\u0105 informujemy, \u017ce zaproszenie do Konkursu g\u0142\u00f3wnego 56. Studenckiego Festiwalu Piosenki w Krakowie, z po raz pierwszy w historii naszego Festiwalu, kwalifikacji przeprowadzonych online, otrzymuj\u0105 <img loading=\"lazy\" decoding=\"async\" src=\"https:\/\/static.xx.fbcdn.net\/images\/emoji.php\/v9\/t6d\/1\/16\/1f973.png\" alt=\"\ud83e\udd73\" width=\"16\" height=\"16\">&nbsp;- Patrycja Ziniewicz&nbsp;- Kasia Siepkahttps:\/\/www.facebook.com\/katarzyna.siepka.9&nbsp;- Weronika Koz\u0142owska<a tabindex=\"0\" role=\"link\" href=\"https:\/\/www.facebook.com\/profile.php?id=100006103081748&amp;__cft__[0]=AZXyifvETsH5vwZ0_eb9zImveJJ3DCp7eeN3Aad4kkGtW3xeVIZZSPMVqRNNEoOEuLcklGo8hliSudArFrb57KR17TsHuBnsu6kckPXLdYaXgrVr6lo9t7kinlJZPrz6LbU7EBbX_hY95xdmg2d1-vycuGx_td5SWiidHknJ-J3jwJn96Ugp3FBIIiBSf8PJrnA&amp;__tn__=-UK-R\">https:\/\/www.facebook.com\/profile.php?id=100006103081748<\/a>&nbsp;- Andrzej D\u0119bowskihttps:\/\/www.facebook.com\/anddeb\/&nbsp;ca\u0142\u0105 czw\u00f3rk\u0119 b\u0119dziecie mogli zobaczy\u0107 i us\u0142ysze\u0107 ju\u017c w sobot\u0119, 17 pa\u017adziernika w Ma\u0142opolskim Ogrodzie Sztuki przy ul. Rajskiej 12 w Krakowie, podczas Konkursu g\u0142\u00f3wnego 56. SFP <img loading=\"lazy\" decoding=\"async\" src=\"https:\/\/static.xx.fbcdn.net\/images\/emoji.php\/v9\/t58\/1\/16\/1f929.png\" alt=\"\ud83e\udd29\" width=\"16\" height=\"16\">a gdyby by\u0142o Wam do Krakowa by\u0142o nie po drodze, to mo\u017cecie do\u0142\u0105czy\u0107 do nas online, poniewa\u017c wszystkie tegoroczne weekendowe wydarzenia Festiwalowe, transmitowane b\u0119d\u0105 na \u017cywo na naszym profilu.&nbsp;","_links":{"self":[{"href":"https:\/\/studenckifestiwal.pl\/index.php\/wp-json\/wp\/v2\/posts\/2184","targetHints":{"allow":["GET"]}}],"collection":[{"href":"https:\/\/studenckifestiwal.pl\/index.php\/wp-json\/wp\/v2\/posts"}],"about":[{"href":"https:\/\/studenckifestiwal.pl\/index.php\/wp-json\/wp\/v2\/types\/post"}],"author":[{"embeddable":true,"href":"https:\/\/studenckifestiwal.pl\/index.php\/wp-json\/wp\/v2\/users\/1"}],"replies":[{"embeddable":true,"href":"https:\/\/studenckifestiwal.pl\/index.php\/wp-json\/wp\/v2\/comments?post=2184"}],"version-history":[{"count":4,"href":"https:\/\/studenckifestiwal.pl\/index.php\/wp-json\/wp\/v2\/posts\/2184\/revisions"}],"predecessor-version":[{"id":2286,"href":"https:\/\/studenckifestiwal.pl\/index.php\/wp-json\/wp\/v2\/posts\/2184\/revisions\/2286"}],"wp:featuredmedia":[{"embeddable":true,"href":"https:\/\/studenckifestiwal.pl\/index.php\/wp-json\/wp\/v2\/media\/2186"}],"wp:attachment":[{"href":"https:\/\/studenckifestiwal.pl\/index.php\/wp-json\/wp\/v2\/media?parent=2184"}],"wp:term":[{"taxonomy":"category","embeddable":true,"href":"https:\/\/studenckifestiwal.pl\/index.php\/wp-json\/wp\/v2\/categories?post=2184"},{"taxonomy":"post_tag","embeddable":true,"href":"https:\/\/studenckifestiwal.pl\/index.php\/wp-json\/wp\/v2\/tags?post=2184"}],"curies":[{"name":"wp","href":"https:\/\/api.w.org\/{rel}","templated":true}]}}