{"id":2176,"date":"2020-09-22T12:10:14","date_gmt":"2020-09-22T10:10:14","guid":{"rendered":"http:\/\/studenckifestiwal.pl\/?p=2176"},"modified":"2020-09-22T12:10:14","modified_gmt":"2020-09-22T10:10:14","slug":"marek-dyjak-piekny-instalator-56-sfp","status":"publish","type":"post","link":"https:\/\/studenckifestiwal.pl\/index.php\/2020\/09\/22\/marek-dyjak-piekny-instalator-56-sfp\/","title":{"rendered":"Marek Dyjak &#8222;Pi\u0119kny instalator&#8221; | 56. SFP"},"content":{"rendered":"<div class='booster-block booster-read-block'>\n                <div class=\"twp-read-time\">\n                \t<i class=\"booster-icon twp-clock\"><\/i> <span>Read Time:<\/span>1 Minute, 13 Second                <\/div>\n\n            <\/div><!--themify_builder_content-->\n<div id=\"themify_builder_content-2176\" data-postid=\"2176\" class=\"themify_builder_content themify_builder_content-2176 themify_builder tf_clear\">\n                    <div  data-lazy=\"1\" class=\"module_row themify_builder_row tb_0up0515 tb_first tf_w\">\n                        <div class=\"row_inner col_align_top tb_col_count_1 tf_box tf_rel\">\n                        <div  data-lazy=\"1\" class=\"module_column tb-column col-full tb_huip517 first\">\n                    <!-- module text -->\n<div  class=\"module module-text tb_wynq758   \" data-lazy=\"1\">\n        <div  class=\"tb_text_wrap\">\n        <div class=\"kvgmc6g5 cxmmr5t8 oygrvhab hcukyx3x c1et5uql\">Marek Dyjak go\u015bciem Studenckiego Festiwalu Piosenki! Artysta zaprezentuje materia\u0142 ze swojej nowej p\u0142yty &#8222;Pi\u0119kny instalator&#8221;.<\/div><div>&nbsp;<\/div><div class=\"kvgmc6g5 cxmmr5t8 oygrvhab hcukyx3x c1et5uql\">&#8222;Pi\u0119kny instalator&#8221; to tytu\u0142 albumu Marka Dyjaka, kt\u00f3ra ukaza\u0142a si\u0119 nak\u0142adem wydawnictwa Agora 29 listopada 2019 roku. Jest to tytu\u0142 piosenki, do tekstu Jana Kondraka, kt\u00f3ra by\u0142a pr\u00f3b\u0105 nawi\u0105zania do obrazu Jerzego Dudy-Gracza, t\u0105 piosenk\u0105 Marek Dyjak w 1995 roku wy\u015bpiewa\u0142 jedn\u0105 z nagr\u00f3d Studenckiego Festiwalu Piosenki w Krakowie.<br>Jak sam m\u00f3wi &#8222;Piosenka oczywi\u015bcie zosta\u0142a lekko zmodyfikowana, wcze\u015bniej by\u0142a strasznie agresywna i wulgarna, co da\u0142o mi nagrod\u0119, ale dzi\u015b nikt by jej nie chcia\u0142 pu\u015bci\u0107 w radiu, dlatego na potrzeby tego albumu zosta\u0142a troszeczk\u0119 zmi\u0119kczona&#8221;. Na albumie t\u0119 piosenk\u0119 Marek Dyjak za\u015bpiewa\u0142 w duecie z raperem Vieniem. Go\u015bcinnie na kr\u0105\u017cku pojawi si\u0119 tak\u017ce Renata Przemyk, oraz Zosia Hiszpa\u0144ska m\u0142oda skrzypaczka, graj\u0105ca temat do muzyki z filmu \u201eJasminum\u201d Zygmunta Koniecznego, do kt\u00f3rego s\u0142owa na potrzeby piosenki \u201eMiriam\u201d napisa\u0142 Robert Kasprzycki.<br>Wokalista przyznaje, \u017ce zmienia si\u0119 nieco brzmienie i klimat tego albumu. Jak m\u00f3wi &#8222;B\u0119dzie to inny rodzaj muzyki, nie umiem tego opisa\u0107. Musicie Pa\u0144stwo pos\u0142ucha\u0107. Wydaje mi si\u0119, \u017ce nast\u0105pi\u0142 jaki\u015b zwrot, jaka\u015b progresja.&#8221;<\/div><div class=\"kvgmc6g5 cxmmr5t8 oygrvhab hcukyx3x c1et5uql\">Na p\u0142ycie znajd\u0105 si\u0119 piosenki autorstwa Jana Kondraka, Roberta Kasprzyckiego, Jacka Musiatowicza, Artura Andrusa, Dariusza Mili\u0144skiego i Adama Struga, oraz temat z filmu \u201eJasminum\u201d Zygmunta Koniecznego. Za produkcj\u0119 muzyczn\u0105 i opracowanie ca\u0142o\u015bci materia\u0142u odpowiada Marek Tarnowski, kt\u00f3ry od lat wsp\u00f3\u0142pracuje z Artyst\u0105, tworz\u0105c cz\u0119\u015b\u0107 Jego zespo\u0142u.<\/div><div>&nbsp;<\/div><div class=\"o9v6fnle cxmmr5t8 oygrvhab hcukyx3x c1et5uql\">BILETY:<\/div><div class=\"o9v6fnle cxmmr5t8 oygrvhab hcukyx3x c1et5uql\">1.<\/div><div class=\"o9v6fnle cxmmr5t8 oygrvhab hcukyx3x c1et5uql\">&nbsp;<a class=\"oajrlxb2 g5ia77u1 qu0x051f esr5mh6w e9989ue4 r7d6kgcz rq0escxv nhd2j8a9 nc684nl6 p7hjln8o kvgmc6g5 cxmmr5t8 oygrvhab hcukyx3x jb3vyjys rz4wbd8a qt6c0cv9 a8nywdso i1ao9s8h esuyzwwr f1sip0of lzcic4wl py34i1dx gpro0wi8\" tabindex=\"0\" role=\"link\" href=\"https:\/\/goingapp.pl\/wydarzenie\/marek-dyjak-piekny-instalator-koncert-w-ramach-56-studenckiego-festiwalu-piosenki-w-krakowie\/pazdziernik-2020?fbclid=IwAR22rZ28O3u8OcJnEl5m15jUSt612WcjRrI1aTy87kATWn527moepuW5SFY\" target=\"_blank\" rel=\"nofollow noopener\">https:\/\/goingapp.pl\/&#8230;\/marek-dyjak&#8230;\/pazdziernik-2020<\/a><\/div><div class=\"o9v6fnle cxmmr5t8 oygrvhab hcukyx3x c1et5uql\">2.<br><a class=\"oajrlxb2 g5ia77u1 qu0x051f esr5mh6w e9989ue4 r7d6kgcz rq0escxv nhd2j8a9 nc684nl6 p7hjln8o kvgmc6g5 cxmmr5t8 oygrvhab hcukyx3x jb3vyjys rz4wbd8a qt6c0cv9 a8nywdso i1ao9s8h esuyzwwr f1sip0of lzcic4wl py34i1dx gpro0wi8\" tabindex=\"0\" role=\"link\" href=\"https:\/\/empikbilety.pl\/wydarzenie\/marek-dyjak-piekny-instalator-koncert-w-ramach-56-studenckiego-festiwalu-piosenki-w-krakowie\/pazdziernik-2020?fbclid=IwAR0t0Wt2XqmimfDt90IjbvEzcixEdbE-J9xaMdnIMg9NRNXtxWYsZo5dKRA\" target=\"_blank\" rel=\"nofollow noopener\">https:\/\/empikbilety.pl\/&#8230;\/marek-dyjak&#8230;\/pazdziernik-2020<\/a><\/div>    <\/div>\n<\/div>\n<!-- \/module text -->        <\/div>\n                        <\/div>\n        <\/div>\n        <\/div>\n<!--\/themify_builder_content-->        <div class=\"booster-block booster-reactions-block\">\n            <div class=\"twp-reactions-icons\">\n                \n                <div class=\"twp-reacts-wrap\">\n                    <a react-data=\"be-react-1\" post-id=\"2176\" class=\"be-face-icons un-reacted\" href=\"javascript:void(0)\">\n                        <img decoding=\"async\" src=\"https:\/\/studenckifestiwal.pl\/wp-content\/plugins\/booster-extension\/\/assets\/icon\/happy.svg\" alt=\"Happy\">\n                    <\/a>\n                    <div class=\"twp-reaction-title\">\n                        Happy                    <\/div>\n                    <div class=\"twp-count-percent\">\n                                                    <span style=\"display: none;\" class=\"twp-react-count\">0<\/span>\n                        \n                                                <span class=\"twp-react-percent\"><span>0<\/span> %<\/span>\n                                            <\/div>\n                <\/div>\n\n                <div class=\"twp-reacts-wrap\">\n                    <a react-data=\"be-react-2\" post-id=\"2176\" class=\"be-face-icons un-reacted\" href=\"javascript:void(0)\">\n                        <img decoding=\"async\" src=\"https:\/\/studenckifestiwal.pl\/wp-content\/plugins\/booster-extension\/\/assets\/icon\/sad.svg\" alt=\"Sad\">\n                    <\/a>\n                    <div class=\"twp-reaction-title\">\n                        Sad                    <\/div>\n                    <div class=\"twp-count-percent\">\n                                                    <span style=\"display: none;\" class=\"twp-react-count\">0<\/span>\n                                                                        <span class=\"twp-react-percent\"><span>0<\/span> %<\/span>\n                                            <\/div>\n                <\/div>\n\n                <div class=\"twp-reacts-wrap\">\n                    <a react-data=\"be-react-3\" post-id=\"2176\" class=\"be-face-icons un-reacted\" href=\"javascript:void(0)\">\n                        <img decoding=\"async\" src=\"https:\/\/studenckifestiwal.pl\/wp-content\/plugins\/booster-extension\/\/assets\/icon\/excited.svg\" alt=\"Excited\">\n                    <\/a>\n                    <div class=\"twp-reaction-title\">\n                        Excited                    <\/div>\n                    <div class=\"twp-count-percent\">\n                                                    <span style=\"display: none;\" class=\"twp-react-count\">0<\/span>\n                                                                        <span class=\"twp-react-percent\"><span>0<\/span> %<\/span>\n                                            <\/div>\n                <\/div>\n\n                <div class=\"twp-reacts-wrap\">\n                    <a react-data=\"be-react-6\" post-id=\"2176\" class=\"be-face-icons un-reacted\" href=\"javascript:void(0)\">\n                        <img decoding=\"async\" src=\"https:\/\/studenckifestiwal.pl\/wp-content\/plugins\/booster-extension\/\/assets\/icon\/sleepy.svg\" alt=\"Sleepy\">\n                    <\/a>\n                    <div class=\"twp-reaction-title\">\n                        Sleepy                    <\/div>\n                    <div class=\"twp-count-percent\">\n                                                    <span style=\"display: none;\" class=\"twp-react-count\">0<\/span>\n                        \n                                                <span class=\"twp-react-percent\"><span>0<\/span> %<\/span>\n                                            <\/div>\n                <\/div>\n\n                <div class=\"twp-reacts-wrap\">\n                    <a react-data=\"be-react-4\" post-id=\"2176\" class=\"be-face-icons un-reacted\" href=\"javascript:void(0)\">\n                        <img decoding=\"async\" src=\"https:\/\/studenckifestiwal.pl\/wp-content\/plugins\/booster-extension\/\/assets\/icon\/angry.svg\" alt=\"Angry\">\n                    <\/a>\n                    <div class=\"twp-reaction-title\">Angry<\/div>\n                    <div class=\"twp-count-percent\">\n                                                    <span style=\"display: none;\" class=\"twp-react-count\">0<\/span>\n                                                                        <span class=\"twp-react-percent\"><span>0<\/span> %<\/span>\n                        \n                    <\/div>\n                <\/div>\n\n                <div class=\"twp-reacts-wrap\">\n                    <a react-data=\"be-react-5\" post-id=\"2176\" class=\"be-face-icons un-reacted\" href=\"javascript:void(0)\">\n                        <img decoding=\"async\" src=\"https:\/\/studenckifestiwal.pl\/wp-content\/plugins\/booster-extension\/\/assets\/icon\/surprise.svg\" alt=\"Surprise\">\n                    <\/a>\n                    <div class=\"twp-reaction-title\">Surprise<\/div>\n                    <div class=\"twp-count-percent\">\n                                                    <span style=\"display: none;\" class=\"twp-react-count\">0<\/span>\n                                                                        <span class=\"twp-react-percent\"><span>0<\/span> %<\/span>\n                                            <\/div>\n                <\/div>\n\n            <\/div>\n        <\/div>","protected":false},"excerpt":{"rendered":"<p>Marek Dyjak go\u015bciem Studenckiego Festiwalu Piosenki! Artysta zaprezentuje materia\u0142 ze swojej nowej p\u0142yty &#8222;Pi\u0119kny instalator&#8221;.&nbsp;&#8222;Pi\u0119kny instalator&#8221; to tytu\u0142 albumu Marka<\/p>\n<p><a href=\"https:\/\/studenckifestiwal.pl\/index.php\/2020\/09\/22\/marek-dyjak-piekny-instalator-56-sfp\/\" class=\"more-link\">Czytaj wi\u0119cej<span class=\"screen-reader-text\">Marek Dyjak &#8222;Pi\u0119kny instalator&#8221; | 56. SFP<\/span><\/a><\/p>\n","protected":false},"author":1,"featured_media":2177,"comment_status":"closed","ping_status":"closed","sticky":false,"template":"","format":"standard","meta":{"ngg_post_thumbnail":0,"footnotes":""},"categories":[1],"tags":[],"class_list":["post-2176","post","type-post","status-publish","format-standard","has-post-thumbnail","hentry","category-slider"],"builder_content":"Marek Dyjak go\u015bciem Studenckiego Festiwalu Piosenki! Artysta zaprezentuje materia\u0142 ze swojej nowej p\u0142yty \"Pi\u0119kny instalator\".&nbsp;\"Pi\u0119kny instalator\" to tytu\u0142 albumu Marka Dyjaka, kt\u00f3ra ukaza\u0142a si\u0119 nak\u0142adem wydawnictwa Agora 29 listopada 2019 roku. Jest to tytu\u0142 piosenki, do tekstu Jana Kondraka, kt\u00f3ra by\u0142a pr\u00f3b\u0105 nawi\u0105zania do obrazu Jerzego Dudy-Gracza, t\u0105 piosenk\u0105 Marek Dyjak w 1995 roku wy\u015bpiewa\u0142 jedn\u0105 z nagr\u00f3d Studenckiego Festiwalu Piosenki w Krakowie.<br>Jak sam m\u00f3wi \"Piosenka oczywi\u015bcie zosta\u0142a lekko zmodyfikowana, wcze\u015bniej by\u0142a strasznie agresywna i wulgarna, co da\u0142o mi nagrod\u0119, ale dzi\u015b nikt by jej nie chcia\u0142 pu\u015bci\u0107 w radiu, dlatego na potrzeby tego albumu zosta\u0142a troszeczk\u0119 zmi\u0119kczona\". Na albumie t\u0119 piosenk\u0119 Marek Dyjak za\u015bpiewa\u0142 w duecie z raperem Vieniem. Go\u015bcinnie na kr\u0105\u017cku pojawi si\u0119 tak\u017ce Renata Przemyk, oraz Zosia Hiszpa\u0144ska m\u0142oda skrzypaczka, graj\u0105ca temat do muzyki z filmu \u201eJasminum\u201d Zygmunta Koniecznego, do kt\u00f3rego s\u0142owa na potrzeby piosenki \u201eMiriam\u201d napisa\u0142 Robert Kasprzycki.<br>Wokalista przyznaje, \u017ce zmienia si\u0119 nieco brzmienie i klimat tego albumu. Jak m\u00f3wi \"B\u0119dzie to inny rodzaj muzyki, nie umiem tego opisa\u0107. Musicie Pa\u0144stwo pos\u0142ucha\u0107. Wydaje mi si\u0119, \u017ce nast\u0105pi\u0142 jaki\u015b zwrot, jaka\u015b progresja.\"Na p\u0142ycie znajd\u0105 si\u0119 piosenki autorstwa Jana Kondraka, Roberta Kasprzyckiego, Jacka Musiatowicza, Artura Andrusa, Dariusza Mili\u0144skiego i Adama Struga, oraz temat z filmu \u201eJasminum\u201d Zygmunta Koniecznego. Za produkcj\u0119 muzyczn\u0105 i opracowanie ca\u0142o\u015bci materia\u0142u odpowiada Marek Tarnowski, kt\u00f3ry od lat wsp\u00f3\u0142pracuje z Artyst\u0105, tworz\u0105c cz\u0119\u015b\u0107 Jego zespo\u0142u.&nbsp;BILETY:1.&nbsp;<a tabindex=\"0\" role=\"link\" href=\"https:\/\/goingapp.pl\/wydarzenie\/marek-dyjak-piekny-instalator-koncert-w-ramach-56-studenckiego-festiwalu-piosenki-w-krakowie\/pazdziernik-2020?fbclid=IwAR22rZ28O3u8OcJnEl5m15jUSt612WcjRrI1aTy87kATWn527moepuW5SFY\" target=\"_blank\" rel=\"nofollow noopener\">https:\/\/goingapp.pl\/...\/marek-dyjak...\/pazdziernik-2020<\/a>2.<br><a tabindex=\"0\" role=\"link\" href=\"https:\/\/empikbilety.pl\/wydarzenie\/marek-dyjak-piekny-instalator-koncert-w-ramach-56-studenckiego-festiwalu-piosenki-w-krakowie\/pazdziernik-2020?fbclid=IwAR0t0Wt2XqmimfDt90IjbvEzcixEdbE-J9xaMdnIMg9NRNXtxWYsZo5dKRA\" target=\"_blank\" rel=\"nofollow noopener\">https:\/\/empikbilety.pl\/...\/marek-dyjak...\/pazdziernik-2020<\/a>","_links":{"self":[{"href":"https:\/\/studenckifestiwal.pl\/index.php\/wp-json\/wp\/v2\/posts\/2176","targetHints":{"allow":["GET"]}}],"collection":[{"href":"https:\/\/studenckifestiwal.pl\/index.php\/wp-json\/wp\/v2\/posts"}],"about":[{"href":"https:\/\/studenckifestiwal.pl\/index.php\/wp-json\/wp\/v2\/types\/post"}],"author":[{"embeddable":true,"href":"https:\/\/studenckifestiwal.pl\/index.php\/wp-json\/wp\/v2\/users\/1"}],"replies":[{"embeddable":true,"href":"https:\/\/studenckifestiwal.pl\/index.php\/wp-json\/wp\/v2\/comments?post=2176"}],"version-history":[{"count":3,"href":"https:\/\/studenckifestiwal.pl\/index.php\/wp-json\/wp\/v2\/posts\/2176\/revisions"}],"predecessor-version":[{"id":2180,"href":"https:\/\/studenckifestiwal.pl\/index.php\/wp-json\/wp\/v2\/posts\/2176\/revisions\/2180"}],"wp:featuredmedia":[{"embeddable":true,"href":"https:\/\/studenckifestiwal.pl\/index.php\/wp-json\/wp\/v2\/media\/2177"}],"wp:attachment":[{"href":"https:\/\/studenckifestiwal.pl\/index.php\/wp-json\/wp\/v2\/media?parent=2176"}],"wp:term":[{"taxonomy":"category","embeddable":true,"href":"https:\/\/studenckifestiwal.pl\/index.php\/wp-json\/wp\/v2\/categories?post=2176"},{"taxonomy":"post_tag","embeddable":true,"href":"https:\/\/studenckifestiwal.pl\/index.php\/wp-json\/wp\/v2\/tags?post=2176"}],"curies":[{"name":"wp","href":"https:\/\/api.w.org\/{rel}","templated":true}]}}