{"id":2110,"date":"2020-05-13T14:38:39","date_gmt":"2020-05-13T12:38:39","guid":{"rendered":"http:\/\/studenckifestiwal.pl\/?p=2110"},"modified":"2020-05-13T15:05:03","modified_gmt":"2020-05-13T13:05:03","slug":"mojstudencki-rok-1962","status":"publish","type":"post","link":"https:\/\/studenckifestiwal.pl\/index.php\/2020\/05\/13\/mojstudencki-rok-1962\/","title":{"rendered":"#MOJSTUDENCKI &#8211; rok 1962"},"content":{"rendered":"<div class='booster-block booster-read-block'>\n                <div class=\"twp-read-time\">\n                \t<i class=\"booster-icon twp-clock\"><\/i> <span>Read Time:<\/span>0 Second                <\/div>\n\n            <\/div><!--themify_builder_content-->\n<div id=\"themify_builder_content-2110\" data-postid=\"2110\" class=\"themify_builder_content themify_builder_content-2110 themify_builder tf_clear\">\n                    <div  data-lazy=\"1\" class=\"module_row themify_builder_row tb_v6kf860 tb_first tf_w\">\n                        <div class=\"row_inner col_align_top tb_col_count_1 tf_box tf_rel\">\n                        <div  data-lazy=\"1\" class=\"module_column tb-column col-full tb_vxls862 first\">\n                    <!-- module text -->\n<div  class=\"module module-text tb_1ssl70   \" data-lazy=\"1\">\n        <div  class=\"tb_text_wrap\">\n        <div class=\"kvgmc6g5 cxmmr5t8 oygrvhab hcukyx3x c1et5uql ii04i59q\"><div dir=\"auto\">Rozpoczynamy cykl <a class=\"oajrlxb2 g5ia77u1 qu0x051f esr5mh6w e9989ue4 r7d6kgcz rq0escxv nhd2j8a9 nc684nl6 p7hjln8o kvgmc6g5 cxmmr5t8 oygrvhab hcukyx3x jb3vyjys rz4wbd8a qt6c0cv9 a8nywdso i1ao9s8h esuyzwwr f1sip0of lzcic4wl oo9gr5id gpro0wi8 lrazzd5p\" tabindex=\"0\" role=\"link\" href=\"https:\/\/www.facebook.com\/hashtag\/mojstudencki?__cft__[0]=AZXHUT3o5i_9YqpwMp99pNfBRkm36V-TLHlQFmXWMMksjCdMJXg4afbjigPtTFhzeqD4fnLLUthHSynh0Du9MNYt_3dDpZ-aEoZ7n-1qqbExLJAC3lPagpvSWW1d_UH1EARV8XKJ2WDYy3Yuee5pqraeat7D_1p4SeL0kryFVPSSKg&amp;__tn__=*NK-R\">#mojstudencki<\/a> przenosz\u0105c si\u0119 w czasie do roku 1962 <span class=\"q9uorilb tbxw36s4 knj5qynh kvgmc6g5 ditlmg2l oygrvhab nvdbi5me fgm26odu gl3lb2sf hhz5lgdu\"><img loading=\"lazy\" decoding=\"async\" src=\"https:\/\/static.xx.fbcdn.net\/images\/emoji.php\/v9\/t2\/1\/16\/1f60d.png\" alt=\"?\" width=\"16\" height=\"16\"><\/span><\/div><div dir=\"auto\">&nbsp;<\/div><\/div><div class=\"o9v6fnle cxmmr5t8 oygrvhab hcukyx3x c1et5uql ii04i59q\"><div dir=\"auto\">Pierwszy Konkurs odby\u0142 si\u0119 w dniach 23-25 listopada 1962 w Mi\u0119dzyuczelnianym Klubie Studenckim &#8222;ROTUNDA&#8221; &#8211; P\u00f3\u0142fina\u0142y &#8211; oraz w Filharmonii Krakowskiej &#8211; Fina\u0142 &#8211; pod \u00f3wczesn\u0105 nazw\u0105 \u201eI Og\u00f3lnopolski Studencki Konkurs Piosenkarzy\u201d. Pierwszymi jego laureatami byli (ex aequo) Edward Lubaszenko i Marian Kawski, drugie miejsce w konkursie zaj\u0119\u0142a Ewa Demarczyk. <span class=\"q9uorilb tbxw36s4 knj5qynh kvgmc6g5 ditlmg2l oygrvhab nvdbi5me fgm26odu gl3lb2sf hhz5lgdu\"><img loading=\"lazy\" decoding=\"async\" src=\"https:\/\/static.xx.fbcdn.net\/images\/emoji.php\/v9\/t6d\/1\/16\/1f973.png\" alt=\"?\" width=\"16\" height=\"16\"><\/span><\/div><\/div><div class=\"o9v6fnle cxmmr5t8 oygrvhab hcukyx3x c1et5uql ii04i59q\"><div dir=\"auto\">&nbsp;<\/div><div dir=\"auto\">Po zako\u0144czeniu Konkursu redaktor Ryszard Taedling w artykule &#8222;Krakowianie najlepsi&#8221; kt\u00f3ry ukaza\u0142 si\u0119 w, \u201eDziennik Polski\u201d 27 XI 1962 tak pisa\u0142 o wydarzeniu:<\/div><\/div><div class=\"o9v6fnle cxmmr5t8 oygrvhab hcukyx3x c1et5uql ii04i59q\"><div dir=\"auto\">&nbsp;<\/div><div dir=\"auto\">&#8222;Niedzielny koncert fina\u0142owy w Filharmonii zako\u0144czy\u0142 I Og\u00f3lnopolski Konkurs Studenckich Piosenkarzy. (\u2026) Cieszymy si\u0119, \u017ce krakowscy studenci odnie\u015bli spory sukces, zdobywaj\u0105c dwie pierwsze nagrody.Cho\u0107 Ewa Demarczyk (studentka PWST) otrzyma\u0142a dopiero II nagrod\u0119 \u2013 by\u0142a bez w\u0105tpienia najciekawsz\u0105 indywidualno\u015bci\u0105 ca\u0142ego konkursu. \u015awietne warunki g\u0142osowe, kultura (kt\u00f3rej, niestety, brakowa\u0142o wielu innym wykonawcom),interesuj\u0105ca interpretacja \u2013 wszystko to sprawi\u0142o, \u017ce publiczno\u015b\u0107 oklaskiwa\u0142a j\u0105 wr\u0119cz huraganowo. Ale cz\u0119\u015b\u0107 braw nale\u017cy si\u0119 r\u00f3wnie\u017c autorom \u015bpiewanych przez Demarczyk piosenek: pi\u0119knej \u201eKaruzeli z madonnami\u201d (s\u0142owa M. Bia\u0142oszewskiego) i\u201eCzemu Pan\u201d (s\u0142owa A. Osieckiej), do kt\u00f3rych muzyk\u0119 skomponowa\u0142 krakowianin Zygmunt Konieczny. Te dwa utwory szczeg\u00f3lnie odbija\u0142y od poziomu innych piosenek, kt\u00f3re, niestety, cz\u0119sto irytowa\u0142y swoimi tekstami. \u015apiewano o r\u00f3\u017cnych pu\u0142kownikach graj\u0105cych na skrzypcach, o dzikich Helkach i wr\u00f3\u017ckach Kej etc. Wszystko to oscylowa\u0142o mi\u0119dzy md\u0142\u0105 poezj\u0105 a pretensjonaln\u0105 niezwyk\u0142o\u015bci\u0105. W sumie I Og\u00f3lnopolski Konkurs Studenckich Piosenkarzy uzna\u0107 nale\u017cy za imprez\u0119 udan\u0105. Zaprezentowano dorobek piosenkarski ca\u0142ego naszego \u015brodowiska studenckiego, ujawniaj\u0105c sporo ciekawych indywidualno\u015bci. Mamy nadziej\u0119, \u017ce o tych piosenkarzach jeszcze kiedy\u015b us\u0142yszymy\u2026&#8221; <span class=\"q9uorilb tbxw36s4 knj5qynh kvgmc6g5 ditlmg2l oygrvhab nvdbi5me fgm26odu gl3lb2sf hhz5lgdu\"><img loading=\"lazy\" decoding=\"async\" src=\"https:\/\/static.xx.fbcdn.net\/images\/emoji.php\/v9\/t6d\/1\/16\/1f973.png\" alt=\"?\" width=\"16\" height=\"16\"><\/span><span class=\"q9uorilb tbxw36s4 knj5qynh kvgmc6g5 ditlmg2l oygrvhab nvdbi5me fgm26odu gl3lb2sf hhz5lgdu\"><img loading=\"lazy\" decoding=\"async\" src=\"https:\/\/static.xx.fbcdn.net\/images\/emoji.php\/v9\/t58\/1\/16\/1f929.png\" alt=\"?\" width=\"16\" height=\"16\"><\/span><span class=\"q9uorilb tbxw36s4 knj5qynh kvgmc6g5 ditlmg2l oygrvhab nvdbi5me fgm26odu gl3lb2sf hhz5lgdu\"><img loading=\"lazy\" decoding=\"async\" src=\"https:\/\/static.xx.fbcdn.net\/images\/emoji.php\/v9\/tea\/1\/16\/1f970.png\" alt=\"?\" width=\"16\" height=\"16\"><\/span><\/div><div dir=\"auto\">&nbsp;<\/div><\/div><div class=\"o9v6fnle cxmmr5t8 oygrvhab hcukyx3x c1et5uql ii04i59q\"><div dir=\"auto\">Wszystkie materia\u0142y kt\u00f3re b\u0119dziemy dla Pa\u0144stwa publikowa\u0107 pochodz\u0105 z prywatnego archiwum cz\u0142owieka legendy naszego Festiwalu &#8211; Jana Poprawy.<\/div><\/div>    <\/div>\n<\/div>\n<!-- \/module text -->        <\/div>\n                        <\/div>\n        <\/div>\n                        <div  data-lazy=\"1\" class=\"module_row themify_builder_row tb_b7cw169 tf_w\">\n                        <div class=\"row_inner col_align_top tb_col_count_1 tf_box tf_rel\">\n                        <div  data-lazy=\"1\" class=\"module_column tb-column col-full tb_67ey169 first\">\n                    <!-- module gallery -->\n<div  class=\"module gallery module-gallery tb_ok2s129 layout-slider  \" data-lazy=\"1\">\n                <div class=\"tf_swiper-container tf_carousel themify_builder_slider tf_rel tf_overflow\"\n              data-lazy=\"1\"                data-pager=\"0\"\n                data-speed=\"normal\"\n                data-slider_nav=\"0\"\n                data-wrapvar=\"1\"\n                data-height=\"variable\"\n                                    data-effect=\"scroll\"\n                                        data-css_url=\"https:\/\/studenckifestiwal.pl\/wp-content\/plugins\/themify-builder\/css\/modules\/sliders\/carousel,https:\/\/studenckifestiwal.pl\/wp-content\/plugins\/themify-builder\/css\/modules\/sliders\/gallery\"\n                                        data-auto=\"4\"\n                    data-pause_hover=\"1\"\n                                                                                                                data-thumbs=\"tb_ok2s129_thumbs\"\n                                                             >\n            <div class=\"tf_swiper-wrapper tf_lazy tf_rel tf_w tf_h tf_textc\">\n                                                    <div class=\"tf_swiper-slide\" style=\"\">\n                        <div class=\"slide-inner-wrap\">\n                            <div class=\"tf_lazy slide-image gallery-icon\">\n                            <a href=\"https:\/\/studenckifestiwal.pl\/wp-content\/uploads\/2020\/05\/96697589_2833644750075975_1395162904256315392_o.jpg\" class=\"themify_lightbox\"><img src=\"data:image\/svg+xml,%3Csvg%20xmlns=%27http:\/\/www.w3.org\/2000\/svg%27%20width='400'%20height='600'%20viewBox=%270%200%20400%20600%27%3E%3C\/svg%3E\" loading=\"lazy\" data-lazy=\"1\" data-tf-not-load=\"1\" style=\"background:linear-gradient(to right,#3c3322 25%,#302815 25% 50%,#89816e 50% 75%,#877f6c 75%),linear-gradient(to right,#231e0a 25%,#e4d5c0 25% 50%,#271f12 50% 75%,#282212 75%),linear-gradient(to right,#2a2311 25%,#423928 25% 50%,#b7ac9a 50% 75%,#4d4433 75%),linear-gradient(to right,#39311e 25%,#3a3120 25% 50%,#c4b7a4 50% 75%,#e4d4bb 75%)\" decoding=\"async\" data-tf-src=\"https:\/\/studenckifestiwal.pl\/wp-content\/uploads\/2020\/05\/96697589_2833644750075975_1395162904256315392_o-662x1024-400x600.jpg\" width=\"400\" height=\"600\" class=\"tf_svg_lazy wp-post-image wp-image-2113\" title=\"96697589_2833644750075975_1395162904256315392_o\" alt=\"96697589_2833644750075975_1395162904256315392_o\"><noscript><img loading=\"lazy\" decoding=\"async\" data-tf-not-load src=\"https:\/\/studenckifestiwal.pl\/wp-content\/uploads\/2020\/05\/96697589_2833644750075975_1395162904256315392_o-662x1024-400x600.jpg\" width=\"400\" height=\"600\" class=\"wp-post-image wp-image-2113\" title=\"96697589_2833644750075975_1395162904256315392_o\" alt=\"96697589_2833644750075975_1395162904256315392_o\"><\/noscript><\/a>                            <\/div>\n                                                            <div class=\"slide-content tf_opacity tf_texl tf_abs\">\n                                    \n                                                                            <p>Ewa Demarczyk 1962-2 (fot.Janusz Cichalewski) #mojstudencki<\/p>\n                                                                    <\/div>\n                                                    <\/div><\/div>\n                                    <div class=\"tf_swiper-slide\" style=\"display:none\">\n                        <div class=\"slide-inner-wrap\">\n                            <div class=\"tf_lazy slide-image gallery-icon\">\n                            <a href=\"https:\/\/studenckifestiwal.pl\/wp-content\/uploads\/2020\/05\/96948568_2833644740075976_3886423388259876864_o.jpg\" class=\"themify_lightbox\"><img src=\"data:image\/svg+xml,%3Csvg%20xmlns=%27http:\/\/www.w3.org\/2000\/svg%27%20width='400'%20height='600'%20viewBox=%270%200%20400%20600%27%3E%3C\/svg%3E\" loading=\"lazy\" data-lazy=\"1\" data-tf-not-load=\"1\" style=\"background:linear-gradient(to right,#2d2614 25%,#534a3b 25% 50%,#1e1707 50% 75%,#201a0a 75%),linear-gradient(to right,#201708 25%,#211807 25% 50%,#f3e2d0 50% 75%,#251d10 75%),linear-gradient(to right,#2a2112 25%,#1f1605 25% 50%,#1c1304 50% 75%,#1e1506 75%),linear-gradient(to right,#c5b8a5 25%,#261f0f 25% 50%,#221b0b 50% 75%,#c8bdab 75%)\" decoding=\"async\" data-tf-src=\"https:\/\/studenckifestiwal.pl\/wp-content\/uploads\/2020\/05\/96948568_2833644740075976_3886423388259876864_o-685x1024-400x600.jpg\" width=\"400\" height=\"600\" class=\"tf_svg_lazy wp-post-image wp-image-2114\" title=\"96948568_2833644740075976_3886423388259876864_o\" alt=\"96948568_2833644740075976_3886423388259876864_o\"><noscript><img loading=\"lazy\" decoding=\"async\" data-tf-not-load src=\"https:\/\/studenckifestiwal.pl\/wp-content\/uploads\/2020\/05\/96948568_2833644740075976_3886423388259876864_o-685x1024-400x600.jpg\" width=\"400\" height=\"600\" class=\"wp-post-image wp-image-2114\" title=\"96948568_2833644740075976_3886423388259876864_o\" alt=\"96948568_2833644740075976_3886423388259876864_o\"><\/noscript><\/a>                            <\/div>\n                                                            <div class=\"slide-content tf_opacity tf_texl tf_abs\">\n                                    \n                                                                            <p>Demarczyk Ewa (fot.Andrzej Moskwiak) #mojstudencki<\/p>\n                                                                    <\/div>\n                                                    <\/div><\/div>\n                                    <div class=\"tf_swiper-slide\" style=\"display:none\">\n                        <div class=\"slide-inner-wrap\">\n                            <div class=\"tf_lazy slide-image gallery-icon\">\n                            <a href=\"https:\/\/studenckifestiwal.pl\/wp-content\/uploads\/2020\/05\/97107188_2833644420076008_3404560484651761664_n.jpg\" class=\"themify_lightbox\"><img src=\"data:image\/svg+xml,%3Csvg%20xmlns=%27http:\/\/www.w3.org\/2000\/svg%27%20width='400'%20height='600'%20viewBox=%270%200%20400%20600%27%3E%3C\/svg%3E\" loading=\"lazy\" data-lazy=\"1\" data-tf-not-load=\"1\" style=\"background:linear-gradient(to right,#363636 25%,#282828 25% 50%,#505050 50% 75%,#d8d8d8 75%),linear-gradient(to right,#484848 25%,#262626 25% 50%,#4e4e4e 50% 75%,#1f1f1f 75%),linear-gradient(to right,#0f0f0f 25%,#020202 25% 50%,#434343 50% 75%,#fdfdfd 75%),linear-gradient(to right,#7c7c7c 25%,#fafafa 25% 50%,#f0f0f0 50% 75%,#f5f5f5 75%)\" decoding=\"async\" data-tf-src=\"https:\/\/studenckifestiwal.pl\/wp-content\/uploads\/2020\/05\/97107188_2833644420076008_3404560484651761664_n-400x600.jpg\" width=\"400\" height=\"600\" class=\"tf_svg_lazy wp-post-image wp-image-2115\" title=\"97107188_2833644420076008_3404560484651761664_n\" alt=\"97107188_2833644420076008_3404560484651761664_n\"><noscript><img loading=\"lazy\" decoding=\"async\" data-tf-not-load src=\"https:\/\/studenckifestiwal.pl\/wp-content\/uploads\/2020\/05\/97107188_2833644420076008_3404560484651761664_n-400x600.jpg\" width=\"400\" height=\"600\" class=\"wp-post-image wp-image-2115\" title=\"97107188_2833644420076008_3404560484651761664_n\" alt=\"97107188_2833644420076008_3404560484651761664_n\"><\/noscript><\/a>                            <\/div>\n                                                            <div class=\"slide-content tf_opacity tf_texl tf_abs\">\n                                    \n                                                                            <p>Abratowski Jerzy 1962 #mojstudencki<\/p>\n                                                                    <\/div>\n                                                    <\/div><\/div>\n                                    <div class=\"tf_swiper-slide\" style=\"display:none\">\n                        <div class=\"slide-inner-wrap\">\n                            <div class=\"tf_lazy slide-image gallery-icon\">\n                            <a href=\"https:\/\/studenckifestiwal.pl\/wp-content\/uploads\/2020\/05\/97144852_2833644590075991_471762575047000064_n-1.jpg\" class=\"themify_lightbox\"><img src=\"data:image\/svg+xml,%3Csvg%20xmlns=%27http:\/\/www.w3.org\/2000\/svg%27%20width='400'%20height='600'%20viewBox=%270%200%20400%20600%27%3E%3C\/svg%3E\" loading=\"lazy\" data-lazy=\"1\" data-tf-not-load=\"1\" style=\"background:linear-gradient(to right,#1e1a0f 25%,#28241b 25% 50%,#241d13 50% 75%,#221d17 75%),linear-gradient(to right,#211d12 25%,#736d61 25% 50%,#312a20 50% 75%,#252116 75%),linear-gradient(to right,#2c251b 25%,#362f25 25% 50%,#251e16 50% 75%,#372e25 75%),linear-gradient(to right,#a19d94 25%,#aca39c 25% 50%,#6c655b 50% 75%,#594f46 75%)\" decoding=\"async\" data-tf-src=\"https:\/\/studenckifestiwal.pl\/wp-content\/uploads\/2020\/05\/97144852_2833644590075991_471762575047000064_n-1-400x600.jpg\" width=\"400\" height=\"600\" class=\"tf_svg_lazy wp-post-image wp-image-2116\" title=\"97144852_2833644590075991_471762575047000064_n\" alt=\"97144852_2833644590075991_471762575047000064_n\"><noscript><img loading=\"lazy\" decoding=\"async\" data-tf-not-load src=\"https:\/\/studenckifestiwal.pl\/wp-content\/uploads\/2020\/05\/97144852_2833644590075991_471762575047000064_n-1-400x600.jpg\" width=\"400\" height=\"600\" class=\"wp-post-image wp-image-2116\" title=\"97144852_2833644590075991_471762575047000064_n\" alt=\"97144852_2833644590075991_471762575047000064_n\"><\/noscript><\/a>                            <\/div>\n                                                            <div class=\"slide-content tf_opacity tf_texl tf_abs\">\n                                    \n                                                                            <p>Edward Lubaszenko 1962 (fot.arch Kalambur) #mojstudencki<\/p>\n                                                                    <\/div>\n                                                    <\/div><\/div>\n                                    <div class=\"tf_swiper-slide\" style=\"display:none\">\n                        <div class=\"slide-inner-wrap\">\n                            <div class=\"tf_lazy slide-image gallery-icon\">\n                            <a href=\"https:\/\/studenckifestiwal.pl\/wp-content\/uploads\/2020\/05\/97251184_2833644826742634_8779983982860173312_o.jpg\" class=\"themify_lightbox\"><img src=\"data:image\/svg+xml,%3Csvg%20xmlns=%27http:\/\/www.w3.org\/2000\/svg%27%20width='400'%20height='600'%20viewBox=%270%200%20400%20600%27%3E%3C\/svg%3E\" loading=\"lazy\" data-lazy=\"1\" data-tf-not-load=\"1\" style=\"background:linear-gradient(to right,#5f5a54 25%,#807b75 25% 50%,#130f0c 50% 75%,#544f49 75%),linear-gradient(to right,#595853 25%,#6c6761 25% 50%,#ada69e 50% 75%,#65605a 75%),linear-gradient(to right,#4e4943 25%,#514c48 25% 50%,#46413d 50% 75%,#56514d 75%),linear-gradient(to right,#534e48 25%,#433e38 25% 50%,#524d47 50% 75%,#1f1c17 75%)\" decoding=\"async\" data-tf-src=\"https:\/\/studenckifestiwal.pl\/wp-content\/uploads\/2020\/05\/97251184_2833644826742634_8779983982860173312_o-758x1024-400x600.jpg\" width=\"400\" height=\"600\" class=\"tf_svg_lazy wp-post-image wp-image-2117\" title=\"97251184_2833644826742634_8779983982860173312_o\" alt=\"97251184_2833644826742634_8779983982860173312_o\"><noscript><img loading=\"lazy\" decoding=\"async\" data-tf-not-load src=\"https:\/\/studenckifestiwal.pl\/wp-content\/uploads\/2020\/05\/97251184_2833644826742634_8779983982860173312_o-758x1024-400x600.jpg\" width=\"400\" height=\"600\" class=\"wp-post-image wp-image-2117\" title=\"97251184_2833644826742634_8779983982860173312_o\" alt=\"97251184_2833644826742634_8779983982860173312_o\"><\/noscript><\/a>                            <\/div>\n                                                            <div class=\"slide-content tf_opacity tf_texl tf_abs\">\n                                    \n                                                                            <p>Marian Kawski 1962-1 (fot.Wies\u0142aw Bugaj) #mojstudencki<\/p>\n                                                                    <\/div>\n                                                    <\/div><\/div>\n                                    <div class=\"tf_swiper-slide\" style=\"display:none\">\n                        <div class=\"slide-inner-wrap\">\n                            <div class=\"tf_lazy slide-image gallery-icon\">\n                            <a href=\"https:\/\/studenckifestiwal.pl\/wp-content\/uploads\/2020\/05\/97504741_2833644673409316_2937408505457410048_o.jpg\" class=\"themify_lightbox\"><img src=\"data:image\/svg+xml,%3Csvg%20xmlns=%27http:\/\/www.w3.org\/2000\/svg%27%20width='400'%20height='600'%20viewBox=%270%200%20400%20600%27%3E%3C\/svg%3E\" loading=\"lazy\" data-lazy=\"1\" data-tf-not-load=\"1\" style=\"background:linear-gradient(to right,#221e13 25%,#211c16 25% 50%,#211d14 50% 75%,#252118 75%),linear-gradient(to right,#231f16 25%,#332c22 25% 50%,#241b14 50% 75%,#262219 75%),linear-gradient(to right,#262217 25%,#251e16 25% 50%,#d4cabe 50% 75%,#2a261d 75%),linear-gradient(to right,#262217 25%,#242017 25% 50%,#231f14 50% 75%,#2b271e 75%)\" decoding=\"async\" data-tf-src=\"https:\/\/studenckifestiwal.pl\/wp-content\/uploads\/2020\/05\/97504741_2833644673409316_2937408505457410048_o-745x1024-400x600.jpg\" width=\"400\" height=\"600\" class=\"tf_svg_lazy wp-post-image wp-image-2118\" title=\"97504741_2833644673409316_2937408505457410048_o\" alt=\"97504741_2833644673409316_2937408505457410048_o\"><noscript><img loading=\"lazy\" decoding=\"async\" data-tf-not-load src=\"https:\/\/studenckifestiwal.pl\/wp-content\/uploads\/2020\/05\/97504741_2833644673409316_2937408505457410048_o-745x1024-400x600.jpg\" width=\"400\" height=\"600\" class=\"wp-post-image wp-image-2118\" title=\"97504741_2833644673409316_2937408505457410048_o\" alt=\"97504741_2833644673409316_2937408505457410048_o\"><\/noscript><\/a>                            <\/div>\n                                                            <div class=\"slide-content tf_opacity tf_texl tf_abs\">\n                                    \n                                                                            <p>Alaszewicz Maria 1962-3 (fot.Tadeusz Drankowski) #mojstudencki<\/p>\n                                                                    <\/div>\n                                                    <\/div><\/div>\n                                    <div class=\"tf_swiper-slide\" style=\"display:none\">\n                        <div class=\"slide-inner-wrap\">\n                            <div class=\"tf_lazy slide-image gallery-icon\">\n                            <a href=\"https:\/\/studenckifestiwal.pl\/wp-content\/uploads\/2020\/05\/97010764_2833644620075988_4291599530538827776_o.jpg\" class=\"themify_lightbox\"><img src=\"data:image\/svg+xml,%3Csvg%20xmlns=%27http:\/\/www.w3.org\/2000\/svg%27%20width='400'%20height='600'%20viewBox=%270%200%20400%20600%27%3E%3C\/svg%3E\" loading=\"lazy\" data-lazy=\"1\" data-tf-not-load=\"1\" style=\"background:linear-gradient(to right,#4c4c4c 25%,#fbfbfb 25% 50%,#fcfcfc 50% 75%,#fbfbfb 75%),linear-gradient(to right,#f7f7f7 25%,#fbfbfb 25% 50%,#fbfbfb 50% 75%,#c2c2c2 75%),linear-gradient(to right,#363636 25%,#fbfbfb 25% 50%,#fbfbfb 50% 75%,#fbfbfb 75%),linear-gradient(to right,#5c5c5c 25%,#fbfbfb 25% 50%,#fbfbfb 50% 75%,#fbfbfb 75%)\" decoding=\"async\" data-tf-src=\"https:\/\/studenckifestiwal.pl\/wp-content\/uploads\/2020\/05\/97010764_2833644620075988_4291599530538827776_o-1024x724-400x600.jpg\" width=\"400\" height=\"600\" class=\"tf_svg_lazy wp-post-image wp-image-2119\" title=\"97010764_2833644620075988_4291599530538827776_o\" alt=\"97010764_2833644620075988_4291599530538827776_o\"><noscript><img loading=\"lazy\" decoding=\"async\" data-tf-not-load src=\"https:\/\/studenckifestiwal.pl\/wp-content\/uploads\/2020\/05\/97010764_2833644620075988_4291599530538827776_o-1024x724-400x600.jpg\" width=\"400\" height=\"600\" class=\"wp-post-image wp-image-2119\" title=\"97010764_2833644620075988_4291599530538827776_o\" alt=\"97010764_2833644620075988_4291599530538827776_o\"><\/noscript><\/a>                            <\/div>\n                                                    <\/div><\/div>\n                            <\/div>\n        <\/div>\n                    <div class=\"themify_builder_slider_vertical tf_rel\">\n                <div class=\"tf_swiper-container tf_carousel themify_builder_slider tb_ok2s129_thumbs tf_swiper-thumbs tf_rel tf_overflow\"\n              data-lazy=\"1\"                data-pager=\"1\"\n                data-speed=\"normal\"\n                data-slider_nav=\"1\"\n                data-wrapvar=\"1\"\n                data-height=\"variable\"\n                                                                            data-thumbs-id=\"tb_ok2s129_thumbs\"\n                                                                 data-visible=\"4\" \n                data-tab-visible=\"\"\n                data-mob-visible=\"0\"\n                data-scroll=\"1\"\n                                         >\n            <div class=\"tf_swiper-wrapper tf_lazy tf_rel tf_w tf_h tf_textc\">\n                                                    <div class=\"tf_swiper-slide\" style=\"\">\n                        <div class=\"slide-inner-wrap\">\n                            <div class=\"tf_lazy slide-image gallery-icon\">\n                            <img src=\"data:image\/svg+xml,%3Csvg%20xmlns=%27http:\/\/www.w3.org\/2000\/svg%27%20width='300'%20height='200'%20viewBox=%270%200%20300%20200%27%3E%3C\/svg%3E\" loading=\"lazy\" data-lazy=\"1\" data-tf-not-load=\"1\" style=\"background:linear-gradient(to right,#251e0e 25%,#d8d0bb 25% 50%,#2d2614 50% 75%,#887f6e 75%),linear-gradient(to right,#a59d8a 25%,#c9bca9 25% 50%,#2f2615 50% 75%,#22190a 75%),linear-gradient(to right,#a89c8c 25%,#362d1c 25% 50%,#cbbca9 50% 75%,#241d0d 75%),linear-gradient(to right,#261d0c 25%,#3b3421 25% 50%,#e2d2bb 50% 75%,#5c5344 75%)\" decoding=\"async\" data-tf-src=\"https:\/\/studenckifestiwal.pl\/wp-content\/uploads\/2020\/05\/96697589_2833644750075975_1395162904256315392_o-662x1024-300x200.jpg\" width=\"300\" height=\"200\" class=\"tf_svg_lazy wp-post-image wp-image-2113\" title=\"96697589_2833644750075975_1395162904256315392_o\" alt=\"96697589_2833644750075975_1395162904256315392_o\"><noscript><img loading=\"lazy\" decoding=\"async\" data-tf-not-load src=\"https:\/\/studenckifestiwal.pl\/wp-content\/uploads\/2020\/05\/96697589_2833644750075975_1395162904256315392_o-662x1024-300x200.jpg\" width=\"300\" height=\"200\" class=\"wp-post-image wp-image-2113\" title=\"96697589_2833644750075975_1395162904256315392_o\" alt=\"96697589_2833644750075975_1395162904256315392_o\"><\/noscript>                            <\/div>\n                                                    <\/div><\/div>\n                                    <div class=\"tf_swiper-slide\" style=\"\">\n                        <div class=\"slide-inner-wrap\">\n                            <div class=\"tf_lazy slide-image gallery-icon\">\n                            <img src=\"data:image\/svg+xml,%3Csvg%20xmlns=%27http:\/\/www.w3.org\/2000\/svg%27%20width='300'%20height='200'%20viewBox=%270%200%20300%20200%27%3E%3C\/svg%3E\" loading=\"lazy\" data-lazy=\"1\" data-tf-not-load=\"1\" style=\"background:linear-gradient(to right,#231a0b 25%,#5c5042 25% 50%,#e9ddcd 50% 75%,#342b1c 75%),linear-gradient(to right,#201909 25%,#292011 25% 50%,#e0d1be 50% 75%,#1f1808 75%),linear-gradient(to right,#221b0b 25%,#1f1605 25% 50%,#eadbc8 50% 75%,#231c0c 75%),linear-gradient(to right,#605748 25%,#221908 25% 50%,#241b0c 50% 75%,#271e0f 75%)\" decoding=\"async\" data-tf-src=\"https:\/\/studenckifestiwal.pl\/wp-content\/uploads\/2020\/05\/96948568_2833644740075976_3886423388259876864_o-685x1024-300x200.jpg\" width=\"300\" height=\"200\" class=\"tf_svg_lazy wp-post-image wp-image-2114\" title=\"96948568_2833644740075976_3886423388259876864_o\" alt=\"96948568_2833644740075976_3886423388259876864_o\"><noscript><img loading=\"lazy\" decoding=\"async\" data-tf-not-load src=\"https:\/\/studenckifestiwal.pl\/wp-content\/uploads\/2020\/05\/96948568_2833644740075976_3886423388259876864_o-685x1024-300x200.jpg\" width=\"300\" height=\"200\" class=\"wp-post-image wp-image-2114\" title=\"96948568_2833644740075976_3886423388259876864_o\" alt=\"96948568_2833644740075976_3886423388259876864_o\"><\/noscript>                            <\/div>\n                                                    <\/div><\/div>\n                                    <div class=\"tf_swiper-slide\" style=\"\">\n                        <div class=\"slide-inner-wrap\">\n                            <div class=\"tf_lazy slide-image gallery-icon\">\n                            <img src=\"data:image\/svg+xml,%3Csvg%20xmlns=%27http:\/\/www.w3.org\/2000\/svg%27%20width='300'%20height='200'%20viewBox=%270%200%20300%20200%27%3E%3C\/svg%3E\" loading=\"lazy\" data-lazy=\"1\" data-tf-not-load=\"1\" style=\"background:linear-gradient(to right,#5b5b5b 25%,#252525 25% 50%,#5f5f5f 50% 75%,#040404 75%),linear-gradient(to right,#c9c9c9 25%,#020202 25% 50%,#464646 50% 75%,#f9f9f9 75%),linear-gradient(to right,#959595 25%,#010101 25% 50%,#424242 50% 75%,#fafafa 75%),linear-gradient(to right,#cfcfcf 25%,#6c6c6c 25% 50%,#afafaf 50% 75%,#f4f4f4 75%)\" decoding=\"async\" data-tf-src=\"https:\/\/studenckifestiwal.pl\/wp-content\/uploads\/2020\/05\/97107188_2833644420076008_3404560484651761664_n-300x200.jpg\" width=\"300\" height=\"200\" class=\"tf_svg_lazy wp-post-image wp-image-2115\" title=\"97107188_2833644420076008_3404560484651761664_n\" alt=\"97107188_2833644420076008_3404560484651761664_n\"><noscript><img loading=\"lazy\" decoding=\"async\" data-tf-not-load src=\"https:\/\/studenckifestiwal.pl\/wp-content\/uploads\/2020\/05\/97107188_2833644420076008_3404560484651761664_n-300x200.jpg\" width=\"300\" height=\"200\" class=\"wp-post-image wp-image-2115\" title=\"97107188_2833644420076008_3404560484651761664_n\" alt=\"97107188_2833644420076008_3404560484651761664_n\"><\/noscript>                            <\/div>\n                                                    <\/div><\/div>\n                                    <div class=\"tf_swiper-slide\" style=\"\">\n                        <div class=\"slide-inner-wrap\">\n                            <div class=\"tf_lazy slide-image gallery-icon\">\n                            <img src=\"data:image\/svg+xml,%3Csvg%20xmlns=%27http:\/\/www.w3.org\/2000\/svg%27%20width='300'%20height='200'%20viewBox=%270%200%20300%20200%27%3E%3C\/svg%3E\" loading=\"lazy\" data-lazy=\"1\" data-tf-not-load=\"1\" style=\"background:linear-gradient(to right,#231c12 25%,#2d261c 25% 50%,#211d12 50% 75%,#211d12 75%),linear-gradient(to right,#1e1a0f 25%,#eae7e0 25% 50%,#251e14 50% 75%,#211d12 75%),linear-gradient(to right,#272016 25%,#312a20 25% 50%,#242015 50% 75%,#2d2920 75%),linear-gradient(to right,#2a2319 25%,#3c332a 25% 50%,#777066 50% 75%,#3b3229 75%)\" decoding=\"async\" data-tf-src=\"https:\/\/studenckifestiwal.pl\/wp-content\/uploads\/2020\/05\/97144852_2833644590075991_471762575047000064_n-1-300x200.jpg\" width=\"300\" height=\"200\" class=\"tf_svg_lazy wp-post-image wp-image-2116\" title=\"97144852_2833644590075991_471762575047000064_n\" alt=\"97144852_2833644590075991_471762575047000064_n\"><noscript><img loading=\"lazy\" decoding=\"async\" data-tf-not-load src=\"https:\/\/studenckifestiwal.pl\/wp-content\/uploads\/2020\/05\/97144852_2833644590075991_471762575047000064_n-1-300x200.jpg\" width=\"300\" height=\"200\" class=\"wp-post-image wp-image-2116\" title=\"97144852_2833644590075991_471762575047000064_n\" alt=\"97144852_2833644590075991_471762575047000064_n\"><\/noscript>                            <\/div>\n                                                    <\/div><\/div>\n                                    <div class=\"tf_swiper-slide\" style=\"display:none\">\n                        <div class=\"slide-inner-wrap\">\n                            <div class=\"tf_lazy slide-image gallery-icon\">\n                            <img src=\"data:image\/svg+xml,%3Csvg%20xmlns=%27http:\/\/www.w3.org\/2000\/svg%27%20width='300'%20height='200'%20viewBox=%270%200%20300%20200%27%3E%3C\/svg%3E\" loading=\"lazy\" data-lazy=\"1\" data-tf-not-load=\"1\" style=\"background:linear-gradient(to right,#49443e 25%,#5d5852 25% 50%,#b3aca2 50% 75%,#645f59 75%),linear-gradient(to right,#46413b 25%,#615c56 25% 50%,#d5d1c8 50% 75%,#37322e 75%),linear-gradient(to right,#4e4943 25%,#645f59 25% 50%,#423d39 50% 75%,#433e3a 75%),linear-gradient(to right,#524d47 25%,#45403c 25% 50%,#4f4a46 50% 75%,#4e4943 75%)\" decoding=\"async\" data-tf-src=\"https:\/\/studenckifestiwal.pl\/wp-content\/uploads\/2020\/05\/97251184_2833644826742634_8779983982860173312_o-758x1024-300x200.jpg\" width=\"300\" height=\"200\" class=\"tf_svg_lazy wp-post-image wp-image-2117\" title=\"97251184_2833644826742634_8779983982860173312_o\" alt=\"97251184_2833644826742634_8779983982860173312_o\"><noscript><img loading=\"lazy\" decoding=\"async\" data-tf-not-load src=\"https:\/\/studenckifestiwal.pl\/wp-content\/uploads\/2020\/05\/97251184_2833644826742634_8779983982860173312_o-758x1024-300x200.jpg\" width=\"300\" height=\"200\" class=\"wp-post-image wp-image-2117\" title=\"97251184_2833644826742634_8779983982860173312_o\" alt=\"97251184_2833644826742634_8779983982860173312_o\"><\/noscript>                            <\/div>\n                                                    <\/div><\/div>\n                                    <div class=\"tf_swiper-slide\" style=\"display:none\">\n                        <div class=\"slide-inner-wrap\">\n                            <div class=\"tf_lazy slide-image gallery-icon\">\n                            <img src=\"data:image\/svg+xml,%3Csvg%20xmlns=%27http:\/\/www.w3.org\/2000\/svg%27%20width='300'%20height='200'%20viewBox=%270%200%20300%20200%27%3E%3C\/svg%3E\" loading=\"lazy\" data-lazy=\"1\" data-tf-not-load=\"1\" style=\"background:linear-gradient(to right,#242015 25%,#221e15 25% 50%,#221e15 50% 75%,#28241b 75%),linear-gradient(to right,#242017 25%,#dfd3c3 25% 50%,#f9eddd 50% 75%,#262217 75%),linear-gradient(to right,#252116 25%,#221e15 25% 50%,#39322a 50% 75%,#272318 75%),linear-gradient(to right,#262217 25%,#242017 25% 50%,#fcfdeb 50% 75%,#282419 75%)\" decoding=\"async\" data-tf-src=\"https:\/\/studenckifestiwal.pl\/wp-content\/uploads\/2020\/05\/97504741_2833644673409316_2937408505457410048_o-745x1024-300x200.jpg\" width=\"300\" height=\"200\" class=\"tf_svg_lazy wp-post-image wp-image-2118\" title=\"97504741_2833644673409316_2937408505457410048_o\" alt=\"97504741_2833644673409316_2937408505457410048_o\"><noscript><img loading=\"lazy\" decoding=\"async\" data-tf-not-load src=\"https:\/\/studenckifestiwal.pl\/wp-content\/uploads\/2020\/05\/97504741_2833644673409316_2937408505457410048_o-745x1024-300x200.jpg\" width=\"300\" height=\"200\" class=\"wp-post-image wp-image-2118\" title=\"97504741_2833644673409316_2937408505457410048_o\" alt=\"97504741_2833644673409316_2937408505457410048_o\"><\/noscript>                            <\/div>\n                                                    <\/div><\/div>\n                                    <div class=\"tf_swiper-slide\" style=\"display:none\">\n                        <div class=\"slide-inner-wrap\">\n                            <div class=\"tf_lazy slide-image gallery-icon\">\n                            <img src=\"data:image\/svg+xml,%3Csvg%20xmlns=%27http:\/\/www.w3.org\/2000\/svg%27%20width='300'%20height='200'%20viewBox=%270%200%20300%20200%27%3E%3C\/svg%3E\" loading=\"lazy\" data-lazy=\"1\" data-tf-not-load=\"1\" style=\"background:linear-gradient(to right,#9a9a9a 25%,#f3f3f3 25% 50%,#fbfbfb 50% 75%,#fbfbfb 75%),linear-gradient(to right,#b2b2b2 25%,#fbfbfb 25% 50%,#ffffff 50% 75%,#fafafa 75%),linear-gradient(to right,#8e8e8e 25%,#fafafa 25% 50%,#fbfbfb 50% 75%,#f2f2f2 75%),linear-gradient(to right,#ffffff 25%,#818181 25% 50%,#fbfbfb 50% 75%,#f7f7f7 75%)\" decoding=\"async\" data-tf-src=\"https:\/\/studenckifestiwal.pl\/wp-content\/uploads\/2020\/05\/97010764_2833644620075988_4291599530538827776_o-1024x724-300x200.jpg\" width=\"300\" height=\"200\" class=\"tf_svg_lazy wp-post-image wp-image-2119\" title=\"97010764_2833644620075988_4291599530538827776_o\" alt=\"97010764_2833644620075988_4291599530538827776_o\"><noscript><img loading=\"lazy\" decoding=\"async\" data-tf-not-load src=\"https:\/\/studenckifestiwal.pl\/wp-content\/uploads\/2020\/05\/97010764_2833644620075988_4291599530538827776_o-1024x724-300x200.jpg\" width=\"300\" height=\"200\" class=\"wp-post-image wp-image-2119\" title=\"97010764_2833644620075988_4291599530538827776_o\" alt=\"97010764_2833644620075988_4291599530538827776_o\"><\/noscript>                            <\/div>\n                                                    <\/div><\/div>\n                            <\/div>\n        <\/div>\n                <\/div>\n    <\/div>\n<!-- \/module gallery -->        <\/div>\n                        <\/div>\n        <\/div>\n        <\/div>\n<!--\/themify_builder_content-->        <div class=\"booster-block booster-reactions-block\">\n            <div class=\"twp-reactions-icons\">\n                \n                <div class=\"twp-reacts-wrap\">\n                    <a react-data=\"be-react-1\" post-id=\"2110\" class=\"be-face-icons un-reacted\" href=\"javascript:void(0)\">\n                        <img decoding=\"async\" src=\"https:\/\/studenckifestiwal.pl\/wp-content\/plugins\/booster-extension\/\/assets\/icon\/happy.svg\" alt=\"Happy\">\n                    <\/a>\n                    <div class=\"twp-reaction-title\">\n                        Happy                    <\/div>\n                    <div class=\"twp-count-percent\">\n                                                    <span style=\"display: none;\" class=\"twp-react-count\">0<\/span>\n                        \n                                                <span class=\"twp-react-percent\"><span>0<\/span> %<\/span>\n                                            <\/div>\n                <\/div>\n\n                <div class=\"twp-reacts-wrap\">\n                    <a react-data=\"be-react-2\" post-id=\"2110\" class=\"be-face-icons un-reacted\" href=\"javascript:void(0)\">\n                        <img decoding=\"async\" src=\"https:\/\/studenckifestiwal.pl\/wp-content\/plugins\/booster-extension\/\/assets\/icon\/sad.svg\" alt=\"Sad\">\n                    <\/a>\n                    <div class=\"twp-reaction-title\">\n                        Sad                    <\/div>\n                    <div class=\"twp-count-percent\">\n                                                    <span style=\"display: none;\" class=\"twp-react-count\">0<\/span>\n                                                                        <span class=\"twp-react-percent\"><span>0<\/span> %<\/span>\n                                            <\/div>\n                <\/div>\n\n                <div class=\"twp-reacts-wrap\">\n                    <a react-data=\"be-react-3\" post-id=\"2110\" class=\"be-face-icons un-reacted\" href=\"javascript:void(0)\">\n                        <img decoding=\"async\" src=\"https:\/\/studenckifestiwal.pl\/wp-content\/plugins\/booster-extension\/\/assets\/icon\/excited.svg\" alt=\"Excited\">\n                    <\/a>\n                    <div class=\"twp-reaction-title\">\n                        Excited                    <\/div>\n                    <div class=\"twp-count-percent\">\n                                                    <span style=\"display: none;\" class=\"twp-react-count\">0<\/span>\n                                                                        <span class=\"twp-react-percent\"><span>0<\/span> %<\/span>\n                                            <\/div>\n                <\/div>\n\n                <div class=\"twp-reacts-wrap\">\n                    <a react-data=\"be-react-6\" post-id=\"2110\" class=\"be-face-icons un-reacted\" href=\"javascript:void(0)\">\n                        <img decoding=\"async\" src=\"https:\/\/studenckifestiwal.pl\/wp-content\/plugins\/booster-extension\/\/assets\/icon\/sleepy.svg\" alt=\"Sleepy\">\n                    <\/a>\n                    <div class=\"twp-reaction-title\">\n                        Sleepy                    <\/div>\n                    <div class=\"twp-count-percent\">\n                                                    <span style=\"display: none;\" class=\"twp-react-count\">0<\/span>\n                        \n                                                <span class=\"twp-react-percent\"><span>0<\/span> %<\/span>\n                                            <\/div>\n                <\/div>\n\n                <div class=\"twp-reacts-wrap\">\n                    <a react-data=\"be-react-4\" post-id=\"2110\" class=\"be-face-icons un-reacted\" href=\"javascript:void(0)\">\n                        <img decoding=\"async\" src=\"https:\/\/studenckifestiwal.pl\/wp-content\/plugins\/booster-extension\/\/assets\/icon\/angry.svg\" alt=\"Angry\">\n                    <\/a>\n                    <div class=\"twp-reaction-title\">Angry<\/div>\n                    <div class=\"twp-count-percent\">\n                                                    <span style=\"display: none;\" class=\"twp-react-count\">0<\/span>\n                                                                        <span class=\"twp-react-percent\"><span>0<\/span> %<\/span>\n                        \n                    <\/div>\n                <\/div>\n\n                <div class=\"twp-reacts-wrap\">\n                    <a react-data=\"be-react-5\" post-id=\"2110\" class=\"be-face-icons un-reacted\" href=\"javascript:void(0)\">\n                        <img decoding=\"async\" src=\"https:\/\/studenckifestiwal.pl\/wp-content\/plugins\/booster-extension\/\/assets\/icon\/surprise.svg\" alt=\"Surprise\">\n                    <\/a>\n                    <div class=\"twp-reaction-title\">Surprise<\/div>\n                    <div class=\"twp-count-percent\">\n                                                    <span style=\"display: none;\" class=\"twp-react-count\">0<\/span>\n                                                                        <span class=\"twp-react-percent\"><span>0<\/span> %<\/span>\n                                            <\/div>\n                <\/div>\n\n            <\/div>\n        <\/div>","protected":false},"excerpt":{"rendered":"<p>Rozpoczynamy cykl #mojstudencki przenosz\u0105c si\u0119 w czasie do roku 1962 &nbsp;Pierwszy Konkurs odby\u0142 si\u0119 w dniach 23-25 listopada 1962 w<\/p>\n<p><a href=\"https:\/\/studenckifestiwal.pl\/index.php\/2020\/05\/13\/mojstudencki-rok-1962\/\" class=\"more-link\">Czytaj wi\u0119cej<span class=\"screen-reader-text\">#MOJSTUDENCKI &#8211; rok 1962<\/span><\/a><\/p>\n","protected":false},"author":1,"featured_media":2140,"comment_status":"closed","ping_status":"closed","sticky":false,"template":"","format":"standard","meta":{"ngg_post_thumbnail":0,"footnotes":""},"categories":[1],"tags":[],"class_list":["post-2110","post","type-post","status-publish","format-standard","has-post-thumbnail","hentry","category-slider"],"builder_content":"Rozpoczynamy cykl <a tabindex=\"0\" role=\"link\" href=\"https:\/\/www.facebook.com\/hashtag\/mojstudencki?__cft__[0]=AZXHUT3o5i_9YqpwMp99pNfBRkm36V-TLHlQFmXWMMksjCdMJXg4afbjigPtTFhzeqD4fnLLUthHSynh0Du9MNYt_3dDpZ-aEoZ7n-1qqbExLJAC3lPagpvSWW1d_UH1EARV8XKJ2WDYy3Yuee5pqraeat7D_1p4SeL0kryFVPSSKg&amp;__tn__=*NK-R\">#mojstudencki<\/a> przenosz\u0105c si\u0119 w czasie do roku 1962 <img loading=\"lazy\" decoding=\"async\" src=\"https:\/\/static.xx.fbcdn.net\/images\/emoji.php\/v9\/t2\/1\/16\/1f60d.png\" alt=\"?\" width=\"16\" height=\"16\">&nbsp;Pierwszy Konkurs odby\u0142 si\u0119 w dniach 23-25 listopada 1962 w Mi\u0119dzyuczelnianym Klubie Studenckim \"ROTUNDA\" - P\u00f3\u0142fina\u0142y - oraz w Filharmonii Krakowskiej - Fina\u0142 - pod \u00f3wczesn\u0105 nazw\u0105 \u201eI Og\u00f3lnopolski Studencki Konkurs Piosenkarzy\u201d. Pierwszymi jego laureatami byli (ex aequo) Edward Lubaszenko i Marian Kawski, drugie miejsce w konkursie zaj\u0119\u0142a Ewa Demarczyk. <img loading=\"lazy\" decoding=\"async\" src=\"https:\/\/static.xx.fbcdn.net\/images\/emoji.php\/v9\/t6d\/1\/16\/1f973.png\" alt=\"?\" width=\"16\" height=\"16\">&nbsp;Po zako\u0144czeniu Konkursu redaktor Ryszard Taedling w artykule \"Krakowianie najlepsi\" kt\u00f3ry ukaza\u0142 si\u0119 w, \u201eDziennik Polski\u201d 27 XI 1962 tak pisa\u0142 o wydarzeniu:&nbsp;\"Niedzielny koncert fina\u0142owy w Filharmonii zako\u0144czy\u0142 I Og\u00f3lnopolski Konkurs Studenckich Piosenkarzy. (\u2026) Cieszymy si\u0119, \u017ce krakowscy studenci odnie\u015bli spory sukces, zdobywaj\u0105c dwie pierwsze nagrody.Cho\u0107 Ewa Demarczyk (studentka PWST) otrzyma\u0142a dopiero II nagrod\u0119 \u2013 by\u0142a bez w\u0105tpienia najciekawsz\u0105 indywidualno\u015bci\u0105 ca\u0142ego konkursu. \u015awietne warunki g\u0142osowe, kultura (kt\u00f3rej, niestety, brakowa\u0142o wielu innym wykonawcom),interesuj\u0105ca interpretacja \u2013 wszystko to sprawi\u0142o, \u017ce publiczno\u015b\u0107 oklaskiwa\u0142a j\u0105 wr\u0119cz huraganowo. Ale cz\u0119\u015b\u0107 braw nale\u017cy si\u0119 r\u00f3wnie\u017c autorom \u015bpiewanych przez Demarczyk piosenek: pi\u0119knej \u201eKaruzeli z madonnami\u201d (s\u0142owa M. Bia\u0142oszewskiego) i\u201eCzemu Pan\u201d (s\u0142owa A. Osieckiej), do kt\u00f3rych muzyk\u0119 skomponowa\u0142 krakowianin Zygmunt Konieczny. Te dwa utwory szczeg\u00f3lnie odbija\u0142y od poziomu innych piosenek, kt\u00f3re, niestety, cz\u0119sto irytowa\u0142y swoimi tekstami. \u015apiewano o r\u00f3\u017cnych pu\u0142kownikach graj\u0105cych na skrzypcach, o dzikich Helkach i wr\u00f3\u017ckach Kej etc. Wszystko to oscylowa\u0142o mi\u0119dzy md\u0142\u0105 poezj\u0105 a pretensjonaln\u0105 niezwyk\u0142o\u015bci\u0105. W sumie I Og\u00f3lnopolski Konkurs Studenckich Piosenkarzy uzna\u0107 nale\u017cy za imprez\u0119 udan\u0105. Zaprezentowano dorobek piosenkarski ca\u0142ego naszego \u015brodowiska studenckiego, ujawniaj\u0105c sporo ciekawych indywidualno\u015bci. Mamy nadziej\u0119, \u017ce o tych piosenkarzach jeszcze kiedy\u015b us\u0142yszymy\u2026\" <img loading=\"lazy\" decoding=\"async\" src=\"https:\/\/static.xx.fbcdn.net\/images\/emoji.php\/v9\/t6d\/1\/16\/1f973.png\" alt=\"?\" width=\"16\" height=\"16\"><img loading=\"lazy\" decoding=\"async\" src=\"https:\/\/static.xx.fbcdn.net\/images\/emoji.php\/v9\/t58\/1\/16\/1f929.png\" alt=\"?\" width=\"16\" height=\"16\"><img loading=\"lazy\" decoding=\"async\" src=\"https:\/\/static.xx.fbcdn.net\/images\/emoji.php\/v9\/tea\/1\/16\/1f970.png\" alt=\"?\" width=\"16\" height=\"16\">&nbsp;Wszystkie materia\u0142y kt\u00f3re b\u0119dziemy dla Pa\u0144stwa publikowa\u0107 pochodz\u0105 z prywatnego archiwum cz\u0142owieka legendy naszego Festiwalu - Jana Poprawy.\n[gallery ids=\"2113,2114,2115,2116,2117,2118,2119\"]","_links":{"self":[{"href":"https:\/\/studenckifestiwal.pl\/index.php\/wp-json\/wp\/v2\/posts\/2110","targetHints":{"allow":["GET"]}}],"collection":[{"href":"https:\/\/studenckifestiwal.pl\/index.php\/wp-json\/wp\/v2\/posts"}],"about":[{"href":"https:\/\/studenckifestiwal.pl\/index.php\/wp-json\/wp\/v2\/types\/post"}],"author":[{"embeddable":true,"href":"https:\/\/studenckifestiwal.pl\/index.php\/wp-json\/wp\/v2\/users\/1"}],"replies":[{"embeddable":true,"href":"https:\/\/studenckifestiwal.pl\/index.php\/wp-json\/wp\/v2\/comments?post=2110"}],"version-history":[{"count":20,"href":"https:\/\/studenckifestiwal.pl\/index.php\/wp-json\/wp\/v2\/posts\/2110\/revisions"}],"predecessor-version":[{"id":2139,"href":"https:\/\/studenckifestiwal.pl\/index.php\/wp-json\/wp\/v2\/posts\/2110\/revisions\/2139"}],"wp:featuredmedia":[{"embeddable":true,"href":"https:\/\/studenckifestiwal.pl\/index.php\/wp-json\/wp\/v2\/media\/2140"}],"wp:attachment":[{"href":"https:\/\/studenckifestiwal.pl\/index.php\/wp-json\/wp\/v2\/media?parent=2110"}],"wp:term":[{"taxonomy":"category","embeddable":true,"href":"https:\/\/studenckifestiwal.pl\/index.php\/wp-json\/wp\/v2\/categories?post=2110"},{"taxonomy":"post_tag","embeddable":true,"href":"https:\/\/studenckifestiwal.pl\/index.php\/wp-json\/wp\/v2\/tags?post=2110"}],"curies":[{"name":"wp","href":"https:\/\/api.w.org\/{rel}","templated":true}]}}