{"id":2107,"date":"2020-05-13T14:35:22","date_gmt":"2020-05-13T12:35:22","guid":{"rendered":"http:\/\/studenckifestiwal.pl\/?p=2107"},"modified":"2020-05-13T15:07:40","modified_gmt":"2020-05-13T13:07:40","slug":"rozpoczynamy-cykl-mojstudencki","status":"publish","type":"post","link":"https:\/\/studenckifestiwal.pl\/index.php\/2020\/05\/13\/rozpoczynamy-cykl-mojstudencki\/","title":{"rendered":"Rozpoczynamy cykl #mojstudencki"},"content":{"rendered":"<div class='booster-block booster-read-block'>\n                <div class=\"twp-read-time\">\n                \t<i class=\"booster-icon twp-clock\"><\/i> <span>Read Time:<\/span>0 Second                <\/div>\n\n            <\/div><!--themify_builder_content-->\n<div id=\"themify_builder_content-2107\" data-postid=\"2107\" class=\"themify_builder_content themify_builder_content-2107 themify_builder tf_clear\">\n                    <div  data-lazy=\"1\" class=\"module_row themify_builder_row tb_5ghi508 tb_first tf_w\">\n                        <div class=\"row_inner col_align_top tb_col_count_1 tf_box tf_rel\">\n                        <div  data-lazy=\"1\" class=\"module_column tb-column col-full tb_if6t511 first\">\n                    <!-- module text -->\n<div  class=\"module module-text tb_ymh1686   \" data-lazy=\"1\">\n        <div  class=\"tb_text_wrap\">\n        <div class=\"kvgmc6g5 cxmmr5t8 oygrvhab hcukyx3x c1et5uql ii04i59q\"><div dir=\"auto\">Uwaga! <span class=\"q9uorilb tbxw36s4 knj5qynh kvgmc6g5 ditlmg2l oygrvhab nvdbi5me fgm26odu gl3lb2sf hhz5lgdu\"><img loading=\"lazy\" decoding=\"async\" src=\"https:\/\/static.xx.fbcdn.net\/images\/emoji.php\/v9\/t58\/1\/16\/1f929.png\" alt=\"?\" width=\"16\" height=\"16\"><\/span> Dzieje sie!<\/div><div dir=\"auto\">&nbsp;<\/div><div dir=\"auto\">kochani, rozpoczynamy cykl wspomnie\u0144 z ponad p\u00f3\u0142wiecznej historii naszego Festiwalu <a class=\"oajrlxb2 g5ia77u1 qu0x051f esr5mh6w e9989ue4 r7d6kgcz rq0escxv nhd2j8a9 nc684nl6 p7hjln8o kvgmc6g5 cxmmr5t8 oygrvhab hcukyx3x jb3vyjys rz4wbd8a qt6c0cv9 a8nywdso i1ao9s8h esuyzwwr f1sip0of lzcic4wl oo9gr5id gpro0wi8 lrazzd5p\" tabindex=\"0\" role=\"link\" href=\"https:\/\/www.facebook.com\/hashtag\/mojstudencki?__cft__[0]=AZUHEmOJX112F85t4TK6AiR61W3tf4iCXxqcDliXRlWlWIITPfx52HSuBj9D00oawfVPeSiwWQaosjyAU3rUdDTae3LEzE_uSG6S2uxqzxhCe1n8y24wOXp8uf2PCDBpCRnya3pPRjVogY5PKmd2ob-PbEwllUOImaePSUbClG2oRw&amp;__tn__=*NK-R\">#mojstudencki<\/a> &#8211; 58 lat! 55 edycji! Setki koncert\u00f3w i Tysi\u0105ce wspomnie\u0144! <span class=\"q9uorilb tbxw36s4 knj5qynh kvgmc6g5 ditlmg2l oygrvhab nvdbi5me fgm26odu gl3lb2sf hhz5lgdu\"><img loading=\"lazy\" decoding=\"async\" src=\"https:\/\/static.xx.fbcdn.net\/images\/emoji.php\/v9\/t2\/1\/16\/1f60d.png\" alt=\"?\" width=\"16\" height=\"16\"><\/span> tym wszystkim chcemy si\u0119 z Wami podzieli\u0107.<\/div><\/div><div class=\"o9v6fnle cxmmr5t8 oygrvhab hcukyx3x c1et5uql ii04i59q\"><div dir=\"auto\">Co kilka dni tutaj na naszym profilu oraz na stroni\u0119 internetowej b\u0119dziemy publikowa\u0107 archiwalne materia\u0142y z ka\u017cdej edycji SFP pocz\u0105wszy od 1962 roku. <span class=\"q9uorilb tbxw36s4 knj5qynh kvgmc6g5 ditlmg2l oygrvhab nvdbi5me fgm26odu gl3lb2sf hhz5lgdu\"><img loading=\"lazy\" decoding=\"async\" src=\"https:\/\/static.xx.fbcdn.net\/images\/emoji.php\/v9\/t6d\/1\/16\/1f973.png\" alt=\"?\" width=\"16\" height=\"16\"><\/span><\/div><div dir=\"auto\">&nbsp;<\/div><\/div><div class=\"o9v6fnle cxmmr5t8 oygrvhab hcukyx3x c1et5uql ii04i59q\"><div dir=\"auto\">Jako przedsmak prezentujemy zdj\u0119cie pierwszego oficjalnego plakatu naszego Festiwalu z 1965 roku kt\u00f3ry w\u00f3wczas nazywa\u0142 si\u0119 Og\u00f3lnopolskim Studenckim Konkursem Piosenkarzy <span class=\"q9uorilb tbxw36s4 knj5qynh kvgmc6g5 ditlmg2l oygrvhab nvdbi5me fgm26odu gl3lb2sf hhz5lgdu\"><img loading=\"lazy\" decoding=\"async\" src=\"https:\/\/static.xx.fbcdn.net\/images\/emoji.php\/v9\/t2\/1\/16\/1f60d.png\" alt=\"?\" width=\"16\" height=\"16\"><\/span><\/div><div dir=\"auto\">&nbsp;<\/div><\/div><div class=\"o9v6fnle cxmmr5t8 oygrvhab hcukyx3x c1et5uql ii04i59q\"><div dir=\"auto\">Je\u015bli kt\u00f3ra\u015b z edycji Festiwalu by\u0142 na dla Was szczeg\u00f3lnie wa\u017cna, a w swoich zbiorach dysponujecie archiwaliami z ni\u0105 zwi\u0105zanymi, to PROSIMY! podzielcie si\u0119 z nami wklejaj\u0105c je w komentarzach lub wysy\u0142aj\u0105c na nasz adres e-mail: studenckifestiwal@gmail.com.<\/div><\/div><div class=\"o9v6fnle cxmmr5t8 oygrvhab hcukyx3x c1et5uql ii04i59q\"><div dir=\"auto\">Je\u015bli posiadacie wy\u0142\u0105cznie wspomnienia, to r\u00f3wnie\u017c zach\u0119camy do podzielenia si\u0119 nimi w komentarzach. <span class=\"q9uorilb tbxw36s4 knj5qynh kvgmc6g5 ditlmg2l oygrvhab nvdbi5me fgm26odu gl3lb2sf hhz5lgdu\"><img loading=\"lazy\" decoding=\"async\" src=\"https:\/\/static.xx.fbcdn.net\/images\/emoji.php\/v9\/t58\/1\/16\/1f929.png\" alt=\"?\" width=\"16\" height=\"16\"><\/span><\/div><div dir=\"auto\">&nbsp;<\/div><\/div><div class=\"o9v6fnle cxmmr5t8 oygrvhab hcukyx3x c1et5uql ii04i59q\"><div dir=\"auto\">Wszystkie materia\u0142y kt\u00f3re b\u0119dziemy dla Pa\u0144stwa publikowa\u0107 pochodz\u0105 z prywatnego archiwum cz\u0142owieka legendy naszego Festiwalu &#8211; Jana Poprawy. <span class=\"q9uorilb tbxw36s4 knj5qynh kvgmc6g5 ditlmg2l oygrvhab nvdbi5me fgm26odu gl3lb2sf hhz5lgdu\"><img loading=\"lazy\" decoding=\"async\" src=\"https:\/\/static.xx.fbcdn.net\/images\/emoji.php\/v9\/t7f\/1\/16\/1f60a.png\" alt=\"?\" width=\"16\" height=\"16\"><\/span><\/div><\/div><div class=\"o9v6fnle cxmmr5t8 oygrvhab hcukyx3x c1et5uql ii04i59q\"><div dir=\"auto\">&nbsp;<\/div><div dir=\"auto\">Zaczynamy ju\u017c jutro! <span class=\"q9uorilb tbxw36s4 knj5qynh kvgmc6g5 ditlmg2l oygrvhab nvdbi5me fgm26odu gl3lb2sf hhz5lgdu\"><img loading=\"lazy\" decoding=\"async\" src=\"https:\/\/static.xx.fbcdn.net\/images\/emoji.php\/v9\/t4c\/1\/16\/1f642.png\" alt=\"?\" width=\"16\" height=\"16\"><\/span> <span class=\"q9uorilb tbxw36s4 knj5qynh kvgmc6g5 ditlmg2l oygrvhab nvdbi5me fgm26odu gl3lb2sf hhz5lgdu\"><img loading=\"lazy\" decoding=\"async\" src=\"https:\/\/static.xx.fbcdn.net\/images\/emoji.php\/v9\/t83\/1\/16\/1f60e.png\" alt=\"?\" width=\"16\" height=\"16\"><\/span><\/div><\/div>    <\/div>\n<\/div>\n<!-- \/module text -->        <\/div>\n                        <\/div>\n        <\/div>\n        <\/div>\n<!--\/themify_builder_content-->        <div class=\"booster-block booster-reactions-block\">\n            <div class=\"twp-reactions-icons\">\n                \n                <div class=\"twp-reacts-wrap\">\n                    <a react-data=\"be-react-1\" post-id=\"2107\" class=\"be-face-icons un-reacted\" href=\"javascript:void(0)\">\n                        <img decoding=\"async\" src=\"https:\/\/studenckifestiwal.pl\/wp-content\/plugins\/booster-extension\/\/assets\/icon\/happy.svg\" alt=\"Happy\">\n                    <\/a>\n                    <div class=\"twp-reaction-title\">\n                        Happy                    <\/div>\n                    <div class=\"twp-count-percent\">\n                                                    <span style=\"display: none;\" class=\"twp-react-count\">0<\/span>\n                        \n                                                <span class=\"twp-react-percent\"><span>0<\/span> %<\/span>\n                                            <\/div>\n                <\/div>\n\n                <div class=\"twp-reacts-wrap\">\n                    <a react-data=\"be-react-2\" post-id=\"2107\" class=\"be-face-icons un-reacted\" href=\"javascript:void(0)\">\n                        <img decoding=\"async\" src=\"https:\/\/studenckifestiwal.pl\/wp-content\/plugins\/booster-extension\/\/assets\/icon\/sad.svg\" alt=\"Sad\">\n                    <\/a>\n                    <div class=\"twp-reaction-title\">\n                        Sad                    <\/div>\n                    <div class=\"twp-count-percent\">\n                                                    <span style=\"display: none;\" class=\"twp-react-count\">0<\/span>\n                                                                        <span class=\"twp-react-percent\"><span>0<\/span> %<\/span>\n                                            <\/div>\n                <\/div>\n\n                <div class=\"twp-reacts-wrap\">\n                    <a react-data=\"be-react-3\" post-id=\"2107\" class=\"be-face-icons un-reacted\" href=\"javascript:void(0)\">\n                        <img decoding=\"async\" src=\"https:\/\/studenckifestiwal.pl\/wp-content\/plugins\/booster-extension\/\/assets\/icon\/excited.svg\" alt=\"Excited\">\n                    <\/a>\n                    <div class=\"twp-reaction-title\">\n                        Excited                    <\/div>\n                    <div class=\"twp-count-percent\">\n                                                    <span style=\"display: none;\" class=\"twp-react-count\">0<\/span>\n                                                                        <span class=\"twp-react-percent\"><span>0<\/span> %<\/span>\n                                            <\/div>\n                <\/div>\n\n                <div class=\"twp-reacts-wrap\">\n                    <a react-data=\"be-react-6\" post-id=\"2107\" class=\"be-face-icons un-reacted\" href=\"javascript:void(0)\">\n                        <img decoding=\"async\" src=\"https:\/\/studenckifestiwal.pl\/wp-content\/plugins\/booster-extension\/\/assets\/icon\/sleepy.svg\" alt=\"Sleepy\">\n                    <\/a>\n                    <div class=\"twp-reaction-title\">\n                        Sleepy                    <\/div>\n                    <div class=\"twp-count-percent\">\n                                                    <span style=\"display: none;\" class=\"twp-react-count\">0<\/span>\n                        \n                                                <span class=\"twp-react-percent\"><span>0<\/span> %<\/span>\n                                            <\/div>\n                <\/div>\n\n                <div class=\"twp-reacts-wrap\">\n                    <a react-data=\"be-react-4\" post-id=\"2107\" class=\"be-face-icons un-reacted\" href=\"javascript:void(0)\">\n                        <img decoding=\"async\" src=\"https:\/\/studenckifestiwal.pl\/wp-content\/plugins\/booster-extension\/\/assets\/icon\/angry.svg\" alt=\"Angry\">\n                    <\/a>\n                    <div class=\"twp-reaction-title\">Angry<\/div>\n                    <div class=\"twp-count-percent\">\n                                                    <span style=\"display: none;\" class=\"twp-react-count\">0<\/span>\n                                                                        <span class=\"twp-react-percent\"><span>0<\/span> %<\/span>\n                        \n                    <\/div>\n                <\/div>\n\n                <div class=\"twp-reacts-wrap\">\n                    <a react-data=\"be-react-5\" post-id=\"2107\" class=\"be-face-icons un-reacted\" href=\"javascript:void(0)\">\n                        <img decoding=\"async\" src=\"https:\/\/studenckifestiwal.pl\/wp-content\/plugins\/booster-extension\/\/assets\/icon\/surprise.svg\" alt=\"Surprise\">\n                    <\/a>\n                    <div class=\"twp-reaction-title\">Surprise<\/div>\n                    <div class=\"twp-count-percent\">\n                                                    <span style=\"display: none;\" class=\"twp-react-count\">0<\/span>\n                                                                        <span class=\"twp-react-percent\"><span>0<\/span> %<\/span>\n                                            <\/div>\n                <\/div>\n\n            <\/div>\n        <\/div>","protected":false},"excerpt":{"rendered":"<p>Uwaga! Dzieje sie!&nbsp;kochani, rozpoczynamy cykl wspomnie\u0144 z ponad p\u00f3\u0142wiecznej historii naszego Festiwalu #mojstudencki &#8211; 58 lat! 55 edycji! Setki koncert\u00f3w<\/p>\n<p><a href=\"https:\/\/studenckifestiwal.pl\/index.php\/2020\/05\/13\/rozpoczynamy-cykl-mojstudencki\/\" class=\"more-link\">Czytaj wi\u0119cej<span class=\"screen-reader-text\">Rozpoczynamy cykl #mojstudencki<\/span><\/a><\/p>\n","protected":false},"author":1,"featured_media":2141,"comment_status":"closed","ping_status":"closed","sticky":false,"template":"","format":"standard","meta":{"ngg_post_thumbnail":0,"footnotes":""},"categories":[1],"tags":[],"class_list":["post-2107","post","type-post","status-publish","format-standard","has-post-thumbnail","hentry","category-slider"],"builder_content":"Uwaga! <img loading=\"lazy\" decoding=\"async\" src=\"https:\/\/static.xx.fbcdn.net\/images\/emoji.php\/v9\/t58\/1\/16\/1f929.png\" alt=\"?\" width=\"16\" height=\"16\"> Dzieje sie!&nbsp;kochani, rozpoczynamy cykl wspomnie\u0144 z ponad p\u00f3\u0142wiecznej historii naszego Festiwalu <a tabindex=\"0\" role=\"link\" href=\"https:\/\/www.facebook.com\/hashtag\/mojstudencki?__cft__[0]=AZUHEmOJX112F85t4TK6AiR61W3tf4iCXxqcDliXRlWlWIITPfx52HSuBj9D00oawfVPeSiwWQaosjyAU3rUdDTae3LEzE_uSG6S2uxqzxhCe1n8y24wOXp8uf2PCDBpCRnya3pPRjVogY5PKmd2ob-PbEwllUOImaePSUbClG2oRw&amp;__tn__=*NK-R\">#mojstudencki<\/a> - 58 lat! 55 edycji! Setki koncert\u00f3w i Tysi\u0105ce wspomnie\u0144! <img loading=\"lazy\" decoding=\"async\" src=\"https:\/\/static.xx.fbcdn.net\/images\/emoji.php\/v9\/t2\/1\/16\/1f60d.png\" alt=\"?\" width=\"16\" height=\"16\"> tym wszystkim chcemy si\u0119 z Wami podzieli\u0107.Co kilka dni tutaj na naszym profilu oraz na stroni\u0119 internetowej b\u0119dziemy publikowa\u0107 archiwalne materia\u0142y z ka\u017cdej edycji SFP pocz\u0105wszy od 1962 roku. <img loading=\"lazy\" decoding=\"async\" src=\"https:\/\/static.xx.fbcdn.net\/images\/emoji.php\/v9\/t6d\/1\/16\/1f973.png\" alt=\"?\" width=\"16\" height=\"16\">&nbsp;Jako przedsmak prezentujemy zdj\u0119cie pierwszego oficjalnego plakatu naszego Festiwalu z 1965 roku kt\u00f3ry w\u00f3wczas nazywa\u0142 si\u0119 Og\u00f3lnopolskim Studenckim Konkursem Piosenkarzy <img loading=\"lazy\" decoding=\"async\" src=\"https:\/\/static.xx.fbcdn.net\/images\/emoji.php\/v9\/t2\/1\/16\/1f60d.png\" alt=\"?\" width=\"16\" height=\"16\">&nbsp;Je\u015bli kt\u00f3ra\u015b z edycji Festiwalu by\u0142 na dla Was szczeg\u00f3lnie wa\u017cna, a w swoich zbiorach dysponujecie archiwaliami z ni\u0105 zwi\u0105zanymi, to PROSIMY! podzielcie si\u0119 z nami wklejaj\u0105c je w komentarzach lub wysy\u0142aj\u0105c na nasz adres e-mail: studenckifestiwal@gmail.com.Je\u015bli posiadacie wy\u0142\u0105cznie wspomnienia, to r\u00f3wnie\u017c zach\u0119camy do podzielenia si\u0119 nimi w komentarzach. <img loading=\"lazy\" decoding=\"async\" src=\"https:\/\/static.xx.fbcdn.net\/images\/emoji.php\/v9\/t58\/1\/16\/1f929.png\" alt=\"?\" width=\"16\" height=\"16\">&nbsp;Wszystkie materia\u0142y kt\u00f3re b\u0119dziemy dla Pa\u0144stwa publikowa\u0107 pochodz\u0105 z prywatnego archiwum cz\u0142owieka legendy naszego Festiwalu - Jana Poprawy. <img loading=\"lazy\" decoding=\"async\" src=\"https:\/\/static.xx.fbcdn.net\/images\/emoji.php\/v9\/t7f\/1\/16\/1f60a.png\" alt=\"?\" width=\"16\" height=\"16\">&nbsp;Zaczynamy ju\u017c jutro! <img loading=\"lazy\" decoding=\"async\" src=\"https:\/\/static.xx.fbcdn.net\/images\/emoji.php\/v9\/t4c\/1\/16\/1f642.png\" alt=\"?\" width=\"16\" height=\"16\"> <img loading=\"lazy\" decoding=\"async\" src=\"https:\/\/static.xx.fbcdn.net\/images\/emoji.php\/v9\/t83\/1\/16\/1f60e.png\" alt=\"?\" width=\"16\" height=\"16\">","_links":{"self":[{"href":"https:\/\/studenckifestiwal.pl\/index.php\/wp-json\/wp\/v2\/posts\/2107","targetHints":{"allow":["GET"]}}],"collection":[{"href":"https:\/\/studenckifestiwal.pl\/index.php\/wp-json\/wp\/v2\/posts"}],"about":[{"href":"https:\/\/studenckifestiwal.pl\/index.php\/wp-json\/wp\/v2\/types\/post"}],"author":[{"embeddable":true,"href":"https:\/\/studenckifestiwal.pl\/index.php\/wp-json\/wp\/v2\/users\/1"}],"replies":[{"embeddable":true,"href":"https:\/\/studenckifestiwal.pl\/index.php\/wp-json\/wp\/v2\/comments?post=2107"}],"version-history":[{"count":1,"href":"https:\/\/studenckifestiwal.pl\/index.php\/wp-json\/wp\/v2\/posts\/2107\/revisions"}],"predecessor-version":[{"id":2109,"href":"https:\/\/studenckifestiwal.pl\/index.php\/wp-json\/wp\/v2\/posts\/2107\/revisions\/2109"}],"wp:featuredmedia":[{"embeddable":true,"href":"https:\/\/studenckifestiwal.pl\/index.php\/wp-json\/wp\/v2\/media\/2141"}],"wp:attachment":[{"href":"https:\/\/studenckifestiwal.pl\/index.php\/wp-json\/wp\/v2\/media?parent=2107"}],"wp:term":[{"taxonomy":"category","embeddable":true,"href":"https:\/\/studenckifestiwal.pl\/index.php\/wp-json\/wp\/v2\/categories?post=2107"},{"taxonomy":"post_tag","embeddable":true,"href":"https:\/\/studenckifestiwal.pl\/index.php\/wp-json\/wp\/v2\/tags?post=2107"}],"curies":[{"name":"wp","href":"https:\/\/api.w.org\/{rel}","templated":true}]}}