{"id":1593,"date":"2020-01-31T14:58:55","date_gmt":"2020-01-31T13:58:55","guid":{"rendered":"http:\/\/studenckifestiwal.pl\/?p=1593"},"modified":"2020-02-18T14:51:32","modified_gmt":"2020-02-18T13:51:32","slug":"i-krakowskie-forum-piosenki","status":"publish","type":"post","link":"https:\/\/studenckifestiwal.pl\/index.php\/2020\/01\/31\/i-krakowskie-forum-piosenki\/","title":{"rendered":"I Krakowskie Forum Piosenki"},"content":{"rendered":"<div class='booster-block booster-read-block'>\n                <div class=\"twp-read-time\">\n                \t<i class=\"booster-icon twp-clock\"><\/i> <span>Read Time:<\/span>1 Minute, 21 Second                <\/div>\n\n            <\/div>\n<p><strong>I Krakowskie Forum Piosenki<\/strong><\/p>\n\n\n\n<p>18 kwietnia 2020<br><\/p>\n\n\n\n<p>Fundacja Studencki Festiwal Piosenki oraz Krakowskie Forum Kultury \u0142\u0105cz\u0105 si\u0142y, \u017ceby zaprezentowa\u0107 nowy muzyczny projekt na mapie Krakowa!<br><\/p>\n\n\n\n<p>Krakowskie Forum Piosenki to przedsi\u0119wzi\u0119cie, kt\u00f3rego ide\u0105 jest promocja polskich artyst\u00f3w debiutant\u00f3w w tw\u00f3rczej konfrontacji z piosenk\u0105. Aspiracj\u0105 organizator\u00f3w jest, aby KFP <br>w burzliwych czasach b\u0142yskawicznych karier i banalnych tre\u015bci sta\u0142o si\u0119 miejscem, gdzie swoj\u0105 tw\u00f3rczo\u015b\u0107 mog\u0105 zaprezentowa\u0107 arty\u015bci niestandardowi, niepokorni, tworz\u0105cy wbrew mainstreamowym nurtom.&nbsp;<br><\/p>\n\n\n\n<p>Krakowskie Forum Piosenki to przestrze\u0144, w kt\u00f3rej arty\u015bci \u2013 tw\u00f3rcy b\u0119d\u0105 mieli okazj\u0119 zaprezentowa\u0107 sw\u00f3j artystyczny dorobek szerszej publiczno\u015bci oraz skonfrontowa\u0107 go z cz\u0142onkami Jury, kt\u00f3rzy zasiadaj\u0105 w sk\u0142adach jurorskich najwi\u0119kszych festiwali w Polsce, podnosz\u0105c tym samym rang\u0119 wydarzenia. &nbsp;<br><\/p>\n\n\n\n<p>Laureaci Krakowskiego Forum Piosenki otrzymaj\u0105 nominacj\u0119 do najstarszego i najwa\u017cniejszego Festiwalu promuj\u0105cego piosenk\u0119 autorsk\u0105 w Polsce, czyli 56. Studenckiego Festiwalu Piosenki <br>w Krakowie.&nbsp;&nbsp;<br><\/p>\n\n\n\n<p>W programie KFP opr\u00f3cz przes\u0142ucha\u0144 konkursowych znajdzie si\u0119 koncert specjalny, do udzia\u0142u w kt\u00f3rym zapraszani b\u0119d\u0105 autorzy i wykonawcy, kt\u00f3rzy zdobyli nagrody i popularno\u015b\u0107 na og\u00f3lnopolskich festiwalach piosenki literackiej.<br><\/p>\n\n\n\n<p>W tym roku na scenie pojawi si\u0119 Asia Nawojska, laureatka og\u00f3lnopolskich festiwali, m.in. 53. Studenckiego Festiwalu Piosenki w Krakowie, kt\u00f3ra w powi\u0119kszonym sk\u0142adzie instrumentalnym, zaprezentuje piosenki z samodzielnie wydanego albumu <em>Kwiaty do domu<\/em> oraz gar\u015b\u0107 nowo\u015bci.<\/p>\n\n\n\n<p><\/p>\n\n\n\n<p><strong>Zg\u0142oszenia: <\/strong><br>14 lutego \u2013 21 marca na stronach:&nbsp;<\/p>\n\n\n\n<p><a href=\"http:\/\/www.studenckifestiwal.pl\/\">www.studenckifestiwal.pl<\/a> lub <a href=\"http:\/\/www.krakowskieforum.pl\">www.krakowskieforum.pl<\/a><br><\/p>\n\n\n\n<p><strong>Program:&nbsp;<\/strong><\/p>\n\n\n\n<p>18 kwietnia<\/p>\n\n\n\n<p>12:00 \u2013 Przes\u0142uchania konkursowe<\/p>\n\n\n\n<p>16:00 \u2013 Konsultacje z Jurorami<\/p>\n\n\n\n<p>18:00 \u2013 Koncert specjalny Asi Nawojskiej<\/p>\n\n\n\n<p>19:00 \u2013 Og\u0142oszenie werdyktu&nbsp;&nbsp;&nbsp;<br><\/p>\n\n\n\n<p><strong>Link do zg\u0142osze\u0144 : <\/strong> <\/p>\n\n\n\n<p><a href=\"https:\/\/docs.google.com\/forms\/d\/e\/1FAIpQLSd5lWhiiWZkeOKHFU-gJJmBRDfrh7luUrWlCCYwGKkaGZt-fw\/viewform\">https:\/\/docs.google.com\/forms\/d\/e\/1FAIpQLSd5lWhiiWZkeOKHFU-gJJmBRDfrh7luUrWlCCYwGKkaGZt-fw\/viewform<\/a><\/p>\n\n\n\n<p><strong>Link do regulaminu : <\/strong><\/p>\n\n\n\n<p><a href=\"http:\/\/krakowskieforum.pl\/wp-content\/uploads\/2020\/01\/Regulamin-KFP.pdf\">http:\/\/krakowskieforum.pl\/wp-content\/uploads\/2020\/01\/Regulamin-KFP.pdf<\/a><br><\/p>\n\n\n\n<p><\/p>\n        <div class=\"booster-block booster-reactions-block\">\n            <div class=\"twp-reactions-icons\">\n                \n                <div class=\"twp-reacts-wrap\">\n                    <a react-data=\"be-react-1\" post-id=\"1593\" class=\"be-face-icons un-reacted\" href=\"javascript:void(0)\">\n                        <img decoding=\"async\" src=\"https:\/\/studenckifestiwal.pl\/wp-content\/plugins\/booster-extension\/\/assets\/icon\/happy.svg\" alt=\"Happy\">\n                    <\/a>\n                    <div class=\"twp-reaction-title\">\n                        Happy                    <\/div>\n                    <div class=\"twp-count-percent\">\n                                                    <span style=\"display: none;\" class=\"twp-react-count\">0<\/span>\n                        \n                                                <span class=\"twp-react-percent\"><span>0<\/span> %<\/span>\n                                            <\/div>\n                <\/div>\n\n                <div class=\"twp-reacts-wrap\">\n                    <a react-data=\"be-react-2\" post-id=\"1593\" class=\"be-face-icons un-reacted\" href=\"javascript:void(0)\">\n                        <img decoding=\"async\" src=\"https:\/\/studenckifestiwal.pl\/wp-content\/plugins\/booster-extension\/\/assets\/icon\/sad.svg\" alt=\"Sad\">\n                    <\/a>\n                    <div class=\"twp-reaction-title\">\n                        Sad                    <\/div>\n                    <div class=\"twp-count-percent\">\n                                                    <span style=\"display: none;\" class=\"twp-react-count\">0<\/span>\n                                                                        <span class=\"twp-react-percent\"><span>0<\/span> %<\/span>\n                                            <\/div>\n                <\/div>\n\n                <div class=\"twp-reacts-wrap\">\n                    <a react-data=\"be-react-3\" post-id=\"1593\" class=\"be-face-icons un-reacted\" href=\"javascript:void(0)\">\n                        <img decoding=\"async\" src=\"https:\/\/studenckifestiwal.pl\/wp-content\/plugins\/booster-extension\/\/assets\/icon\/excited.svg\" alt=\"Excited\">\n                    <\/a>\n                    <div class=\"twp-reaction-title\">\n                        Excited                    <\/div>\n                    <div class=\"twp-count-percent\">\n                                                    <span style=\"display: none;\" class=\"twp-react-count\">0<\/span>\n                                                                        <span class=\"twp-react-percent\"><span>0<\/span> %<\/span>\n                                            <\/div>\n                <\/div>\n\n                <div class=\"twp-reacts-wrap\">\n                    <a react-data=\"be-react-6\" post-id=\"1593\" class=\"be-face-icons un-reacted\" href=\"javascript:void(0)\">\n                        <img decoding=\"async\" src=\"https:\/\/studenckifestiwal.pl\/wp-content\/plugins\/booster-extension\/\/assets\/icon\/sleepy.svg\" alt=\"Sleepy\">\n                    <\/a>\n                    <div class=\"twp-reaction-title\">\n                        Sleepy                    <\/div>\n                    <div class=\"twp-count-percent\">\n                                                    <span style=\"display: none;\" class=\"twp-react-count\">0<\/span>\n                        \n                                                <span class=\"twp-react-percent\"><span>0<\/span> %<\/span>\n                                            <\/div>\n                <\/div>\n\n                <div class=\"twp-reacts-wrap\">\n                    <a react-data=\"be-react-4\" post-id=\"1593\" class=\"be-face-icons un-reacted\" href=\"javascript:void(0)\">\n                        <img decoding=\"async\" src=\"https:\/\/studenckifestiwal.pl\/wp-content\/plugins\/booster-extension\/\/assets\/icon\/angry.svg\" alt=\"Angry\">\n                    <\/a>\n                    <div class=\"twp-reaction-title\">Angry<\/div>\n                    <div class=\"twp-count-percent\">\n                                                    <span style=\"display: none;\" class=\"twp-react-count\">0<\/span>\n                                                                        <span class=\"twp-react-percent\"><span>0<\/span> %<\/span>\n                        \n                    <\/div>\n                <\/div>\n\n                <div class=\"twp-reacts-wrap\">\n                    <a react-data=\"be-react-5\" post-id=\"1593\" class=\"be-face-icons un-reacted\" href=\"javascript:void(0)\">\n                        <img decoding=\"async\" src=\"https:\/\/studenckifestiwal.pl\/wp-content\/plugins\/booster-extension\/\/assets\/icon\/surprise.svg\" alt=\"Surprise\">\n                    <\/a>\n                    <div class=\"twp-reaction-title\">Surprise<\/div>\n                    <div class=\"twp-count-percent\">\n                                                    <span style=\"display: none;\" class=\"twp-react-count\">0<\/span>\n                                                                        <span class=\"twp-react-percent\"><span>0<\/span> %<\/span>\n                                            <\/div>\n                <\/div>\n\n            <\/div>\n        <\/div>\n\n    ","protected":false},"excerpt":{"rendered":"<p>I Krakowskie Forum Piosenki 18 kwietnia 2020 Fundacja Studencki Festiwal Piosenki oraz Krakowskie Forum Kultury \u0142\u0105cz\u0105 si\u0142y, \u017ceby zaprezentowa\u0107 nowy<\/p>\n<p><a href=\"https:\/\/studenckifestiwal.pl\/index.php\/2020\/01\/31\/i-krakowskie-forum-piosenki\/\" class=\"more-link\">Czytaj wi\u0119cej<span class=\"screen-reader-text\">I Krakowskie Forum Piosenki<\/span><\/a><\/p>\n","protected":false},"author":1,"featured_media":1596,"comment_status":"closed","ping_status":"closed","sticky":false,"template":"","format":"standard","meta":{"ngg_post_thumbnail":0,"footnotes":""},"categories":[1],"tags":[],"class_list":["post-1593","post","type-post","status-publish","format-standard","has-post-thumbnail","hentry","category-slider"],"builder_content":"","_links":{"self":[{"href":"https:\/\/studenckifestiwal.pl\/index.php\/wp-json\/wp\/v2\/posts\/1593","targetHints":{"allow":["GET"]}}],"collection":[{"href":"https:\/\/studenckifestiwal.pl\/index.php\/wp-json\/wp\/v2\/posts"}],"about":[{"href":"https:\/\/studenckifestiwal.pl\/index.php\/wp-json\/wp\/v2\/types\/post"}],"author":[{"embeddable":true,"href":"https:\/\/studenckifestiwal.pl\/index.php\/wp-json\/wp\/v2\/users\/1"}],"replies":[{"embeddable":true,"href":"https:\/\/studenckifestiwal.pl\/index.php\/wp-json\/wp\/v2\/comments?post=1593"}],"version-history":[{"count":2,"href":"https:\/\/studenckifestiwal.pl\/index.php\/wp-json\/wp\/v2\/posts\/1593\/revisions"}],"predecessor-version":[{"id":1613,"href":"https:\/\/studenckifestiwal.pl\/index.php\/wp-json\/wp\/v2\/posts\/1593\/revisions\/1613"}],"wp:featuredmedia":[{"embeddable":true,"href":"https:\/\/studenckifestiwal.pl\/index.php\/wp-json\/wp\/v2\/media\/1596"}],"wp:attachment":[{"href":"https:\/\/studenckifestiwal.pl\/index.php\/wp-json\/wp\/v2\/media?parent=1593"}],"wp:term":[{"taxonomy":"category","embeddable":true,"href":"https:\/\/studenckifestiwal.pl\/index.php\/wp-json\/wp\/v2\/categories?post=1593"},{"taxonomy":"post_tag","embeddable":true,"href":"https:\/\/studenckifestiwal.pl\/index.php\/wp-json\/wp\/v2\/tags?post=1593"}],"curies":[{"name":"wp","href":"https:\/\/api.w.org\/{rel}","templated":true}]}}