{"id":1292,"date":"2019-12-06T14:53:41","date_gmt":"2019-12-06T13:53:41","guid":{"rendered":"http:\/\/studenckifestiwal.pl\/?p=1292"},"modified":"2019-12-06T14:54:25","modified_gmt":"2019-12-06T13:54:25","slug":"studencka-kartka-z-kalendarza-kartka-w-kalendarzu","status":"publish","type":"post","link":"https:\/\/studenckifestiwal.pl\/index.php\/2019\/12\/06\/studencka-kartka-z-kalendarza-kartka-w-kalendarzu\/","title":{"rendered":"Studencka ? kartka z kalendarza \/ kartka w kalendarzu ?"},"content":{"rendered":"<div class='booster-block booster-read-block'>\n                <div class=\"twp-read-time\">\n                \t<i class=\"booster-icon twp-clock\"><\/i> <span>Read Time:<\/span>19 Second                <\/div>\n\n            <\/div>\n<p>W niedziele w Krakowie odb\u0119dzie si\u0119 koncert zespo\u0142u&nbsp;<a href=\"https:\/\/www.facebook.com\/ZespolRazDwaTrzy\/?__tn__=K-R&amp;eid=ARCiqJxZ3itVRC2hKchdo5slvBFgOyoIa876cdFGr2C_BmGaQktKEgdMgtFBFYHi2EA_nqqWpwzWxzyf&amp;fref=mentions&amp;__xts__%5B0%5D=68.ARDypaCLs0OAHdMI-4r5kG9AlUMf46uOQRYiFEq53EVuXerQjiZe9GpJ4fsfHmqOx-80Z3Y4iEmm2XGTFnQ6ijtey-8L6_-X1Oc-YgxjdkeBEJgtpJmnvXVYfRPtsU9HThFKSEyO-_jLFVge5EBTe-TyHB0dAI1kCc1pk5zlWWjN60YwdmHZj_ZtUdvYe345bqITb7uzhPJGRYHxmp6M_Vyfoc84GPUKFHimiQRHggMIiPDoW5mjuIGxGQq1jvs6yr9bakOXqpmAli6kqOQ4DOeYbjOBdxbADju6yU8E3pHv1blySUgzDBog08lLE20QNQu2THjp4CePFU8yyXoriY_4drZnqEqfsPdkjs9p-6HTx-AfnV70b6Wrpw6DefBSfbnoS4jvIjVt425kercOd4uEWXWus95cEiXIp9lFGyU-PqaPk5KKbNX7yXOzcQHPaZ6A1RVZQaek9eVv2NJ26P1sfcPE-e5KbvCUJSR68A2E9Ht8-6xrigqq\">Raz Dwa Trzy<\/a>, a jak przypomina&nbsp;<a href=\"https:\/\/www.facebook.com\/ICEKrakow\/?__tn__=K-R&amp;eid=ARD31USBjWC1H-mzw0e863xmZaWikqxzY-OONqLUkkscJ2Onp-GrEH4yz1e4DmyOu0GVH4bwlz85Gsjr&amp;fref=mentions&amp;__xts__%5B0%5D=68.ARDypaCLs0OAHdMI-4r5kG9AlUMf46uOQRYiFEq53EVuXerQjiZe9GpJ4fsfHmqOx-80Z3Y4iEmm2XGTFnQ6ijtey-8L6_-X1Oc-YgxjdkeBEJgtpJmnvXVYfRPtsU9HThFKSEyO-_jLFVge5EBTe-TyHB0dAI1kCc1pk5zlWWjN60YwdmHZj_ZtUdvYe345bqITb7uzhPJGRYHxmp6M_Vyfoc84GPUKFHimiQRHggMIiPDoW5mjuIGxGQq1jvs6yr9bakOXqpmAli6kqOQ4DOeYbjOBdxbADju6yU8E3pHv1blySUgzDBog08lLE20QNQu2THjp4CePFU8yyXoriY_4drZnqEqfsPdkjs9p-6HTx-AfnV70b6Wrpw6DefBSfbnoS4jvIjVt425kercOd4uEWXWus95cEiXIp9lFGyU-PqaPk5KKbNX7yXOzcQHPaZ6A1RVZQaek9eVv2NJ26P1sfcPE-e5KbvCUJSR68A2E9Ht8-6xrigqq\">ICE Krak\u00f3w Congress Centre<\/a>, Studencki Festiwal Piosenki w 1990 nale\u017ca\u0142 w\u0142a\u015bnie do Adama Nowaka, tw\u00f3rcy zespo\u0142u \u201eRaz Dwa Trzy\u201d, kt\u00f3ry otrzyma\u0142 tytu\u0142 indywidualno\u015bci festiwalu&nbsp;?&nbsp;Przewodnicz\u0105cym Jury by\u0142 wtedy Jacek Kaczmarski, kt\u00f3ry po dziewi\u0119ciu latach znowu zagra\u0142 koncerty w Polsce.<\/p>\n\n\n\n<p>Dobrej niedzieli i pi\u0119knego koncertu&nbsp;?<\/p>\n        <div class=\"booster-block booster-reactions-block\">\n            <div class=\"twp-reactions-icons\">\n                \n                <div class=\"twp-reacts-wrap\">\n                    <a react-data=\"be-react-1\" post-id=\"1292\" class=\"be-face-icons un-reacted\" href=\"javascript:void(0)\">\n                        <img decoding=\"async\" src=\"https:\/\/studenckifestiwal.pl\/wp-content\/plugins\/booster-extension\/\/assets\/icon\/happy.svg\" alt=\"Happy\">\n                    <\/a>\n                    <div class=\"twp-reaction-title\">\n                        Happy                    <\/div>\n                    <div class=\"twp-count-percent\">\n                                                    <span style=\"display: none;\" class=\"twp-react-count\">0<\/span>\n                        \n                                                <span class=\"twp-react-percent\"><span>0<\/span> %<\/span>\n                                            <\/div>\n                <\/div>\n\n                <div class=\"twp-reacts-wrap\">\n                    <a react-data=\"be-react-2\" post-id=\"1292\" class=\"be-face-icons un-reacted\" href=\"javascript:void(0)\">\n                        <img decoding=\"async\" src=\"https:\/\/studenckifestiwal.pl\/wp-content\/plugins\/booster-extension\/\/assets\/icon\/sad.svg\" alt=\"Sad\">\n                    <\/a>\n                    <div class=\"twp-reaction-title\">\n                        Sad                    <\/div>\n                    <div class=\"twp-count-percent\">\n                                                    <span style=\"display: none;\" class=\"twp-react-count\">0<\/span>\n                                                                        <span class=\"twp-react-percent\"><span>0<\/span> %<\/span>\n                                            <\/div>\n                <\/div>\n\n                <div class=\"twp-reacts-wrap\">\n                    <a react-data=\"be-react-3\" post-id=\"1292\" class=\"be-face-icons un-reacted\" href=\"javascript:void(0)\">\n                        <img decoding=\"async\" src=\"https:\/\/studenckifestiwal.pl\/wp-content\/plugins\/booster-extension\/\/assets\/icon\/excited.svg\" alt=\"Excited\">\n                    <\/a>\n                    <div class=\"twp-reaction-title\">\n                        Excited                    <\/div>\n                    <div class=\"twp-count-percent\">\n                                                    <span style=\"display: none;\" class=\"twp-react-count\">0<\/span>\n                                                                        <span class=\"twp-react-percent\"><span>0<\/span> %<\/span>\n                                            <\/div>\n                <\/div>\n\n                <div class=\"twp-reacts-wrap\">\n                    <a react-data=\"be-react-6\" post-id=\"1292\" class=\"be-face-icons un-reacted\" href=\"javascript:void(0)\">\n                        <img decoding=\"async\" src=\"https:\/\/studenckifestiwal.pl\/wp-content\/plugins\/booster-extension\/\/assets\/icon\/sleepy.svg\" alt=\"Sleepy\">\n                    <\/a>\n                    <div class=\"twp-reaction-title\">\n                        Sleepy                    <\/div>\n                    <div class=\"twp-count-percent\">\n                                                    <span style=\"display: none;\" class=\"twp-react-count\">0<\/span>\n                        \n                                                <span class=\"twp-react-percent\"><span>0<\/span> %<\/span>\n                                            <\/div>\n                <\/div>\n\n                <div class=\"twp-reacts-wrap\">\n                    <a react-data=\"be-react-4\" post-id=\"1292\" class=\"be-face-icons un-reacted\" href=\"javascript:void(0)\">\n                        <img decoding=\"async\" src=\"https:\/\/studenckifestiwal.pl\/wp-content\/plugins\/booster-extension\/\/assets\/icon\/angry.svg\" alt=\"Angry\">\n                    <\/a>\n                    <div class=\"twp-reaction-title\">Angry<\/div>\n                    <div class=\"twp-count-percent\">\n                                                    <span style=\"display: none;\" class=\"twp-react-count\">0<\/span>\n                                                                        <span class=\"twp-react-percent\"><span>0<\/span> %<\/span>\n                        \n                    <\/div>\n                <\/div>\n\n                <div class=\"twp-reacts-wrap\">\n                    <a react-data=\"be-react-5\" post-id=\"1292\" class=\"be-face-icons un-reacted\" href=\"javascript:void(0)\">\n                        <img decoding=\"async\" src=\"https:\/\/studenckifestiwal.pl\/wp-content\/plugins\/booster-extension\/\/assets\/icon\/surprise.svg\" alt=\"Surprise\">\n                    <\/a>\n                    <div class=\"twp-reaction-title\">Surprise<\/div>\n                    <div class=\"twp-count-percent\">\n                                                    <span style=\"display: none;\" class=\"twp-react-count\">0<\/span>\n                                                                        <span class=\"twp-react-percent\"><span>0<\/span> %<\/span>\n                                            <\/div>\n                <\/div>\n\n            <\/div>\n        <\/div>\n\n    ","protected":false},"excerpt":{"rendered":"<p>W niedziele w Krakowie odb\u0119dzie si\u0119 koncert zespo\u0142u&nbsp;Raz Dwa Trzy, a jak przypomina&nbsp;ICE Krak\u00f3w Congress Centre, Studencki Festiwal Piosenki w<\/p>\n<p><a href=\"https:\/\/studenckifestiwal.pl\/index.php\/2019\/12\/06\/studencka-kartka-z-kalendarza-kartka-w-kalendarzu\/\" class=\"more-link\">Czytaj wi\u0119cej<span class=\"screen-reader-text\">Studencka ? kartka z kalendarza \/ kartka w kalendarzu ?<\/span><\/a><\/p>\n","protected":false},"author":1,"featured_media":1293,"comment_status":"closed","ping_status":"closed","sticky":false,"template":"","format":"standard","meta":{"ngg_post_thumbnail":0,"footnotes":""},"categories":[1],"tags":[],"class_list":["post-1292","post","type-post","status-publish","format-standard","has-post-thumbnail","hentry","category-slider"],"builder_content":"","_links":{"self":[{"href":"https:\/\/studenckifestiwal.pl\/index.php\/wp-json\/wp\/v2\/posts\/1292","targetHints":{"allow":["GET"]}}],"collection":[{"href":"https:\/\/studenckifestiwal.pl\/index.php\/wp-json\/wp\/v2\/posts"}],"about":[{"href":"https:\/\/studenckifestiwal.pl\/index.php\/wp-json\/wp\/v2\/types\/post"}],"author":[{"embeddable":true,"href":"https:\/\/studenckifestiwal.pl\/index.php\/wp-json\/wp\/v2\/users\/1"}],"replies":[{"embeddable":true,"href":"https:\/\/studenckifestiwal.pl\/index.php\/wp-json\/wp\/v2\/comments?post=1292"}],"version-history":[{"count":1,"href":"https:\/\/studenckifestiwal.pl\/index.php\/wp-json\/wp\/v2\/posts\/1292\/revisions"}],"predecessor-version":[{"id":1294,"href":"https:\/\/studenckifestiwal.pl\/index.php\/wp-json\/wp\/v2\/posts\/1292\/revisions\/1294"}],"wp:featuredmedia":[{"embeddable":true,"href":"https:\/\/studenckifestiwal.pl\/index.php\/wp-json\/wp\/v2\/media\/1293"}],"wp:attachment":[{"href":"https:\/\/studenckifestiwal.pl\/index.php\/wp-json\/wp\/v2\/media?parent=1292"}],"wp:term":[{"taxonomy":"category","embeddable":true,"href":"https:\/\/studenckifestiwal.pl\/index.php\/wp-json\/wp\/v2\/categories?post=1292"},{"taxonomy":"post_tag","embeddable":true,"href":"https:\/\/studenckifestiwal.pl\/index.php\/wp-json\/wp\/v2\/tags?post=1292"}],"curies":[{"name":"wp","href":"https:\/\/api.w.org\/{rel}","templated":true}]}}