{"id":1280,"date":"2019-11-25T16:22:04","date_gmt":"2019-11-25T15:22:04","guid":{"rendered":"http:\/\/studenckifestiwal.pl\/?p=1280"},"modified":"2019-11-25T16:22:07","modified_gmt":"2019-11-25T15:22:07","slug":"stacja-kutno-festiwal-jeremiego-przybory","status":"publish","type":"post","link":"https:\/\/studenckifestiwal.pl\/index.php\/2019\/11\/25\/stacja-kutno-festiwal-jeremiego-przybory\/","title":{"rendered":"Stacja Kutno&#8221; Festiwal Jeremiego Przybory"},"content":{"rendered":"<div class='booster-block booster-read-block'>\n                <div class=\"twp-read-time\">\n                \t<i class=\"booster-icon twp-clock\"><\/i> <span>Read Time:<\/span>39 Second                <\/div>\n\n            <\/div>\n<p>Z wielk\u0105 dum\u0105 informujemy, \u017ce delegacja Studenckiego Festiwalu Piosenki mia\u0142a wczoraj zaszczyt i wielk\u0105 przyjemno\u015b\u0107 uczestniczy\u0107 w fina\u0142owym dniu 15 edycji&nbsp;<a href=\"https:\/\/www.facebook.com\/Stacja-Kutno-Festiwal-Jeremiego-Przybory-196116103760985\/?__tn__=K-R-R&amp;eid=ARAOwEvZscmwJoo_ELfwTE-MNqZ7s567YBd3dMGw0P7GEdZ_uoLgVnlpB9YuCyxfTdi_vM-379sEq7aT&amp;fref=mentions&amp;__xts__%5B0%5D=68.ARALE35IQRCZTmKABrqCfH8JCQeqfOlFdmcg5OiBx-dh8nv8QdbtkEnmElvGs278jX53voG6TmGJkHMrbbC5EeQDZQbD8PJYq82TOdCae-T5-9VrMMnMrnQ3MN-ysQaaktlU-5UzQWr8-MCuAGFW8h-fdnEGKroMhQndYDBl7Ey7XDR8ZNZ-PYi5rPy816aCOBLmucaL0fLNzbWHByyOa5W_H2QgX0T_EzCqMnkCVvQXyOki7T0iF1v2e9GRCIDYoMexV-Rh0qY-1Nd_RLOtnGqRna14Oze0AWHX2Npk5Oqa00VF9Mz6OCfN2fBaMmI5n02c\">&#8222;Stacja Kutno&#8221; Festiwal Jeremiego Przybory<\/a>&nbsp;zaprzyja\u017anionego i od tego roku naszego partnerskiego Festiwalu!<\/p>\n\n\n\n<p>C\u00f3\u017c to by\u0142 za wiecz\u00f3r!&nbsp;?<br>W pierwszej cz\u0119\u015bci poznali\u015bmy zwyci\u0119zc\u00f3w tegorocznej &#8222;Stacji&#8221;, zosta\u0142 nim duet Izabella Kurlanda i Bartosz Jakubowski z Warszawy, kt\u00f3ry otrzyma\u0142 r\u00f3wnie\u017c nominacj\u0119 do przysz\u0142orocznej 56. edycji Studenckiego Festiwalu Piosenki w Krakowie.<\/p>\n\n\n\n<p>Druga cz\u0119\u015b\u0107 wieczoru to znakomity koncert Fina\u0142owy \u201eNa dworcach \u015bwiata\u201d w kt\u00f3rym wyst\u0105pili Dorota Mi\u015bkiewicz, Magda Smalara, Anna Gadt, Dominika Barabas, Tomasz B\u0142asiak, Maciej Maciejewski oraz zesp\u00f3\u0142 pod kierownictwem Mi\u0142osza Wo\u015bki.<\/p>\n\n\n\n<p>Pi\u0119knie dzi\u0119kujemy za zaproszenie i serdecznie gratulujemy Dyrektorowi Festiwalu, a tak\u017ce scenarzy\u015bcie i re\u017cyserowi koncertu Fina\u0142owego Krzysztofowi Ryzlakowi\u00a0?<\/p>\n\n\n\n<p>By\u0142o owacyjnie! Do zobaczenia w Krakowie&nbsp;\ud83d\ude09<\/p>\n\n\n\n<p>Fot. Adam Pietrusiak<\/p>\n        <div class=\"booster-block booster-reactions-block\">\n            <div class=\"twp-reactions-icons\">\n                \n                <div class=\"twp-reacts-wrap\">\n                    <a react-data=\"be-react-1\" post-id=\"1280\" class=\"be-face-icons un-reacted\" href=\"javascript:void(0)\">\n                        <img decoding=\"async\" src=\"https:\/\/studenckifestiwal.pl\/wp-content\/plugins\/booster-extension\/\/assets\/icon\/happy.svg\" alt=\"Happy\">\n                    <\/a>\n                    <div class=\"twp-reaction-title\">\n                        Happy                    <\/div>\n                    <div class=\"twp-count-percent\">\n                                                    <span style=\"display: none;\" class=\"twp-react-count\">0<\/span>\n                        \n                                                <span class=\"twp-react-percent\"><span>0<\/span> %<\/span>\n                                            <\/div>\n                <\/div>\n\n                <div class=\"twp-reacts-wrap\">\n                    <a react-data=\"be-react-2\" post-id=\"1280\" class=\"be-face-icons un-reacted\" href=\"javascript:void(0)\">\n                        <img decoding=\"async\" src=\"https:\/\/studenckifestiwal.pl\/wp-content\/plugins\/booster-extension\/\/assets\/icon\/sad.svg\" alt=\"Sad\">\n                    <\/a>\n                    <div class=\"twp-reaction-title\">\n                        Sad                    <\/div>\n                    <div class=\"twp-count-percent\">\n                                                    <span style=\"display: none;\" class=\"twp-react-count\">0<\/span>\n                                                                        <span class=\"twp-react-percent\"><span>0<\/span> %<\/span>\n                                            <\/div>\n                <\/div>\n\n                <div class=\"twp-reacts-wrap\">\n                    <a react-data=\"be-react-3\" post-id=\"1280\" class=\"be-face-icons un-reacted\" href=\"javascript:void(0)\">\n                        <img decoding=\"async\" src=\"https:\/\/studenckifestiwal.pl\/wp-content\/plugins\/booster-extension\/\/assets\/icon\/excited.svg\" alt=\"Excited\">\n                    <\/a>\n                    <div class=\"twp-reaction-title\">\n                        Excited                    <\/div>\n                    <div class=\"twp-count-percent\">\n                                                    <span style=\"display: none;\" class=\"twp-react-count\">0<\/span>\n                                                                        <span class=\"twp-react-percent\"><span>0<\/span> %<\/span>\n                                            <\/div>\n                <\/div>\n\n                <div class=\"twp-reacts-wrap\">\n                    <a react-data=\"be-react-6\" post-id=\"1280\" class=\"be-face-icons un-reacted\" href=\"javascript:void(0)\">\n                        <img decoding=\"async\" src=\"https:\/\/studenckifestiwal.pl\/wp-content\/plugins\/booster-extension\/\/assets\/icon\/sleepy.svg\" alt=\"Sleepy\">\n                    <\/a>\n                    <div class=\"twp-reaction-title\">\n                        Sleepy                    <\/div>\n                    <div class=\"twp-count-percent\">\n                                                    <span style=\"display: none;\" class=\"twp-react-count\">0<\/span>\n                        \n                                                <span class=\"twp-react-percent\"><span>0<\/span> %<\/span>\n                                            <\/div>\n                <\/div>\n\n                <div class=\"twp-reacts-wrap\">\n                    <a react-data=\"be-react-4\" post-id=\"1280\" class=\"be-face-icons un-reacted\" href=\"javascript:void(0)\">\n                        <img decoding=\"async\" src=\"https:\/\/studenckifestiwal.pl\/wp-content\/plugins\/booster-extension\/\/assets\/icon\/angry.svg\" alt=\"Angry\">\n                    <\/a>\n                    <div class=\"twp-reaction-title\">Angry<\/div>\n                    <div class=\"twp-count-percent\">\n                                                    <span style=\"display: none;\" class=\"twp-react-count\">0<\/span>\n                                                                        <span class=\"twp-react-percent\"><span>0<\/span> %<\/span>\n                        \n                    <\/div>\n                <\/div>\n\n                <div class=\"twp-reacts-wrap\">\n                    <a react-data=\"be-react-5\" post-id=\"1280\" class=\"be-face-icons un-reacted\" href=\"javascript:void(0)\">\n                        <img decoding=\"async\" src=\"https:\/\/studenckifestiwal.pl\/wp-content\/plugins\/booster-extension\/\/assets\/icon\/surprise.svg\" alt=\"Surprise\">\n                    <\/a>\n                    <div class=\"twp-reaction-title\">Surprise<\/div>\n                    <div class=\"twp-count-percent\">\n                                                    <span style=\"display: none;\" class=\"twp-react-count\">0<\/span>\n                                                                        <span class=\"twp-react-percent\"><span>0<\/span> %<\/span>\n                                            <\/div>\n                <\/div>\n\n            <\/div>\n        <\/div>\n\n    ","protected":false},"excerpt":{"rendered":"<p>Z wielk\u0105 dum\u0105 informujemy, \u017ce delegacja Studenckiego Festiwalu Piosenki mia\u0142a wczoraj zaszczyt i wielk\u0105 przyjemno\u015b\u0107 uczestniczy\u0107 w fina\u0142owym dniu 15<\/p>\n<p><a href=\"https:\/\/studenckifestiwal.pl\/index.php\/2019\/11\/25\/stacja-kutno-festiwal-jeremiego-przybory\/\" class=\"more-link\">Czytaj wi\u0119cej<span class=\"screen-reader-text\">Stacja Kutno&#8221; Festiwal Jeremiego Przybory<\/span><\/a><\/p>\n","protected":false},"author":1,"featured_media":1281,"comment_status":"closed","ping_status":"closed","sticky":false,"template":"","format":"standard","meta":{"ngg_post_thumbnail":0,"footnotes":""},"categories":[1],"tags":[],"class_list":["post-1280","post","type-post","status-publish","format-standard","has-post-thumbnail","hentry","category-slider"],"builder_content":"","_links":{"self":[{"href":"https:\/\/studenckifestiwal.pl\/index.php\/wp-json\/wp\/v2\/posts\/1280","targetHints":{"allow":["GET"]}}],"collection":[{"href":"https:\/\/studenckifestiwal.pl\/index.php\/wp-json\/wp\/v2\/posts"}],"about":[{"href":"https:\/\/studenckifestiwal.pl\/index.php\/wp-json\/wp\/v2\/types\/post"}],"author":[{"embeddable":true,"href":"https:\/\/studenckifestiwal.pl\/index.php\/wp-json\/wp\/v2\/users\/1"}],"replies":[{"embeddable":true,"href":"https:\/\/studenckifestiwal.pl\/index.php\/wp-json\/wp\/v2\/comments?post=1280"}],"version-history":[{"count":1,"href":"https:\/\/studenckifestiwal.pl\/index.php\/wp-json\/wp\/v2\/posts\/1280\/revisions"}],"predecessor-version":[{"id":1282,"href":"https:\/\/studenckifestiwal.pl\/index.php\/wp-json\/wp\/v2\/posts\/1280\/revisions\/1282"}],"wp:featuredmedia":[{"embeddable":true,"href":"https:\/\/studenckifestiwal.pl\/index.php\/wp-json\/wp\/v2\/media\/1281"}],"wp:attachment":[{"href":"https:\/\/studenckifestiwal.pl\/index.php\/wp-json\/wp\/v2\/media?parent=1280"}],"wp:term":[{"taxonomy":"category","embeddable":true,"href":"https:\/\/studenckifestiwal.pl\/index.php\/wp-json\/wp\/v2\/categories?post=1280"},{"taxonomy":"post_tag","embeddable":true,"href":"https:\/\/studenckifestiwal.pl\/index.php\/wp-json\/wp\/v2\/tags?post=1280"}],"curies":[{"name":"wp","href":"https:\/\/api.w.org\/{rel}","templated":true}]}}