{"id":1230,"date":"2019-11-21T14:43:27","date_gmt":"2019-11-21T13:43:27","guid":{"rendered":"http:\/\/studenckifestiwal.pl\/?p=1230"},"modified":"2019-11-21T14:43:29","modified_gmt":"2019-11-21T13:43:29","slug":"15-stacja-kutno-ogolnopolski-festiwal-jeremiego-przybory","status":"publish","type":"post","link":"https:\/\/studenckifestiwal.pl\/index.php\/2019\/11\/21\/15-stacja-kutno-ogolnopolski-festiwal-jeremiego-przybory\/","title":{"rendered":"15. &#8222;Stacja Kutno&#8221; Og\u00f3lnopolski Festiwal Jeremiego Przybory"},"content":{"rendered":"<div class='booster-block booster-read-block'>\n                <div class=\"twp-read-time\">\n                \t<i class=\"booster-icon twp-clock\"><\/i> <span>Read Time:<\/span>2 Minute, 17 Second                <\/div>\n\n            <\/div>\n<p>\n\nNajstarszy, najwi\u0119kszy i najlepszy Festiwal Jeremiego Przybory! ?? Po raz 15. zapraszamy do Kutna mi\u0142o\u015bnik\u00f3w tw\u00f3rczo\u015bci Starszych Pan\u00f3w. ?<\/p>\n\n\n\n<p>Konkurs \u201ePiosenki Mistrza Jeremiego\u201d &#8211; termin nadsy\u0142ania zg\u0142osze\u0144 &#8211; do 29 pa\u017adziernika 2019! Szczeg\u00f3\u0142y <a target=\"_blank\" href=\"https:\/\/l.facebook.com\/l.php?u=http%3A%2F%2Fwww.stacjakutno.art.pl%2F%3Ffbclid%3DIwAR2c14V9PgJ0keJJ3XuXMHxziO2RC0lpt45TYJK-fTboOzxteWtwIR4ouPY&amp;h=AT0eHUrTfF6KSKi9zmdlFnba_rGBWUxfQbvN1hY0n9iSJpeJRE6R1Vb2Fn0lzdwsR3Y_NNnbRMRnPDeRRr0GMqVj7aPZKtF8E7VKiU2LOB7SqPnGKHTtd0tAP-W0ET0CfJWs\" rel=\"noreferrer noopener\">www.stacjakutno.art.pl<\/a> ?<\/p>\n\n\n\n<p>\u2b07\u2b07\u2b07 ? <a target=\"_blank\" href=\"https:\/\/www.facebook.com\/hashtag\/stacjakutno\" rel=\"noreferrer noopener\">#StacjaKutno<\/a> 2019 ? \u2b07\u2b07\u2b07 program:<\/p>\n\n\n\n<p>&#8212;&#8212;&#8212;&#8212;&#8212;&#8212;&#8212;&#8212;&#8212;&#8212;&#8212;&#8212;&#8212;&#8212;&#8212;&#8212;&#8212;-<\/p>\n\n\n\n<p>? 21 listopada (CZWARTEK) ?<\/p>\n\n\n\n<p>18:00 Krystyna Pro\u0144ko Trio \/ sala widowiskowa KDK, ? bilet 60 z\u0142<br>SPONSOR KONCERTU: <a target=\"_blank\" href=\"https:\/\/www.facebook.com\/ECO.cieplo.ktore.lubie\/\" rel=\"noreferrer noopener\">ECO &#8211; ciep\u0142o, kt\u00f3re lubi\u0119<\/a><\/p>\n\n\n\n<p>20:00 Szaradzista w cylindrze &#8211; wiecz\u00f3r krzy\u017c\u00f3wek i zagadek przy herbatce i piosenkach Starszych Pan\u00f3w \/ <a target=\"_blank\" href=\"https:\/\/www.facebook.com\/bistrorozane\/\" rel=\"noreferrer noopener\">Bistro R\u00f3\u017cane<\/a>, wst\u0119p wolny<\/p>\n\n\n\n<p>&#8212;&#8212;&#8212;&#8212;&#8212;&#8212;&#8212;&#8212;&#8212;&#8212;&#8212;&#8212;&#8212;&#8212;&#8212;&#8212;&#8212;-<\/p>\n\n\n\n<p>? 22 listopada (PI\u0104TEK) ?<\/p>\n\n\n\n<p>16:00 &#8211; 19:00 \u201eZosta\u0144 ma\u0142ym kolejarzem\u201d <a target=\"_blank\" href=\"https:\/\/www.facebook.com\/StacjaMuzeum\/\" rel=\"noreferrer noopener\">Stacja Muzeum<\/a> makieta kolejki oraz zaj\u0119cia plastyczne i inne atrakcje dla dzieci \/ sala baletowa A \/ KDK<\/p>\n\n\n\n<p>18:00 Wiecz\u00f3r promocyjny ksi\u0105\u017cki \u201eStarszy Pan B. Opowie\u015b\u0107 o Jeremim Przyborze\u201d Dariusza Michalskiego \/ sala tarasowa KDK, wej\u015bci\u00f3wki w kasie KDK, ilo\u015b\u0107 miejsc ograniczona!<\/p>\n\n\n\n<p>20:00 <a target=\"_blank\" href=\"https:\/\/www.facebook.com\/muzeumpolskiejpiosenki\/\" rel=\"noreferrer noopener\">Muzeum Polskiej Piosenki w Opolu<\/a> zaprasza  na pokaz &#8211; \u201eHistoria jednego przeboju\u201d. Prezentacja program\u00f3w muzycznych MPP w Opolu \/ sala tarasowa KDK, wej\u015bci\u00f3wki w kasie KDK<\/p>\n\n\n\n<p>&#8212;&#8212;&#8212;&#8212;&#8212;&#8212;&#8212;&#8212;&#8212;&#8212;&#8212;&#8212;&#8212;&#8212;&#8212;&#8212;&#8212;-<\/p>\n\n\n\n<p>? 23 listopada (SOBOTA) ?<\/p>\n\n\n\n<p>11:00 \u201eKulturalne \u015bniadanie\u201d &#8211; spotkanie z <a target=\"_blank\" href=\"https:\/\/www.facebook.com\/teresa.drozda\" rel=\"noreferrer noopener\">Teresa Drozda<\/a>, Monik\u0105 i Grzegorzem Wasowskimi (<a target=\"_blank\" href=\"https:\/\/www.facebook.com\/frajdek.wasowscy\" rel=\"noreferrer noopener\">Frajdek Wasowscy<\/a>) \/ sala tarasowa KDK, ? bilet 5 z\u0142<br>PARTNER \u015aNIADANIA: <a target=\"_blank\" href=\"https:\/\/www.facebook.com\/AleSmacznie\/\" rel=\"noreferrer noopener\">Ale Smacznie<\/a>, <a target=\"_blank\" href=\"https:\/\/www.facebook.com\/cukierniawasiakowie\/\" rel=\"noreferrer noopener\">Cukiernia Wasiakowie<\/a><\/p>\n\n\n\n<p>12:00 &#8211; 17:00 \u201eZosta\u0144 ma\u0142ym kolejarzem\u201d <a target=\"_blank\" href=\"https:\/\/www.facebook.com\/StacjaMuzeum\/\" rel=\"noreferrer noopener\">Stacja Muzeum<\/a> makieta kolejki oraz zaj\u0119cia plastyczne i inne atrakcje dla dzieci \/ sala baletowa A \/ KDK<\/p>\n\n\n\n<p>18:00 15. Konkurs \u201ePiosenki Mistrza Jeremiego\u201d.<br>Jury:<br>? <a target=\"_blank\" href=\"https:\/\/www.facebook.com\/teresa.drozda\" rel=\"noreferrer noopener\">Teresa Drozda<\/a><br>? Dariusz Michalski<br>? Pawe\u0142 Sztompke<br>? <a target=\"_blank\" href=\"https:\/\/www.facebook.com\/JAROS%C5%81AW-WASIK-200286556678001\/\" rel=\"noreferrer noopener\">JAROS\u0141AW WASIK<\/a><br>? <a target=\"_blank\" href=\"https:\/\/www.facebook.com\/sikor55\" rel=\"noreferrer noopener\">Darek Sikorski<\/a><br>? Monika i Grzegorz <a target=\"_blank\" href=\"https:\/\/www.facebook.com\/frajdek.wasowscy\" rel=\"noreferrer noopener\">Frajdek Wasowscy<\/a><\/p>\n\n\n\n<p>Sala widowiskowa KDK, wej\u015bci\u00f3wki tylko w kasie KDK <\/p>\n\n\n\n<p>&#8212;&#8212;&#8212;&#8212;&#8212;&#8212;&#8212;&#8212;&#8212;&#8212;&#8212;&#8212;&#8212;&#8212;&#8212;&#8212;&#8212;-<\/p>\n\n\n\n<p>? 24 listopada (NIEDZIELA) ?<\/p>\n\n\n\n<p>12:00 &#8211; 17:00 \u201eZosta\u0144 ma\u0142ym kolejarzem\u201d <a target=\"_blank\" href=\"https:\/\/www.facebook.com\/StacjaMuzeum\/\" rel=\"noreferrer noopener\">Stacja Muzeum<\/a> makieta kolejki oraz zaj\u0119cia plastyczne i inne atrakcje dla dzieci \/ sala baletowa A \/ KDK<\/p>\n\n\n\n<p>18:00 Koncert Galowy XV Stacji Kutno 2019, ? bilet 50 z\u0142<\/p>\n\n\n\n<p>I cz\u0119\u015b\u0107 ? <a target=\"_blank\" href=\"https:\/\/www.facebook.com\/TadeuszSeibertOffical\/\" rel=\"noreferrer noopener\">Tadeusz Seibert<\/a> i uczestnicy konkursu 2019<\/p>\n\n\n\n<p>II cz\u0119\u015b\u0107 &#8211; Go\u015bcie Stacji ? \u201eNA DWORCACH \u015aWIATA\u201d<br>? <a target=\"_blank\" href=\"https:\/\/www.facebook.com\/DorotaMiskiewiczOfficial\/\" rel=\"noreferrer noopener\">Dorota Mi\u015bkiewicz<\/a><br>? <a target=\"_blank\" href=\"https:\/\/www.facebook.com\/magdalenasmalara\/\" rel=\"noreferrer noopener\">Magda Smalara &#8211; Kobieta do zjedzenia<\/a><br>? <a target=\"_blank\" href=\"https:\/\/www.facebook.com\/annagadt\/\" rel=\"noreferrer noopener\">Anna Gadt<\/a><br>? <a target=\"_blank\" href=\"https:\/\/www.facebook.com\/barabasofficial\/\" rel=\"noreferrer noopener\">Dominika Barabas<\/a><br>? <a target=\"_blank\" href=\"https:\/\/www.facebook.com\/thom.pson.142\" rel=\"noreferrer noopener\">Tomasz B\u0142asiak<\/a><br>? <a target=\"_blank\" href=\"https:\/\/www.facebook.com\/maciej.maciejewski.3110\" rel=\"noreferrer noopener\">Maciej Maciejewski<\/a><br>? <a target=\"_blank\" href=\"https:\/\/www.facebook.com\/milosz.wosko\/\" rel=\"noreferrer noopener\">Mi\u0142osz Wo\u015bko<\/a> &#8211; kierownik muzyczny<\/p>\n\n\n\n<p>SPONSOR KONCERTU: <a target=\"_blank\" href=\"https:\/\/www.facebook.com\/freseniuskabiofficial\/\" rel=\"noreferrer noopener\">Fresenius Kabi<\/a><\/p>\n\n\n\n<p>&#8212;&#8212;&#8212;&#8212;&#8212;&#8212;&#8212;&#8212;&#8212;&#8212;&#8212;&#8212;&#8212;&#8212;&#8212;&#8212;&#8212;-<\/p>\n\n\n\n<p>Wydarzenia towarzysz\u0105ce:<br>? Wystawa pokonkursowa IX Konkursu na ilustracj\u0119 do tekst\u00f3w Przybory \/ Galeria okno na sztuk\u0119 \/ KDK<br>? Wystawa fotografii z <a target=\"_blank\" href=\"https:\/\/www.facebook.com\/muzeumpolskiejpiosenki\/\" rel=\"noreferrer noopener\">Muzeum Polskiej Piosenki w Opolu<\/a> \/ hole KDK<br>? Jesienna Dziewczyna w <a target=\"_blank\" href=\"https:\/\/www.facebook.com\/cukierniawasiakowie\/\" rel=\"noreferrer noopener\">Cukiernia Wasiakowie<\/a> \/ ul. Kr\u00f3lewska<br>? Promocja p\u0142yty CD \u201eMoja wycinanka\u201d <a target=\"_blank\" href=\"https:\/\/www.facebook.com\/piotrzubekoficjalnie\/\" rel=\"noreferrer noopener\">Piotr Zubek<\/a><br>? Promocja p\u0142yty CD \u201eLubczyk\u201d <a target=\"_blank\" href=\"https:\/\/www.facebook.com\/koncert.eu\/\" rel=\"noreferrer noopener\">Ma\u0142gorzata Wojciechowska<\/a><br>? Promocja p\u0142yty CD \u201ePiosenki na depresj\u0119\u201d <a target=\"_blank\" href=\"https:\/\/www.facebook.com\/piotr.kosewski.3\" rel=\"noreferrer noopener\">Piotr Kosewski<\/a><\/p>\n\n\n\n<p>&#8212;&#8212;&#8212;&#8212;&#8212;&#8212;&#8212;&#8212;&#8212;&#8212;&#8212;&#8212;&#8212;&#8212;&#8212;&#8212;&#8212;-<\/p>\n\n\n\n<p>ORGANIZATORZY:<br><a target=\"_blank\" href=\"https:\/\/www.facebook.com\/MiastoKutno\/\" rel=\"noreferrer noopener\">Miasto Kutno<\/a><br><a target=\"_blank\" href=\"https:\/\/www.facebook.com\/KutnowskiDomKultury\/\" rel=\"noreferrer noopener\">Kutnowski Dom Kultury<\/a><\/p>\n\n\n\n<p>PATRONAT HONOROWY:<br><a target=\"_blank\" href=\"https:\/\/www.facebook.com\/mkidn\/\" rel=\"noreferrer noopener\">Ministerstwo Kultury i Dziedzictwa Narodowego<\/a><br>Marsza\u0142ek Wojew\u00f3dztwa \u0141\u00f3dzkiego <a target=\"_blank\" href=\"https:\/\/www.facebook.com\/marszalekSchreiber\/\" rel=\"noreferrer noopener\">Grzegorz Schreiber<\/a><br>Starosta <a target=\"_blank\" href=\"https:\/\/www.facebook.com\/powiatkutno\/\" rel=\"noreferrer noopener\">Powiat Kutnowski<\/a><br>Prezydent <a target=\"_blank\" href=\"https:\/\/www.facebook.com\/MiastoKutno\/\" rel=\"noreferrer noopener\">Miasto Kutno<\/a><br>Rodzina Przybor\u00f3w<br><a target=\"_blank\" href=\"https:\/\/www.facebook.com\/PrzyWas-233337206727295\/\" rel=\"noreferrer noopener\">PrzyWas<\/a><\/p>\n\n\n\n<p>PARTNERZY:<br><a target=\"_blank\" href=\"https:\/\/www.facebook.com\/effefestivals\/\" rel=\"noreferrer noopener\">EFFE<\/a><br><a target=\"_blank\" href=\"https:\/\/www.facebook.com\/StudenckiFestiwalPiosenki\/\" rel=\"noreferrer noopener\">Studencki Festiwal Piosenki<\/a><br><a target=\"_blank\" href=\"https:\/\/www.facebook.com\/muzeumpolskiejpiosenki\/\" rel=\"noreferrer noopener\">Muzeum Polskiej Piosenki w Opolu<\/a><br><a target=\"_blank\" href=\"https:\/\/www.facebook.com\/fundacjawasowskich\/\" rel=\"noreferrer noopener\">Fundacja Wasowskich<\/a><br><a target=\"_blank\" href=\"https:\/\/www.facebook.com\/strefapiosenki\/\" rel=\"noreferrer noopener\">strefapiosenki.pl<\/a><br><a target=\"_blank\" href=\"https:\/\/www.facebook.com\/TEEKANNE.Polska\/\" rel=\"noreferrer noopener\">TEEKANNE<\/a><br><a target=\"_blank\" href=\"https:\/\/www.facebook.com\/cukierniawasiakowie\/\" rel=\"noreferrer noopener\">Cukiernia Wasiakowie<\/a><br><a target=\"_blank\" href=\"https:\/\/www.facebook.com\/AleSmacznie\/\" rel=\"noreferrer noopener\">Ale Smacznie<\/a><br><a target=\"_blank\" href=\"https:\/\/www.facebook.com\/bistrorozane\/\" rel=\"noreferrer noopener\">Bistro R\u00f3\u017cane<\/a><br><a target=\"_blank\" href=\"https:\/\/www.facebook.com\/RestauracjaStacjaKutno\/\" rel=\"noreferrer noopener\">Hotel i Restauracja Stacja Kutno<\/a><br><a target=\"_blank\" href=\"https:\/\/www.facebook.com\/RestauracjaRondoKutno\/\" rel=\"noreferrer noopener\">Hotel Restauracja Rondo<\/a><br><a target=\"_blank\" href=\"https:\/\/l.facebook.com\/l.php?u=http%3A%2F%2Fwww.roze-palka.com%2F%3Ffbclid%3DIwAR3-mTJL-s723yIr1ptYnHIGGTFYngqqyzjZ6PJ77YlMKIEkO3bMnhW63Xk&amp;h=AT0kIBmMKZEv4gqlRs7trcH5lghkIAOYzxiPhkblYuu1aE00q5T8nwyNP_Z9oOJKrpP8ZqFw0-9Dq5g0o2X69D2x7aU8xmvhbwHAGcYuUSO_V2qbosqeIhiDqfAMKXx6Ym3D\" rel=\"noreferrer noopener\">www.roze-palka.com<\/a><br><a target=\"_blank\" href=\"https:\/\/www.facebook.com\/bankpekaosa\/\" rel=\"noreferrer noopener\">Bank Pekao S.A.<\/a><br><a target=\"_blank\" href=\"https:\/\/www.facebook.com\/phuprzyloga\/\" rel=\"noreferrer noopener\">PHU Przy\u0142oga<\/a><br><a target=\"_blank\" href=\"https:\/\/www.facebook.com\/Niebywalencja\/\" rel=\"noreferrer noopener\">Niebywalencja &#8211; Festiwal im. J.Przybory<\/a><br><a target=\"_blank\" href=\"https:\/\/www.facebook.com\/hurtpap\/\" rel=\"noreferrer noopener\">Hurt-Pap<\/a><\/p>\n\n\n\n<p>SPONSORZY:<br><a target=\"_blank\" href=\"http:\/\/www.fresenius-kabi.com\/pl?fbclid=IwAR2Wn1gm-Dtfd5I-LMZy8tQyV1AjSxvbG05IMNbl2OTeJPzd8bitXymREJE\" rel=\"noreferrer noopener\">www.fresenius-kabi.com\/pl<\/a><br><a target=\"_blank\" href=\"http:\/\/www.ecosa.pl\/?fbclid=IwAR3yQ9eXX2L8Ag3A4StNZRwFw9M5UT0tzOfIUN5q60AS4E8oWSBkAZJuUVU\" rel=\"noreferrer noopener\">www.ecosa.pl<\/a><br><a target=\"_blank\" href=\"http:\/\/www.mavex.com.pl\/?fbclid=IwAR2c14V9PgJ0keJJ3XuXMHxziO2RC0lpt45TYJK-fTboOzxteWtwIR4ouPY\" rel=\"noreferrer noopener\">www.mavex.com.pl<\/a><br><a target=\"_blank\" href=\"https:\/\/l.facebook.com\/l.php?u=http%3A%2F%2Fwww.polfarmex.pl%2F%3Ffbclid%3DIwAR1Xb6geVDYhIP634Z9cD-XMNzbGkrl9k8LLBvHYMrvAlvfAaHeJUNkP3nM&amp;h=AT2npU971-0D90x_L-LJK87bj4CBEMTx_-PvfkmT3LXJy5LRqjct8nQYO-UM_j82mPhiHPoSFPF1ofOKuOdY1z1YnK9WZWTRbB2bFRZOQapUDNIRLuyI-GIN6DlMo7wdzwU6\" rel=\"noreferrer noopener\">www.polfarmex.pl<\/a><br><a target=\"_blank\" href=\"http:\/\/www.trakt.kutno.pl\/?fbclid=IwAR3MoeJ_K-BnPlHoHCZ_pvfPF8L8_RZj4L66YWWcIyE1_-UO-fF1tD4kkyw\" rel=\"noreferrer noopener\">www.trakt.kutno.pl<\/a><br><a target=\"_blank\" href=\"https:\/\/l.facebook.com\/l.php?u=http%3A%2F%2Fwww.rosacwik-sklep.pl%2F%3Ffbclid%3DIwAR3XioLKap2v7TgNmFBS8LgQ-h3Yn0bYmNmmW3p5gJTkpplK_anFOaeo79I&amp;h=AT3gsHwQ6fSKOh7hp6WDrg3UFKgIvilWjJuunbzxwLiIHtjHEqXsR1l_SInBL7gn2d-GEZvHXaYNhOT3j63tgTrnhh05oUPGNNWJME32Rbr94d6fk54VdK9cjgDH4DXhl9Ce\" rel=\"noreferrer noopener\">www.rosacwik-sklep.pl<\/a><\/p>\n\n\n\n<p>PATRONI MEDIALNI:<br><a target=\"_blank\" href=\"http:\/\/www.radiovictoria.pl\/?fbclid=IwAR1t3XYr_iq_gyLk0N0yp3X_6KNrykvvM9dD_7WJsuGalJg9pOg-IDuvF04\" rel=\"noreferrer noopener\">www.radiovictoria.pl<\/a><br><a target=\"_blank\" href=\"https:\/\/l.facebook.com\/l.php?u=http%3A%2F%2Fwww.radioq.fm%2F%3Ffbclid%3DIwAR3R2451TFDs9w_2IeQSG8XAMM5ppZAziTQA5mkR520BxrxmxBds0peSMAM&amp;h=AT3WGYUoWlIUvQXC3tbxRjzuUkG39yGPIXp7g_ySvaYSHLopGP6YauW_4mBMRYv7ZbtKBqi_PmirRrcr9uqnaQ24_fobGrgfmyI7Za5dhj1ynjPiZfasRcjkJkIETgQPLb-i\" rel=\"noreferrer noopener\">www.radioq.fm<\/a><br><a target=\"_blank\" href=\"https:\/\/l.facebook.com\/l.php?u=http%3A%2F%2Fwww.kutno.net.pl%2F%3Ffbclid%3DIwAR2Wn1gm-Dtfd5I-LMZy8tQyV1AjSxvbG05IMNbl2OTeJPzd8bitXymREJE&amp;h=AT3bKWuYeH8UgdqnxfpP8qV1O287v2EJ7AjOvObuv-e0MXVZp_GobgR-aq8Oy2lrkDF2MKH58vrmSPG2C2tFxOBEZkO6-LylElFR419fQIChX7xy4NS0M4llFIvTBisFiFeg\" rel=\"noreferrer noopener\">www.kutno.net.pl<\/a><br><a target=\"_blank\" href=\"http:\/\/www.gazetalokalna.com\/?fbclid=IwAR3QMn5p04ZUNTHZ7i76yMYKhtj_YL7gjYB_8Jk4OtFG3YRY8PfeMyBvMQw\" rel=\"noreferrer noopener\">www.gazetalokalna.com<\/a><br><a target=\"_blank\" href=\"https:\/\/l.facebook.com\/l.php?u=http%3A%2F%2Fwww.panoramakutna.pl%2F%3Ffbclid%3DIwAR1t3XYr_iq_gyLk0N0yp3X_6KNrykvvM9dD_7WJsuGalJg9pOg-IDuvF04&amp;h=AT3x6XTavkMuoYNADXEVXgrdpCMO6kTRJi6tH0YU1i6VzBjFtLQnragJhX_sLBAghzXAxeK2ET8b1nd66DbQTbcm1O7AE-HE9rKoh95DHjguVXY_UnnY2mJSyPq5o5dDxe4I\" rel=\"noreferrer noopener\">www.panoramakutna.pl<\/a><br><a target=\"_blank\" href=\"https:\/\/l.facebook.com\/l.php?u=http%3A%2F%2Fwww.ekutno.pl%2F%3Ffbclid%3DIwAR3MoeJ_K-BnPlHoHCZ_pvfPF8L8_RZj4L66YWWcIyE1_-UO-fF1tD4kkyw&amp;h=AT1COQKszuJluGKyqfp7hlOt5Xg3_MLH6wjqRJinzYk9URkLLkD9nW12NztJ0cIzgnyHCQwvaZm5FV3Nopue7hCQbp3oDhZHv2LuNma1fpliNF_zbUl0HDX8iT6ondCStj_b\" rel=\"noreferrer noopener\">www.ekutno.pl<\/a><br><a target=\"_blank\" href=\"https:\/\/l.facebook.com\/l.php?u=http%3A%2F%2Fwww.eku24.net%2F%3Ffbclid%3DIwAR3a3MePX9-l1CPfAk-A6JzWfaWyg7pDgLkGPCrYIEvckmXkA6jbaakqf3o&amp;h=AT0rY6zOCEUKSwNacKO_QLk-wb97c3wWQK-R87XpcEZbnIWAXEq_lHik-rIDULgHLsuDP8WvgR3ruzOg7s_6IXeqETbzOhK4mxB2l4Xt5cnPiZmTsB4jlz51N5M7qKU2D-Ql\" rel=\"noreferrer noopener\">www.eku24.net<\/a><br><a target=\"_blank\" href=\"https:\/\/l.facebook.com\/l.php?u=http%3A%2F%2Fwww.telewizjakutno.com%2F%3Ffbclid%3DIwAR3a3MePX9-l1CPfAk-A6JzWfaWyg7pDgLkGPCrYIEvckmXkA6jbaakqf3o&amp;h=AT0LvmZWzrj0jP6tMsLAK4lKiM7ivLmISQxWopTmYShhrZ6kKWLB1SoAbiExlCAIYf9Qcf1_5UelHIY59xJrDxNr8lti0GJp1GTL5WyKXQZkNBoI9a7bR7YJcKttjAXJKb8_\" rel=\"noreferrer noopener\">www.telewizjakutno.com<\/a><br>Powiatowe \u017bycie Kutna\n\n<\/p>\n        <div class=\"booster-block booster-reactions-block\">\n            <div class=\"twp-reactions-icons\">\n                \n                <div class=\"twp-reacts-wrap\">\n                    <a react-data=\"be-react-1\" post-id=\"1230\" class=\"be-face-icons un-reacted\" href=\"javascript:void(0)\">\n                        <img decoding=\"async\" src=\"https:\/\/studenckifestiwal.pl\/wp-content\/plugins\/booster-extension\/\/assets\/icon\/happy.svg\" alt=\"Happy\">\n                    <\/a>\n                    <div class=\"twp-reaction-title\">\n                        Happy                    <\/div>\n                    <div class=\"twp-count-percent\">\n                                                    <span style=\"display: none;\" class=\"twp-react-count\">0<\/span>\n                        \n                                                <span class=\"twp-react-percent\"><span>0<\/span> %<\/span>\n                                            <\/div>\n                <\/div>\n\n                <div class=\"twp-reacts-wrap\">\n                    <a react-data=\"be-react-2\" post-id=\"1230\" class=\"be-face-icons un-reacted\" href=\"javascript:void(0)\">\n                        <img decoding=\"async\" src=\"https:\/\/studenckifestiwal.pl\/wp-content\/plugins\/booster-extension\/\/assets\/icon\/sad.svg\" alt=\"Sad\">\n                    <\/a>\n                    <div class=\"twp-reaction-title\">\n                        Sad                    <\/div>\n                    <div class=\"twp-count-percent\">\n                                                    <span style=\"display: none;\" class=\"twp-react-count\">0<\/span>\n                                                                        <span class=\"twp-react-percent\"><span>0<\/span> %<\/span>\n                                            <\/div>\n                <\/div>\n\n                <div class=\"twp-reacts-wrap\">\n                    <a react-data=\"be-react-3\" post-id=\"1230\" class=\"be-face-icons un-reacted\" href=\"javascript:void(0)\">\n                        <img decoding=\"async\" src=\"https:\/\/studenckifestiwal.pl\/wp-content\/plugins\/booster-extension\/\/assets\/icon\/excited.svg\" alt=\"Excited\">\n                    <\/a>\n                    <div class=\"twp-reaction-title\">\n                        Excited                    <\/div>\n                    <div class=\"twp-count-percent\">\n                                                    <span style=\"display: none;\" class=\"twp-react-count\">0<\/span>\n                                                                        <span class=\"twp-react-percent\"><span>0<\/span> %<\/span>\n                                            <\/div>\n                <\/div>\n\n                <div class=\"twp-reacts-wrap\">\n                    <a react-data=\"be-react-6\" post-id=\"1230\" class=\"be-face-icons un-reacted\" href=\"javascript:void(0)\">\n                        <img decoding=\"async\" src=\"https:\/\/studenckifestiwal.pl\/wp-content\/plugins\/booster-extension\/\/assets\/icon\/sleepy.svg\" alt=\"Sleepy\">\n                    <\/a>\n                    <div class=\"twp-reaction-title\">\n                        Sleepy                    <\/div>\n                    <div class=\"twp-count-percent\">\n                                                    <span style=\"display: none;\" class=\"twp-react-count\">0<\/span>\n                        \n                                                <span class=\"twp-react-percent\"><span>0<\/span> %<\/span>\n                                            <\/div>\n                <\/div>\n\n                <div class=\"twp-reacts-wrap\">\n                    <a react-data=\"be-react-4\" post-id=\"1230\" class=\"be-face-icons un-reacted\" href=\"javascript:void(0)\">\n                        <img decoding=\"async\" src=\"https:\/\/studenckifestiwal.pl\/wp-content\/plugins\/booster-extension\/\/assets\/icon\/angry.svg\" alt=\"Angry\">\n                    <\/a>\n                    <div class=\"twp-reaction-title\">Angry<\/div>\n                    <div class=\"twp-count-percent\">\n                                                    <span style=\"display: none;\" class=\"twp-react-count\">0<\/span>\n                                                                        <span class=\"twp-react-percent\"><span>0<\/span> %<\/span>\n                        \n                    <\/div>\n                <\/div>\n\n                <div class=\"twp-reacts-wrap\">\n                    <a react-data=\"be-react-5\" post-id=\"1230\" class=\"be-face-icons un-reacted\" href=\"javascript:void(0)\">\n                        <img decoding=\"async\" src=\"https:\/\/studenckifestiwal.pl\/wp-content\/plugins\/booster-extension\/\/assets\/icon\/surprise.svg\" alt=\"Surprise\">\n                    <\/a>\n                    <div class=\"twp-reaction-title\">Surprise<\/div>\n                    <div class=\"twp-count-percent\">\n                                                    <span style=\"display: none;\" class=\"twp-react-count\">0<\/span>\n                                                                        <span class=\"twp-react-percent\"><span>0<\/span> %<\/span>\n                                            <\/div>\n                <\/div>\n\n            <\/div>\n        <\/div>\n\n    ","protected":false},"excerpt":{"rendered":"<p>Najstarszy, najwi\u0119kszy i najlepszy Festiwal Jeremiego Przybory! ?? Po raz 15. zapraszamy do Kutna mi\u0142o\u015bnik\u00f3w tw\u00f3rczo\u015bci Starszych Pan\u00f3w. ? Konkurs<\/p>\n<p><a href=\"https:\/\/studenckifestiwal.pl\/index.php\/2019\/11\/21\/15-stacja-kutno-ogolnopolski-festiwal-jeremiego-przybory\/\" class=\"more-link\">Czytaj wi\u0119cej<span class=\"screen-reader-text\">15. &#8222;Stacja Kutno&#8221; Og\u00f3lnopolski Festiwal Jeremiego Przybory<\/span><\/a><\/p>\n","protected":false},"author":1,"featured_media":1231,"comment_status":"closed","ping_status":"closed","sticky":false,"template":"","format":"standard","meta":{"ngg_post_thumbnail":0,"footnotes":""},"categories":[1],"tags":[],"class_list":["post-1230","post","type-post","status-publish","format-standard","has-post-thumbnail","hentry","category-slider"],"builder_content":"","_links":{"self":[{"href":"https:\/\/studenckifestiwal.pl\/index.php\/wp-json\/wp\/v2\/posts\/1230","targetHints":{"allow":["GET"]}}],"collection":[{"href":"https:\/\/studenckifestiwal.pl\/index.php\/wp-json\/wp\/v2\/posts"}],"about":[{"href":"https:\/\/studenckifestiwal.pl\/index.php\/wp-json\/wp\/v2\/types\/post"}],"author":[{"embeddable":true,"href":"https:\/\/studenckifestiwal.pl\/index.php\/wp-json\/wp\/v2\/users\/1"}],"replies":[{"embeddable":true,"href":"https:\/\/studenckifestiwal.pl\/index.php\/wp-json\/wp\/v2\/comments?post=1230"}],"version-history":[{"count":1,"href":"https:\/\/studenckifestiwal.pl\/index.php\/wp-json\/wp\/v2\/posts\/1230\/revisions"}],"predecessor-version":[{"id":1232,"href":"https:\/\/studenckifestiwal.pl\/index.php\/wp-json\/wp\/v2\/posts\/1230\/revisions\/1232"}],"wp:featuredmedia":[{"embeddable":true,"href":"https:\/\/studenckifestiwal.pl\/index.php\/wp-json\/wp\/v2\/media\/1231"}],"wp:attachment":[{"href":"https:\/\/studenckifestiwal.pl\/index.php\/wp-json\/wp\/v2\/media?parent=1230"}],"wp:term":[{"taxonomy":"category","embeddable":true,"href":"https:\/\/studenckifestiwal.pl\/index.php\/wp-json\/wp\/v2\/categories?post=1230"},{"taxonomy":"post_tag","embeddable":true,"href":"https:\/\/studenckifestiwal.pl\/index.php\/wp-json\/wp\/v2\/tags?post=1230"}],"curies":[{"name":"wp","href":"https:\/\/api.w.org\/{rel}","templated":true}]}}