{"id":1227,"date":"2019-11-21T14:40:57","date_gmt":"2019-11-21T13:40:57","guid":{"rendered":"http:\/\/studenckifestiwal.pl\/?p=1227"},"modified":"2019-11-21T14:40:59","modified_gmt":"2019-11-21T13:40:59","slug":"oppa-2019-37-miedzynarodowy-festiwal-bardow","status":"publish","type":"post","link":"https:\/\/studenckifestiwal.pl\/index.php\/2019\/11\/21\/oppa-2019-37-miedzynarodowy-festiwal-bardow\/","title":{"rendered":"OPPA 2019 &#8211; 37. MI\u0118DZYNARODOWY FESTIWAL BARD\u00d3W"},"content":{"rendered":"<div class='booster-block booster-read-block'>\n                <div class=\"twp-read-time\">\n                \t<i class=\"booster-icon twp-clock\"><\/i> <span>Read Time:<\/span>6 Minute, 3 Second                <\/div>\n\n            <\/div>\n<p><strong>16. listopada 2019<\/strong>&nbsp;(sobota)<br>godz. 16:00, wst\u0119p wolny<\/p>\n\n\n\n<p><strong>P\u00d3\u0141FINA\u0141 KONKURSU OPPA 2019<\/strong><\/p>\n\n\n\n<p>Ka\u017cdy z uczestnik\u00f3w wykonuje dwa utwory z w\u0142asnym tekstem i w\u0142asn\u0105 muzyk\u0105. Prezentacje ocenia Rada Artystyczna OPPA w sk\u0142adzie:\u00a0<strong>Piotr Bakal<\/strong>\u00a0(przewodnicz\u0105cy),\u00a0<strong>Stanis\u0142aw Klawe<\/strong>,\u00a0<strong>Andrzej Ozga<\/strong>,\u00a0<strong>S\u0142awomir Wolski<\/strong>\u00a0i\u00a0<strong>Jerzy Mamcarz<\/strong>, kwalifikuj\u0105c najlepszych do Wielkiego Fina\u0142u. Prowadzenie\u00a0<strong>Jacek Gutry<\/strong><\/p>\n\n\n\n<p><strong>Dom Kultury \u015ar\u00f3dmie\u015bcie<\/strong><br>ul. Smolna 9, Warszawa <\/p>\n\n\n\n<p><strong>17. listopada 2019<\/strong>&nbsp;(niedziela)<br>godz. 15:00, wst\u0119p wolny<\/p>\n\n\n\n<p><strong>WIELKI FINA\u0141 KONKURSU OPPA 2019<\/strong><\/p>\n\n\n\n<p>Ka\u017cdy z finalist\u00f3w wykonuje dwa utwory. Prezentacje ocenia Jury OPPA, kt\u00f3re wy\u0142ania\u00a0<strong>&#8222;Z\u0142ot\u0105 Pi\u0105tk\u0119&#8221;<\/strong>\u00a0laureat\u00f3w. Po przerwie \u015bpiewa\u00a0<strong>DOROTA &#8222;SOWA&#8221; KUZIELA<\/strong>\u00a0&#8211; laureatka\u00a0<strong>Grand Prix im. Jonasza Kofty OPPA 2018<\/strong>. Nast\u0119pnie tegoroczni laureaci wykonuj\u0105 po trzy utwory &#8211; r\u00f3\u017cne od wcze\u015bniej prezentowanych. Po drugiej przerwie Jury OPPA og\u0142asza pe\u0142ny werdykt oraz zdobywc\u0119 Grand Prix im. Jonasza Kofty. Sk\u0142ad Jury:\u00a0<strong>Ewa Paczoska<\/strong>\u00a0&#8211; przewodnicz\u0105ca,\u00a0<strong>Jaga Koftowa<\/strong>,\u00a0<strong>Gra\u017cyna Orli\u0144ska<\/strong>,\u00a0<strong>Piotr Bakal<\/strong>,\u00a0<strong>Krzysztof Dzikowski<\/strong>,\u00a0<strong>Andrzej Garczarek<\/strong>. Prowadzenie\u00a0<strong>Jacek Gutry<\/strong>. <\/p>\n\n\n\n<p><strong>18. listopada<\/strong>&nbsp;2019 (poniedzia\u0142ek)<br>godz. 20:00, bilety: 20 z\u0142, rezerwacja sms-owa 609 885 208<\/p>\n\n\n\n<p><strong>MA\u0141GORZATA LIPI\u0143SKA<\/strong><\/p>\n\n\n\n<p>Recital promuj\u0105cy jej pierwsz\u0105 p\u0142yt\u0119 autorsk\u0105 pt.\u00a0<strong>&#8222;Zatrzymaj&#8221;<\/strong>, kt\u00f3ra ukaza\u0142a si\u0119 w sierpniu br. Debiutowa\u0142a w Bydgoszczy, w studenckim zespole\u00a0<strong>Bez Pr\u00f3by<\/strong>. By\u0142a laureatk\u0105 festiwali piosenki studenckiej (m.in. Bazuna, Yapa, Bakcynalia, Danielka, \u015apiewanie na Zamku w \u015awieciu, FPS w Krakowie). Po przerwie powr\u00f3ci\u0142a z autorskim programem, z zespo\u0142em w nowym sk\u0142adzie. Jej piosenki w wersjach studyjnych i koncertowych, znalaz\u0142y si\u0119 na p\u0142ytach festiwalu Bazuna. By\u0142y prezentowane m.in. w audycjach radiowych: &#8222;Gitar\u0105 i pi\u00f3rem&#8221; (Tr\u00f3jka &#8211; Polskie Radio) czy &#8222;Mikroklimat&#8221; (Radio Rzesz\u00f3w). Sk\u0142ad zespo\u0142u:\u00a0<strong>Adam Budzi\u0144ski<\/strong>\u00a0(gitara),\u00a0<strong>Wojciech Soko\u0142owski<\/strong>\u00a0(gitara basowa),\u00a0<strong>Grzegorz Bielawski<\/strong>\u00a0(gitara, \u015bpiew) i\u00a0<strong>Tomasz Pastuszak<\/strong>\u00a0(harmonijka ustna). <\/p>\n\n\n\n<p><strong>19. listopada<\/strong>\u00a02019 (wtorek)<br>godz. 19:30, bilety: 30 z\u0142, zasady rezerwacji na stronie: www.scenapw.sdk.pl<\/p>\n\n\n\n<p><strong>Gniazdo Pirat\u00f3w<\/strong><br>ul. Og\u00f3lna 5, Warszawa<br><a href=\"http:\/\/www.gniazdopiratow.com.pl\/\" target=\"_blank\" rel=\"noreferrer noopener\">www.gniazdopiratow.com.pl<\/a><\/p>\n\n\n\n<p><strong>ANDRZEJ GARCZAREK<\/strong><\/p>\n\n\n\n<p>Recital autorski &#8211; zapowied\u017a nowej p\u0142yty autorskiej pt.\u00a0<strong>&#8222;Blacha falista&#8221;<\/strong>, kt\u00f3rej wydanie planowane jest na przysz\u0142y rok. Akompaniuje multiinstrumentalista\u00a0<strong>Florian Ciborowski<\/strong>. Andrzej Garczarek to legenda polskiego bardowstwa. To &#8222;wzorzec z Sevre&#8221; pie\u015bniarza-poety. To artysta, kt\u00f3ry wywar\u0142 bodaj najwi\u0119kszy wp\u0142yw na ca\u0142e pokolenie polskich bard\u00f3w. Spod jego pi\u00f3ra i gitary wysz\u0142y pami\u0119tne, jak\u017ce aktualne i dzi\u015b s\u0142owa: &#8222;Przyjaci\u00f3\u0142 nikt nie b\u0119dzie mi wybiera\u0142, wrog\u00f3w poszukam sobie sam, dlaczego, kurwa ma\u0107, bez przerwy poucza kto\u015b, w co wierzy\u0107 mam.&#8221; Laureat Nagrody Specjalnej I WPPA (p\u00f3\u017aniejsza OPPA) w 1978 r.<\/p>\n\n\n\n<p><strong>Piwnica na W\u00f3jtowskiej<\/strong><br>ul. Zakroczymska 11, Warszawa<br>tel. 22 635 46 47,\u00a0<a rel=\"noreferrer noopener\" href=\"http:\/\/www.piwnicanawojtowskiej.sdk.pl\/\" target=\"_blank\">www.piwnicanawojtowskiej.sdk.pl<\/a><\/p>\n\n\n\n<p><strong>20. listopada<\/strong>&nbsp;2019 (\u015broda)<br>godz. 19:00, Bilety: 25 z\u0142, sprzeda\u017c od 12. listopada w kasie BOK (pn-pt 16:00-19:00, wt 10:00-13:00) oraz przed koncertem<\/p>\n\n\n\n<p><strong>PIOTR BAKAL<\/strong><\/p>\n\n\n\n<p>Prezentacja najnowszej p\u0142yty autorskiej pt.\u00a0<strong>&#8222;nie tylko LATO Z KOMARAMI&#8221;<\/strong>\u00a0wydanej w sierpniu br. zawieraj\u0105cej wyb\u00f3r piosenek turystycznych i satyrycznych stworzonych w okresie 44 lat pracy artystycznej. Sk\u0142ad zespo\u0142u:\u00a0<strong>Miros\u0142aw \u0141\u0105czy\u0144ski<\/strong>\u00a0(gitara basowa),\u00a0<strong>Les\u0142aw Matecki<\/strong>\u00a0(gitara solowa),\u00a0<strong>Dorota &#8222;Sowa&#8221; Kuziela<\/strong>\u00a0(skrzypce, \u015bpiew).<br>Oficjalna strona internetowa artysty:\u00a0<a rel=\"noreferrer noopener\" href=\"http:\/\/www.piotrbakal.com\/\" target=\"_blank\">www.piotrbakal.com<\/a><\/p>\n\n\n\n<p><strong>Biela\u0144ski O\u015brodek Kultury<\/strong><br>ul. Carla Goldoniego 1, Warszawa<br>tel. 22 834 65 47,\u00a0<a rel=\"noreferrer noopener\" href=\"http:\/\/www.bok-bielany.eu\/\" target=\"_blank\">www.bok-bielany.eu<\/a><\/p>\n\n\n\n<p><strong>21. listopada<\/strong>&nbsp;2019 (czwartek)<br>godz. 17:30, wst\u0119p wolny<\/p>\n\n\n\n<p><strong>\u0141UKASZ MAJEWSKI<\/strong><\/p>\n\n\n\n<p>Koncert promuj\u0105cy wydan\u0105 w 2019 r. p\u0142yt\u0119 pt.\u00a0<strong>&#8222;Na prawo od Jiczyna&#8221;<\/strong>. Jest to zbi\u00f3r 11 piosenek przet\u0142umaczonych z j\u0119zyka czeskiego wybranych dziewi\u0119ciu autor\u00f3w. S\u0105 to:\u00a0<strong>Vladim\u00edr Merta<\/strong>,\u00a0<strong>Jan Burian<\/strong>,\u00a0<strong>Michael Jan\u00edk&amp;Miroslav Pale\u010dek<\/strong>,\u00a0<strong>Old\u0159ich Janota<\/strong>,\u00a0<strong>Vladim\u00edr Veit<\/strong>,\u00a0<strong>Karel Pl\u00edhal<\/strong>,\u00a0<strong>Sl\u00e1vek Janou\u0161ek<\/strong>,\u00a0<strong>Vlasta Redl<\/strong>\u00a0i\u00a0<strong>Jaroslav Hutka<\/strong>. Koncert odb\u0119dzie si\u0119 w ramach &#8222;Czwartk\u00f3w poetycko-muzycznych&#8221;. Gospodarzem wieczoru jest\u00a0<strong>Jacek Gutry<\/strong>. <\/p>\n\n\n\n<p><strong>Czytelnia Naukowa nr I<\/strong><br>ul. \u015aw. Wincentego 85, Warszawa<br>tel. 22 674 66 01,\u00a0<a rel=\"noreferrer noopener\" href=\"http:\/\/www.multibiblioteka.waw.pl\/\" target=\"_blank\">www.multibiblioteka.waw.pl<\/a><\/p>\n\n\n\n<p><strong>21. listopada<\/strong>&nbsp;2019 (czwartek)<br>godz. 20:00, bilety: w przedsprzeda\u017cy 20 z\u0142, w dniu koncertu 25 z\u0142, rezerwacja 22 822 48 70, przedsprzeda\u017c w kasie OKO<\/p>\n\n\n\n<p><strong>KAREL KRYL IN MEMORIAM<\/strong><\/p>\n\n\n\n<p>Program s\u0142owno-muzyczny po\u015bwi\u0119cony wybitnemu czeskiemu pie\u015bniarzowi, poecie i grafikowi, bardowi Praskiej Wiosny, wsp\u00f3\u0142pracownikowi Sekcji Czechos\u0142owackiej Radia Wolna Europa, kt\u00f3rego 75 rocznica urodzin i 25 rocznica \u015bmierci przypada w tym roku. Wiele jego pie\u015bni zosta\u0142o spopularyzowanych w naszym kraju m. in. przez Salon Niezale\u017cnych, Antonin\u0119 Krzyszto\u0144, Jacka Kaczmarskiego czy zesp\u00f3\u0142 EKT Gdynia. Na program sk\u0142adaj\u0105 si\u0119 piosenki\u00a0<strong>Karela Kryla<\/strong>\u00a0w t\u0142umaczeniach literackich na j\u0119zyk polski przeplatane s\u0142owem wi\u0105\u017c\u0105cym przybli\u017caj\u0105cym \u017cycie, tw\u00f3rczo\u015b\u0107 i \u015bwiatopogl\u0105d artysty.<br>W programie udzia\u0142 bior\u0105:\u00a0<strong>Piotr Bakal<\/strong>,\u00a0<strong>Andrzej Ozga<\/strong>\u00a0i\u00a0<strong>Stanis\u0142aw Waszak<\/strong>. Komentarz autorstwa\u00a0<strong>Tatiany Witkowskiej<\/strong>\u00a0czyta\u00a0<strong>Krystyna Czub\u00f3wna<\/strong>. Wykonawcom akompaniuje zesp\u00f3\u0142 pod kierownictwem\u00a0<strong>Rafa\u0142a Grz\u0105ki<\/strong>\u00a0w sk\u0142adzie:\u00a0<strong>Rafa\u0142 Grz\u0105ka<\/strong>\u00a0&#8211; akordeon, aran\u017cacje,\u00a0<strong>Krzysztof \u0141ochowicz<\/strong>\u00a0&#8211; gitara\u00a0 i\u00a0<strong>Marcin Fidos<\/strong>\u00a0&#8211; kontrabas. Scenariusz i re\u017cyseria\u00a0<strong>Piotr Bakal<\/strong>. <\/p>\n\n\n\n<p><strong>O\u015brodek Kultury Ochoty<\/strong><br>ul. Gr\u00f3jecka 75, Warszawa<br>tel. 22 822 48 70,\u00a0<a rel=\"noreferrer noopener\" href=\"http:\/\/www.oko.com.pl\/\" target=\"_blank\">www.oko.com.pl<\/a><\/p>\n\n\n\n<p><strong>22. listopada<\/strong>&nbsp;2019 (pi\u0105tek)<br>godz. 19:00, bilety: 35 z\u0142, rezerwacja mailowa i przedsprzeda\u017c pod info@oppa.pl<\/p>\n\n\n\n<p><strong>PREMIERY I INTERPRETACJE &#8211; KONCERT GALOWY OPPA 2019<\/strong><\/p>\n\n\n\n<p>Dwucz\u0119\u015bciowy koncert, w kt\u00f3rym w pierwszej cz\u0119\u015bci z premierowymi utworami wyst\u0119puje kilkana\u015bcioro znanych tw\u00f3rc\u00f3w piosenki autorskiej, a publiczno\u015b\u0107 w specjalnym plebiscycie wybiera najlepsz\u0105 piosenk\u0119 premierow\u0105.<br>Druga cz\u0119\u015b\u0107, to koncert po\u015bwi\u0119cony pami\u0119ci zmar\u0142ego w 2018 r. barda i sta\u0142ego uczestnika OPPA &#8211;\u00a0<strong>Andrzeja Brzeskiego<\/strong>. Jego kole\u017canki i koledzy po pi\u00f3rze przedstawi\u0105 swoje interpretacje piosenek autorskich Artysty. Wyst\u0119puj\u0105:\u00a0<strong>Justyna Bacz<\/strong>,\u00a0<strong>Piotr Bakal<\/strong>,\u00a0<strong>Marek Bartkowicz<\/strong>,\u00a0<strong>Ewa Gaworska<\/strong>,\u00a0<strong>Jacek Gutry<\/strong>,\u00a0<strong>Bogus\u0142aw Nowicki<\/strong>,\u00a0<strong>Tomasz Kordeusz<\/strong>,\u00a0<strong>\u0141ukasz Majewski<\/strong>,\u00a0<strong>Marek Majewski<\/strong>,\u00a0<strong>Jerzy Mamcarz<\/strong>,\u00a0<strong>Ewelina Marciniak<\/strong>,\u00a0<strong>Joanna Mioduchowska<\/strong>,\u00a0<strong>Tomasz Olszewski<\/strong>,\u00a0<strong>Andrzej Ozga<\/strong>\u00a0i\u00a0<strong>Basia St\u0119pniak-Wilk<\/strong>.<br>W obu cz\u0119\u015bciach koncertu artystom akompaniuje zesp\u00f3\u0142 pod kierownictwem\u00a0<strong>Tomasza Filipczaka<\/strong>\u00a0(fortepian, aran\u017cacje), w sk\u0142adzie:\u00a0<strong>Jakub Kujawa<\/strong>\u00a0(gitary),\u00a0<strong>Rafa\u0142 Grz\u0105ka<\/strong>\u00a0(akordeon),\u00a0<strong>Miros\u0142aw Wi\u015bniewski<\/strong>\u00a0(bas),\u00a0<strong>Przemys\u0142aw Kuczy\u0144ski<\/strong>\u00a0(perkusja),\u00a0<strong>Jaros\u0142aw Zawadzki<\/strong>\u00a0(saksofony, instrument klawiszowy). Koncert prowadzi\u00a0<strong>Basia St\u0119pniak-Wilk<\/strong>. <\/p>\n\n\n\n<p><strong>Centrum Kultury<\/strong><br>ul. Sp\u00f3\u0142dzielcza 9, Grodzisk Mazowiecki<br>22 734 79 44,&nbsp;<a href=\"http:\/\/www.centrumkultury.eu\/\" target=\"_blank\" rel=\"noreferrer noopener\">www.centrumkultury.eu<\/a><\/p>\n\n\n\n<p><\/p>\n\n\n\n<p><strong>23. listopada<\/strong>&nbsp;2019 (sobota)<br>godz. 18:00, bilety: 25 z\u0142, sprzeda\u017c na godzin\u0119 przed koncertem, rezerwacja pod info@oppa.pl<\/p>\n\n\n\n<p><strong>J\u00d3ZEF SKRZEK<\/strong><\/p>\n\n\n\n<p>Recital autorski.\u00a0<strong>J\u00f3zef Skrzek<\/strong>\u00a0jest obecny na polskiej scenie nieprzerwanie od 1969 roku. Zaczyna\u0142 jako basista o rozpoznawalnym brzmieniu, by z czasem okaza\u0107 si\u0119 wirtuozem wszelakich instrument\u00f3w klawiszowych, z ulubionymi syntezatorami Mooga na czele. Debiutowa\u0142 w 1970 roku w zespole\u00a0<strong>Breakout<\/strong>. Rok p\u00f3\u017aniej za\u0142o\u017cy\u0142\u00a0<strong>Silesian Blues Band<\/strong>, kt\u00f3ry &#8211; po dw\u00f3ch lata intensywnej wsp\u00f3\u0142pracy z\u00a0<strong>Czes\u0142awem Niemenem<\/strong>\u00a0(jako\u00a0<strong>Grupa Niemen<\/strong>) &#8211; przekszta\u0142ci\u0142 si\u0119 w\u00a0<strong>SBB<\/strong>, jeden z najwa\u017cniejszych polskich zespo\u0142\u00f3w rockowych wszech czas\u00f3w. Podbijali Europ\u0119 w czasie, kiedy wi\u0119kszo\u015bci polskich artyst\u00f3w nie \u015bni\u0142y si\u0119 regularne trasy koncertowe na Zachodzie. Brali udzia\u0142 w wielkich festiwalach (Roskilde, Festival der Jugend), staj\u0105c na jednej scenie obok takich gwiazd jak\u00a0<strong>Bob Marley<\/strong>,\u00a0<strong>Elton John<\/strong>,\u00a0<strong>Mahavishnu Orchestra<\/strong>\u00a0czy\u00a0<strong>Soft Machine<\/strong>. W Polsce grywali niekiedy po cztery koncerty dziennie w jednej sali &#8211; a bilet\u00f3w i tak brakowa\u0142o. Nagrali kilkana\u015bcie p\u0142yt w Polsce, Niemczech i Czechos\u0142owacji. Od pocz\u0105tku lat 80.\u00a0<strong>J\u00f3zef Skrzek<\/strong>\u00a0z powodzeniem dzia\u0142a jako solista, szukaj\u0105c wci\u0105\u017c nowych form wyrazu. Nagra\u0142 wiele p\u0142yt, gdzie rock, jazz, elektronika i elementy folku mieszaj\u0105 si\u0119 w jedn\u0105, niepowtarzaln\u0105 ca\u0142o\u015b\u0107.<br>Oficjalna strona internetowa artysty:\u00a0<a rel=\"noreferrer noopener\" href=\"http:\/\/www.skrzek.com\/\" target=\"_blank\">www.skrzek.com<\/a><\/p>\n\n\n\n<p><strong>Muzyczne Studio Polskiego Radia im. Agnieszki Osieckiej<\/strong><br>ul. My\u015bliwiecka 3\/5\/7, Warszawa<br><a rel=\"noreferrer noopener\" href=\"http:\/\/www.studianagran.com.pl\/\" target=\"_blank\">www.polskieradio.pl<\/a><\/p>\n\n\n\n<p><strong>24. listopada<\/strong>&nbsp;2019 (niedziela)<br>otwarcie &#8211; godz. 14:00, start sceny &#8211; 15:30, wst\u0119p wolny<\/p>\n\n\n\n<p><strong>oFF OPPA &#8211; scena otwarta<\/strong><\/p>\n\n\n\n<p>oFF OPPA, to scena otwarta, na kt\u00f3rej w kilkugodzinnym maratonie piosenkarskim mog\u0105 wyst\u0105pi\u0107 wszyscy tw\u00f3rcy piosenek autorskich (w\u0142asny tekst i muzyka), kt\u00f3rzy chc\u0105 zaprezentowa\u0107 si\u0119 w szerszym repertuarze ni\u017c by\u0142 mo\u017cliwy w konkursie, kt\u00f3rzy nie zdecydowali si\u0119 jeszcze na start w oficjalnym konkursie lub nie zostali zakwalifikowani. Decyduje kolejno\u015b\u0107 zg\u0142osze\u0144. Gospodarzem prowadz\u0105cym b\u0119dzie w tym roku\u00a0<strong>Wojciech Wasilewski<\/strong>. <\/p>\n\n\n\n<p><strong>Gniazdo Pirat\u00f3w<\/strong><br>ul. Og\u00f3lna 5, Warszawa<br>tel. 22 633 71 82,&nbsp;<a href=\"http:\/\/www.gniazdopiratow.com.pl\/\" target=\"_blank\" rel=\"noreferrer noopener\">www.gniazdopiratow.com.pl<\/a><\/p>\n\n\n\n<p><\/p>\n\n\n\n<p><br><\/p>\n\n\n\n<p><br><\/p>\n        <div class=\"booster-block booster-reactions-block\">\n            <div class=\"twp-reactions-icons\">\n                \n                <div class=\"twp-reacts-wrap\">\n                    <a react-data=\"be-react-1\" post-id=\"1227\" class=\"be-face-icons un-reacted\" href=\"javascript:void(0)\">\n                        <img decoding=\"async\" src=\"https:\/\/studenckifestiwal.pl\/wp-content\/plugins\/booster-extension\/\/assets\/icon\/happy.svg\" alt=\"Happy\">\n                    <\/a>\n                    <div class=\"twp-reaction-title\">\n                        Happy                    <\/div>\n                    <div class=\"twp-count-percent\">\n                                                    <span style=\"display: none;\" class=\"twp-react-count\">0<\/span>\n                        \n                                                <span class=\"twp-react-percent\"><span>0<\/span> %<\/span>\n                                            <\/div>\n                <\/div>\n\n                <div class=\"twp-reacts-wrap\">\n                    <a react-data=\"be-react-2\" post-id=\"1227\" class=\"be-face-icons un-reacted\" href=\"javascript:void(0)\">\n                        <img decoding=\"async\" src=\"https:\/\/studenckifestiwal.pl\/wp-content\/plugins\/booster-extension\/\/assets\/icon\/sad.svg\" alt=\"Sad\">\n                    <\/a>\n                    <div class=\"twp-reaction-title\">\n                        Sad                    <\/div>\n                    <div class=\"twp-count-percent\">\n                                                    <span style=\"display: none;\" class=\"twp-react-count\">0<\/span>\n                                                                        <span class=\"twp-react-percent\"><span>0<\/span> %<\/span>\n                                            <\/div>\n                <\/div>\n\n                <div class=\"twp-reacts-wrap\">\n                    <a react-data=\"be-react-3\" post-id=\"1227\" class=\"be-face-icons un-reacted\" href=\"javascript:void(0)\">\n                        <img decoding=\"async\" src=\"https:\/\/studenckifestiwal.pl\/wp-content\/plugins\/booster-extension\/\/assets\/icon\/excited.svg\" alt=\"Excited\">\n                    <\/a>\n                    <div class=\"twp-reaction-title\">\n                        Excited                    <\/div>\n                    <div class=\"twp-count-percent\">\n                                                    <span style=\"display: none;\" class=\"twp-react-count\">0<\/span>\n                                                                        <span class=\"twp-react-percent\"><span>0<\/span> %<\/span>\n                                            <\/div>\n                <\/div>\n\n                <div class=\"twp-reacts-wrap\">\n                    <a react-data=\"be-react-6\" post-id=\"1227\" class=\"be-face-icons un-reacted\" href=\"javascript:void(0)\">\n                        <img decoding=\"async\" src=\"https:\/\/studenckifestiwal.pl\/wp-content\/plugins\/booster-extension\/\/assets\/icon\/sleepy.svg\" alt=\"Sleepy\">\n                    <\/a>\n                    <div class=\"twp-reaction-title\">\n                        Sleepy                    <\/div>\n                    <div class=\"twp-count-percent\">\n                                                    <span style=\"display: none;\" class=\"twp-react-count\">0<\/span>\n                        \n                                                <span class=\"twp-react-percent\"><span>0<\/span> %<\/span>\n                                            <\/div>\n                <\/div>\n\n                <div class=\"twp-reacts-wrap\">\n                    <a react-data=\"be-react-4\" post-id=\"1227\" class=\"be-face-icons un-reacted\" href=\"javascript:void(0)\">\n                        <img decoding=\"async\" src=\"https:\/\/studenckifestiwal.pl\/wp-content\/plugins\/booster-extension\/\/assets\/icon\/angry.svg\" alt=\"Angry\">\n                    <\/a>\n                    <div class=\"twp-reaction-title\">Angry<\/div>\n                    <div class=\"twp-count-percent\">\n                                                    <span style=\"display: none;\" class=\"twp-react-count\">0<\/span>\n                                                                        <span class=\"twp-react-percent\"><span>0<\/span> %<\/span>\n                        \n                    <\/div>\n                <\/div>\n\n                <div class=\"twp-reacts-wrap\">\n                    <a react-data=\"be-react-5\" post-id=\"1227\" class=\"be-face-icons un-reacted\" href=\"javascript:void(0)\">\n                        <img decoding=\"async\" src=\"https:\/\/studenckifestiwal.pl\/wp-content\/plugins\/booster-extension\/\/assets\/icon\/surprise.svg\" alt=\"Surprise\">\n                    <\/a>\n                    <div class=\"twp-reaction-title\">Surprise<\/div>\n                    <div class=\"twp-count-percent\">\n                                                    <span style=\"display: none;\" class=\"twp-react-count\">0<\/span>\n                                                                        <span class=\"twp-react-percent\"><span>0<\/span> %<\/span>\n                                            <\/div>\n                <\/div>\n\n            <\/div>\n        <\/div>\n\n    ","protected":false},"excerpt":{"rendered":"<p>16. listopada 2019&nbsp;(sobota)godz. 16:00, wst\u0119p wolny P\u00d3\u0141FINA\u0141 KONKURSU OPPA 2019 Ka\u017cdy z uczestnik\u00f3w wykonuje dwa utwory z w\u0142asnym tekstem i<\/p>\n<p><a href=\"https:\/\/studenckifestiwal.pl\/index.php\/2019\/11\/21\/oppa-2019-37-miedzynarodowy-festiwal-bardow\/\" class=\"more-link\">Czytaj wi\u0119cej<span class=\"screen-reader-text\">OPPA 2019 &#8211; 37. MI\u0118DZYNARODOWY FESTIWAL BARD\u00d3W<\/span><\/a><\/p>\n","protected":false},"author":1,"featured_media":1228,"comment_status":"closed","ping_status":"closed","sticky":false,"template":"","format":"standard","meta":{"ngg_post_thumbnail":0,"footnotes":""},"categories":[1],"tags":[],"class_list":["post-1227","post","type-post","status-publish","format-standard","has-post-thumbnail","hentry","category-slider"],"builder_content":"","_links":{"self":[{"href":"https:\/\/studenckifestiwal.pl\/index.php\/wp-json\/wp\/v2\/posts\/1227","targetHints":{"allow":["GET"]}}],"collection":[{"href":"https:\/\/studenckifestiwal.pl\/index.php\/wp-json\/wp\/v2\/posts"}],"about":[{"href":"https:\/\/studenckifestiwal.pl\/index.php\/wp-json\/wp\/v2\/types\/post"}],"author":[{"embeddable":true,"href":"https:\/\/studenckifestiwal.pl\/index.php\/wp-json\/wp\/v2\/users\/1"}],"replies":[{"embeddable":true,"href":"https:\/\/studenckifestiwal.pl\/index.php\/wp-json\/wp\/v2\/comments?post=1227"}],"version-history":[{"count":1,"href":"https:\/\/studenckifestiwal.pl\/index.php\/wp-json\/wp\/v2\/posts\/1227\/revisions"}],"predecessor-version":[{"id":1229,"href":"https:\/\/studenckifestiwal.pl\/index.php\/wp-json\/wp\/v2\/posts\/1227\/revisions\/1229"}],"wp:featuredmedia":[{"embeddable":true,"href":"https:\/\/studenckifestiwal.pl\/index.php\/wp-json\/wp\/v2\/media\/1228"}],"wp:attachment":[{"href":"https:\/\/studenckifestiwal.pl\/index.php\/wp-json\/wp\/v2\/media?parent=1227"}],"wp:term":[{"taxonomy":"category","embeddable":true,"href":"https:\/\/studenckifestiwal.pl\/index.php\/wp-json\/wp\/v2\/categories?post=1227"},{"taxonomy":"post_tag","embeddable":true,"href":"https:\/\/studenckifestiwal.pl\/index.php\/wp-json\/wp\/v2\/tags?post=1227"}],"curies":[{"name":"wp","href":"https:\/\/api.w.org\/{rel}","templated":true}]}}