{"id":1056,"date":"2019-09-11T09:42:05","date_gmt":"2019-09-11T07:42:05","guid":{"rendered":"http:\/\/studenckifestiwal.pl\/?p=1056"},"modified":"2019-10-03T09:56:04","modified_gmt":"2019-10-03T07:56:04","slug":"nic-dwa-razy-szymborska-w-piosence-2019-recital-staszka-soyki-oraz-laureatek-studenckiego-festiwalu-piosenki-w-krakowie","status":"publish","type":"post","link":"https:\/\/studenckifestiwal.pl\/index.php\/2019\/09\/11\/nic-dwa-razy-szymborska-w-piosence-2019-recital-staszka-soyki-oraz-laureatek-studenckiego-festiwalu-piosenki-w-krakowie\/","title":{"rendered":"&#8222;Nic dwa razy&#8221; &#8211; Szymborska w piosence 2019 \u2013 recital Staszka Soyki oraz laureatek Studenckiego Festiwalu Piosenki w Krakowie"},"content":{"rendered":"<div class='booster-block booster-read-block'>\n                <div class=\"twp-read-time\">\n                \t<i class=\"booster-icon twp-clock\"><\/i> <span>Read Time:<\/span>1 Minute, 37 Second                <\/div>\n\n            <\/div>\n<p> Niedziela, 13 X 2019, godz. 19:00<br>Akademia Sztuk Teatralnych im. Stanis\u0142awa Wyspia\u0144skiego w Krakowie, ul. Straszewskiego 21\/22<\/p>\n\n\n\n<p>Kierownictwo muzyczne: Stanis\u0142aw Rzepiela<br>Wyst\u0105pi\u0105: Staszek Soyka, Paulina Bisztyga, Dominika Handzlik,<br>Asia Nawojska, Hanka W\u00f3jciak<\/p>\n\n\n\n<p>&#8222;Nic dwa razy si\u0119 nie zdarza<br>i nie zdarzy. Z tej przyczyny<br>zrodzili\u015bmy si\u0119 bez wprawy<br>i pomrzemy bez rutyny&#8221;<\/p>\n\n\n\n<p>Koncert, podczas kt\u00f3rego wybrzmi\u0105 s\u0142owa wybitnej poetki, noblistki w piosenkach za\u015bpiewanych i zinterpretowanych przez m\u0142ode kobiety, szukaj\u0105ce w Jej wierszach samych siebie. Tego wieczoru zapraszamy Pa\u0144stwa w kobiec\u0105 podr\u00f3\u017c, zaaran\u017cowan\u0105 przez pi\u0119\u0107 dam, gdzie po\u015br\u00f3d poezji i d\u017awi\u0119ku, g\u0142os zabierze si\u0142a, delikatno\u015b\u0107 i pi\u0119kno.<\/p>\n\n\n\n<p>Kierownictwo muzyczne: Stanis\u0142aw Rzepiela<br>Wyst\u0105pi\u0105: Paulina Bisztyga, Dominika Handzlik, Asia Nawojska, Izabela Szafra\u0144ska, Hanka W\u00f3jciak<\/p>\n\n\n\n<p>W drugiej cz\u0119\u015bci Koncertu wyst\u0105pi ze swoim recitalem Stanis\u0142aw Soyka, wokalista jazzowy, pianista i kompozytor:<\/p>\n\n\n\n<p><\/p>\n\n\n\n<p>Stanis\u0142aw Soyka \u2013 \u015bpiewak, instrumentalista, kompozytor \u2013 ju\u017c od lat nale\u017cy do grona najwi\u0119kszych artyst\u00f3w polskiej sceny muzycznej. Komponuje i \u015bpiewa pie\u015bni o mi\u0142o\u015bci i o jej braku, pie\u015bni o t\u0119sknocie i spe\u0142nieniu, ale nie ucieka przed wielkimi problemami wsp\u00f3\u0142czesno\u015bci. W jego dorobku znajdziemy ponad 30 album\u00f3w, z kt\u00f3rych kilka osi\u0105gn\u0119\u0142o multiplatynowe nak\u0142ady. Nigdy nie podda\u0142 si\u0119 modom i trendom. Wypracowa\u0142 sw\u00f3j w\u0142asny j\u0119zyk muzyczny przez co nale\u017cy do grona artyst\u00f3w, kt\u00f3rych styl rozpoznaje si\u0119 od pierwszych d\u017awi\u0119k\u00f3w a bogactwo repertuaru mo\u017ce przyprawia\u0107 o zawr\u00f3t g\u0142owy. Posiada na koncie dziesi\u0105tki autorskich pie\u015bni lecz trudno<br>pomin\u0105\u0107 fakt, \u017ce skomponowa\u0142 muzyk\u0119 do wielu wierszy poet\u00f3w polskich i \u2026nie tylko.<\/p>\n\n\n\n<p>Stanis\u0142aw Soyka<br>Wokalista i kompozytor. M\u00f3wi si\u0119 o nim \u201ezwierz\u0119 muzyczne\u201d. Ci\u0105gle si\u0119 zmienia, du\u017co improwizuje, a mimo to jego kompozycje mo\u017cna pozna\u0107 ju\u017c po kilku pierwszych d\u017awi\u0119kach. Jest niezwykle charyzmatyczny i z \u0142atwo\u015bci\u0105 podbija serca zgromadzonej publiczno\u015bci. Uwa\u017ca si\u0119 za cz\u0142owieka szcz\u0119\u015bliwego. Docenia to, co ju\u017c umie, ale fascynuje go mo\u017cliwo\u015b\u0107 dalszego rozwoju. Twierdzi, \u017ce z wiekiem muzyka sprawia mu jeszcze wi\u0119ksz\u0105 rado\u015b\u0107, kt\u00f3r\u0105 chce si\u0119 dzieli\u0107 z s\u0142uchaczami.<\/p>\n\n\n\n<p>Bilety:<\/p>\n\n\n\n<p><a href=\"https:\/\/goingapp.pl\/evt\/2152969\/nic-dwa-razy-szymborska-w-piosence-2019-recital-staszka-soyki-oraz-laureatek-studenckiego-festiwalu-piosenki-w-krakowie?fbclid=IwAR31iI0rrExJaEqnizWhfwFOgk9-E00QEZNMUKVyBa7JI_HLdTBGQSL63HA\">https:\/\/goingapp.pl\/evt\/2152969\/nic-dwa-razy-szymborska-w-piosence-2019-recital-staszka-soyki-oraz-laureatek-studenckiego-festiwalu-piosenki-w-krakowie?fbclid=IwAR31iI0rrExJaEqnizWhfwFOgk9-E00QEZNMUKVyBa7JI_HLdTBGQSL63HA<\/a><\/p>\n        <div class=\"booster-block booster-reactions-block\">\n            <div class=\"twp-reactions-icons\">\n                \n                <div class=\"twp-reacts-wrap\">\n                    <a react-data=\"be-react-1\" post-id=\"1056\" class=\"be-face-icons un-reacted\" href=\"javascript:void(0)\">\n                        <img decoding=\"async\" src=\"https:\/\/studenckifestiwal.pl\/wp-content\/plugins\/booster-extension\/\/assets\/icon\/happy.svg\" alt=\"Happy\">\n                    <\/a>\n                    <div class=\"twp-reaction-title\">\n                        Happy                    <\/div>\n                    <div class=\"twp-count-percent\">\n                                                    <span style=\"display: none;\" class=\"twp-react-count\">0<\/span>\n                        \n                                                <span class=\"twp-react-percent\"><span>0<\/span> %<\/span>\n                                            <\/div>\n                <\/div>\n\n                <div class=\"twp-reacts-wrap\">\n                    <a react-data=\"be-react-2\" post-id=\"1056\" class=\"be-face-icons un-reacted\" href=\"javascript:void(0)\">\n                        <img decoding=\"async\" src=\"https:\/\/studenckifestiwal.pl\/wp-content\/plugins\/booster-extension\/\/assets\/icon\/sad.svg\" alt=\"Sad\">\n                    <\/a>\n                    <div class=\"twp-reaction-title\">\n                        Sad                    <\/div>\n                    <div class=\"twp-count-percent\">\n                                                    <span style=\"display: none;\" class=\"twp-react-count\">0<\/span>\n                                                                        <span class=\"twp-react-percent\"><span>0<\/span> %<\/span>\n                                            <\/div>\n                <\/div>\n\n                <div class=\"twp-reacts-wrap\">\n                    <a react-data=\"be-react-3\" post-id=\"1056\" class=\"be-face-icons un-reacted\" href=\"javascript:void(0)\">\n                        <img decoding=\"async\" src=\"https:\/\/studenckifestiwal.pl\/wp-content\/plugins\/booster-extension\/\/assets\/icon\/excited.svg\" alt=\"Excited\">\n                    <\/a>\n                    <div class=\"twp-reaction-title\">\n                        Excited                    <\/div>\n                    <div class=\"twp-count-percent\">\n                                                    <span style=\"display: none;\" class=\"twp-react-count\">0<\/span>\n                                                                        <span class=\"twp-react-percent\"><span>0<\/span> %<\/span>\n                                            <\/div>\n                <\/div>\n\n                <div class=\"twp-reacts-wrap\">\n                    <a react-data=\"be-react-6\" post-id=\"1056\" class=\"be-face-icons un-reacted\" href=\"javascript:void(0)\">\n                        <img decoding=\"async\" src=\"https:\/\/studenckifestiwal.pl\/wp-content\/plugins\/booster-extension\/\/assets\/icon\/sleepy.svg\" alt=\"Sleepy\">\n                    <\/a>\n                    <div class=\"twp-reaction-title\">\n                        Sleepy                    <\/div>\n                    <div class=\"twp-count-percent\">\n                                                    <span style=\"display: none;\" class=\"twp-react-count\">0<\/span>\n                        \n                                                <span class=\"twp-react-percent\"><span>0<\/span> %<\/span>\n                                            <\/div>\n                <\/div>\n\n                <div class=\"twp-reacts-wrap\">\n                    <a react-data=\"be-react-4\" post-id=\"1056\" class=\"be-face-icons un-reacted\" href=\"javascript:void(0)\">\n                        <img decoding=\"async\" src=\"https:\/\/studenckifestiwal.pl\/wp-content\/plugins\/booster-extension\/\/assets\/icon\/angry.svg\" alt=\"Angry\">\n                    <\/a>\n                    <div class=\"twp-reaction-title\">Angry<\/div>\n                    <div class=\"twp-count-percent\">\n                                                    <span style=\"display: none;\" class=\"twp-react-count\">0<\/span>\n                                                                        <span class=\"twp-react-percent\"><span>0<\/span> %<\/span>\n                        \n                    <\/div>\n                <\/div>\n\n                <div class=\"twp-reacts-wrap\">\n                    <a react-data=\"be-react-5\" post-id=\"1056\" class=\"be-face-icons un-reacted\" href=\"javascript:void(0)\">\n                        <img decoding=\"async\" src=\"https:\/\/studenckifestiwal.pl\/wp-content\/plugins\/booster-extension\/\/assets\/icon\/surprise.svg\" alt=\"Surprise\">\n                    <\/a>\n                    <div class=\"twp-reaction-title\">Surprise<\/div>\n                    <div class=\"twp-count-percent\">\n                                                    <span style=\"display: none;\" class=\"twp-react-count\">0<\/span>\n                                                                        <span class=\"twp-react-percent\"><span>0<\/span> %<\/span>\n                                            <\/div>\n                <\/div>\n\n            <\/div>\n        <\/div>\n\n    ","protected":false},"excerpt":{"rendered":"<p>Niedziela, 13 X 2019, godz. 19:00Akademia Sztuk Teatralnych im. Stanis\u0142awa Wyspia\u0144skiego w Krakowie, ul. Straszewskiego 21\/22 Kierownictwo muzyczne: Stanis\u0142aw RzepielaWyst\u0105pi\u0105:<\/p>\n<p><a href=\"https:\/\/studenckifestiwal.pl\/index.php\/2019\/09\/11\/nic-dwa-razy-szymborska-w-piosence-2019-recital-staszka-soyki-oraz-laureatek-studenckiego-festiwalu-piosenki-w-krakowie\/\" class=\"more-link\">Czytaj wi\u0119cej<span class=\"screen-reader-text\">&#8222;Nic dwa razy&#8221; &#8211; Szymborska w piosence 2019 \u2013 recital Staszka Soyki oraz laureatek Studenckiego Festiwalu Piosenki w Krakowie<\/span><\/a><\/p>\n","protected":false},"author":1,"featured_media":1057,"comment_status":"closed","ping_status":"closed","sticky":false,"template":"","format":"standard","meta":{"ngg_post_thumbnail":0,"footnotes":""},"categories":[1],"tags":[],"class_list":["post-1056","post","type-post","status-publish","format-standard","has-post-thumbnail","hentry","category-slider"],"builder_content":"","_links":{"self":[{"href":"https:\/\/studenckifestiwal.pl\/index.php\/wp-json\/wp\/v2\/posts\/1056","targetHints":{"allow":["GET"]}}],"collection":[{"href":"https:\/\/studenckifestiwal.pl\/index.php\/wp-json\/wp\/v2\/posts"}],"about":[{"href":"https:\/\/studenckifestiwal.pl\/index.php\/wp-json\/wp\/v2\/types\/post"}],"author":[{"embeddable":true,"href":"https:\/\/studenckifestiwal.pl\/index.php\/wp-json\/wp\/v2\/users\/1"}],"replies":[{"embeddable":true,"href":"https:\/\/studenckifestiwal.pl\/index.php\/wp-json\/wp\/v2\/comments?post=1056"}],"version-history":[{"count":5,"href":"https:\/\/studenckifestiwal.pl\/index.php\/wp-json\/wp\/v2\/posts\/1056\/revisions"}],"predecessor-version":[{"id":1130,"href":"https:\/\/studenckifestiwal.pl\/index.php\/wp-json\/wp\/v2\/posts\/1056\/revisions\/1130"}],"wp:featuredmedia":[{"embeddable":true,"href":"https:\/\/studenckifestiwal.pl\/index.php\/wp-json\/wp\/v2\/media\/1057"}],"wp:attachment":[{"href":"https:\/\/studenckifestiwal.pl\/index.php\/wp-json\/wp\/v2\/media?parent=1056"}],"wp:term":[{"taxonomy":"category","embeddable":true,"href":"https:\/\/studenckifestiwal.pl\/index.php\/wp-json\/wp\/v2\/categories?post=1056"},{"taxonomy":"post_tag","embeddable":true,"href":"https:\/\/studenckifestiwal.pl\/index.php\/wp-json\/wp\/v2\/tags?post=1056"}],"curies":[{"name":"wp","href":"https:\/\/api.w.org\/{rel}","templated":true}]}}