{"id":1041,"date":"2019-08-30T12:21:57","date_gmt":"2019-08-30T10:21:57","guid":{"rendered":"http:\/\/studenckifestiwal.pl\/?p=1041"},"modified":"2019-08-30T12:22:00","modified_gmt":"2019-08-30T10:22:00","slug":"koncert-pt-czarne-lustro","status":"publish","type":"post","link":"https:\/\/studenckifestiwal.pl\/index.php\/2019\/08\/30\/koncert-pt-czarne-lustro\/","title":{"rendered":"Koncert pt. &#8222;Czarne Lustro&#8221;"},"content":{"rendered":"<div class='booster-block booster-read-block'>\n                <div class=\"twp-read-time\">\n                \t<i class=\"booster-icon twp-clock\"><\/i> <span>Read Time:<\/span>43 Second                <\/div>\n\n            <\/div>\n<p>\n\n&#8222;Czarne Lustro&#8221;<\/p>\n\n\n\n<p>Wsp\u00f3\u0142czesno\u015b\u0107 a przysz\u0142o\u015b\u0107 &#8211; dwie rzeczywisto\u015bci, w kt\u00f3rych odnalezienie si\u0119 stanowi nie lada wyzwanie. Rozw\u00f3j cywilizacji, technoparanoja, trudno\u015b\u0107 w porozumiewaniu si\u0119 twarz\u0105 w twarz, to tylko cze\u015b\u0107 element\u00f3w \u015bwiata, w kt\u00f3rym \u017cyjemy i kt\u00f3ry staramy si\u0119 sobie podporz\u0105dkowa\u0107. Zbiorowy niepok\u00f3j dzielimy na jednostkowy, ten za\u015b, wcale nie okazuje si\u0119 \u0142atwiejszy do pokonania. O drodze w nieznane, o byciu tu i teraz, o stawaniu si\u0119 cz\u0119\u015bci\u0105 czego\u015b nienazwanego.<\/p>\n\n\n\n<p>Premierowy koncert prezentuj\u0105cy piosenki napisane w inspiracji kultowym ju\u017c serialem &#8222;Czarne Lustro&#8221;, opatrzony s\u0142owem i d\u017awi\u0119kiem tw\u00f3rc\u00f3w zwi\u0105zanych z krakowsk\u0105 scen\u0105 literacko-muzyczn\u0105 Dwukropek oraz Studenckim Festiwalem Piosenki, autor\u00f3w, muzyk\u00f3w, songwriter\u00f3w, poet\u00f3w, kto wie kim jeszcze b\u0119d\u0105&#8230;<\/p>\n\n\n\n<p>Kierownictwo muzyczne: Jasiek Kusek<br>Re\u017cyseria i prowadzenie: Asia Nawojska<br>Wyst\u0105pi\u0105: Andrzej D\u0119bowski, Ida Dzik, Edyta G\u00f3recka, Eddie Hai, Monika Kowalczyk, Aga Ozon, Grzegorz Paczkowski<\/p>\n\n\n\n<p>Wtorek, 15 X 2019, godz. 20:00<br>Strefa, ul. \u015bw. Tomasza 31<br>Bilety: 10 z\u0142, przed wej\u015bciem na wydarzenie\n\n<\/p>\n        <div class=\"booster-block booster-reactions-block\">\n            <div class=\"twp-reactions-icons\">\n                \n                <div class=\"twp-reacts-wrap\">\n                    <a react-data=\"be-react-1\" post-id=\"1041\" class=\"be-face-icons un-reacted\" href=\"javascript:void(0)\">\n                        <img decoding=\"async\" src=\"https:\/\/studenckifestiwal.pl\/wp-content\/plugins\/booster-extension\/\/assets\/icon\/happy.svg\" alt=\"Happy\">\n                    <\/a>\n                    <div class=\"twp-reaction-title\">\n                        Happy                    <\/div>\n                    <div class=\"twp-count-percent\">\n                                                    <span style=\"display: none;\" class=\"twp-react-count\">0<\/span>\n                        \n                                                <span class=\"twp-react-percent\"><span>0<\/span> %<\/span>\n                                            <\/div>\n                <\/div>\n\n                <div class=\"twp-reacts-wrap\">\n                    <a react-data=\"be-react-2\" post-id=\"1041\" class=\"be-face-icons un-reacted\" href=\"javascript:void(0)\">\n                        <img decoding=\"async\" src=\"https:\/\/studenckifestiwal.pl\/wp-content\/plugins\/booster-extension\/\/assets\/icon\/sad.svg\" alt=\"Sad\">\n                    <\/a>\n                    <div class=\"twp-reaction-title\">\n                        Sad                    <\/div>\n                    <div class=\"twp-count-percent\">\n                                                    <span style=\"display: none;\" class=\"twp-react-count\">0<\/span>\n                                                                        <span class=\"twp-react-percent\"><span>0<\/span> %<\/span>\n                                            <\/div>\n                <\/div>\n\n                <div class=\"twp-reacts-wrap\">\n                    <a react-data=\"be-react-3\" post-id=\"1041\" class=\"be-face-icons un-reacted\" href=\"javascript:void(0)\">\n                        <img decoding=\"async\" src=\"https:\/\/studenckifestiwal.pl\/wp-content\/plugins\/booster-extension\/\/assets\/icon\/excited.svg\" alt=\"Excited\">\n                    <\/a>\n                    <div class=\"twp-reaction-title\">\n                        Excited                    <\/div>\n                    <div class=\"twp-count-percent\">\n                                                    <span style=\"display: none;\" class=\"twp-react-count\">0<\/span>\n                                                                        <span class=\"twp-react-percent\"><span>0<\/span> %<\/span>\n                                            <\/div>\n                <\/div>\n\n                <div class=\"twp-reacts-wrap\">\n                    <a react-data=\"be-react-6\" post-id=\"1041\" class=\"be-face-icons un-reacted\" href=\"javascript:void(0)\">\n                        <img decoding=\"async\" src=\"https:\/\/studenckifestiwal.pl\/wp-content\/plugins\/booster-extension\/\/assets\/icon\/sleepy.svg\" alt=\"Sleepy\">\n                    <\/a>\n                    <div class=\"twp-reaction-title\">\n                        Sleepy                    <\/div>\n                    <div class=\"twp-count-percent\">\n                                                    <span style=\"display: none;\" class=\"twp-react-count\">0<\/span>\n                        \n                                                <span class=\"twp-react-percent\"><span>0<\/span> %<\/span>\n                                            <\/div>\n                <\/div>\n\n                <div class=\"twp-reacts-wrap\">\n                    <a react-data=\"be-react-4\" post-id=\"1041\" class=\"be-face-icons un-reacted\" href=\"javascript:void(0)\">\n                        <img decoding=\"async\" src=\"https:\/\/studenckifestiwal.pl\/wp-content\/plugins\/booster-extension\/\/assets\/icon\/angry.svg\" alt=\"Angry\">\n                    <\/a>\n                    <div class=\"twp-reaction-title\">Angry<\/div>\n                    <div class=\"twp-count-percent\">\n                                                    <span style=\"display: none;\" class=\"twp-react-count\">0<\/span>\n                                                                        <span class=\"twp-react-percent\"><span>0<\/span> %<\/span>\n                        \n                    <\/div>\n                <\/div>\n\n                <div class=\"twp-reacts-wrap\">\n                    <a react-data=\"be-react-5\" post-id=\"1041\" class=\"be-face-icons un-reacted\" href=\"javascript:void(0)\">\n                        <img decoding=\"async\" src=\"https:\/\/studenckifestiwal.pl\/wp-content\/plugins\/booster-extension\/\/assets\/icon\/surprise.svg\" alt=\"Surprise\">\n                    <\/a>\n                    <div class=\"twp-reaction-title\">Surprise<\/div>\n                    <div class=\"twp-count-percent\">\n                                                    <span style=\"display: none;\" class=\"twp-react-count\">0<\/span>\n                                                                        <span class=\"twp-react-percent\"><span>0<\/span> %<\/span>\n                                            <\/div>\n                <\/div>\n\n            <\/div>\n        <\/div>\n\n    ","protected":false},"excerpt":{"rendered":"<p>&#8222;Czarne Lustro&#8221; Wsp\u00f3\u0142czesno\u015b\u0107 a przysz\u0142o\u015b\u0107 &#8211; dwie rzeczywisto\u015bci, w kt\u00f3rych odnalezienie si\u0119 stanowi nie lada wyzwanie. Rozw\u00f3j cywilizacji, technoparanoja, trudno\u015b\u0107<\/p>\n<p><a href=\"https:\/\/studenckifestiwal.pl\/index.php\/2019\/08\/30\/koncert-pt-czarne-lustro\/\" class=\"more-link\">Czytaj wi\u0119cej<span class=\"screen-reader-text\">Koncert pt. &#8222;Czarne Lustro&#8221;<\/span><\/a><\/p>\n","protected":false},"author":1,"featured_media":1042,"comment_status":"closed","ping_status":"closed","sticky":false,"template":"","format":"standard","meta":{"ngg_post_thumbnail":0,"footnotes":""},"categories":[1],"tags":[],"class_list":["post-1041","post","type-post","status-publish","format-standard","has-post-thumbnail","hentry","category-slider"],"builder_content":"","_links":{"self":[{"href":"https:\/\/studenckifestiwal.pl\/index.php\/wp-json\/wp\/v2\/posts\/1041","targetHints":{"allow":["GET"]}}],"collection":[{"href":"https:\/\/studenckifestiwal.pl\/index.php\/wp-json\/wp\/v2\/posts"}],"about":[{"href":"https:\/\/studenckifestiwal.pl\/index.php\/wp-json\/wp\/v2\/types\/post"}],"author":[{"embeddable":true,"href":"https:\/\/studenckifestiwal.pl\/index.php\/wp-json\/wp\/v2\/users\/1"}],"replies":[{"embeddable":true,"href":"https:\/\/studenckifestiwal.pl\/index.php\/wp-json\/wp\/v2\/comments?post=1041"}],"version-history":[{"count":1,"href":"https:\/\/studenckifestiwal.pl\/index.php\/wp-json\/wp\/v2\/posts\/1041\/revisions"}],"predecessor-version":[{"id":1043,"href":"https:\/\/studenckifestiwal.pl\/index.php\/wp-json\/wp\/v2\/posts\/1041\/revisions\/1043"}],"wp:featuredmedia":[{"embeddable":true,"href":"https:\/\/studenckifestiwal.pl\/index.php\/wp-json\/wp\/v2\/media\/1042"}],"wp:attachment":[{"href":"https:\/\/studenckifestiwal.pl\/index.php\/wp-json\/wp\/v2\/media?parent=1041"}],"wp:term":[{"taxonomy":"category","embeddable":true,"href":"https:\/\/studenckifestiwal.pl\/index.php\/wp-json\/wp\/v2\/categories?post=1041"},{"taxonomy":"post_tag","embeddable":true,"href":"https:\/\/studenckifestiwal.pl\/index.php\/wp-json\/wp\/v2\/tags?post=1041"}],"curies":[{"name":"wp","href":"https:\/\/api.w.org\/{rel}","templated":true}]}}