{"id":1034,"date":"2019-08-27T13:36:57","date_gmt":"2019-08-27T11:36:57","guid":{"rendered":"http:\/\/studenckifestiwal.pl\/?p=1034"},"modified":"2019-08-27T13:37:03","modified_gmt":"2019-08-27T11:37:03","slug":"koncert-inaugurujacy-55-studencki-festiwal-piosenki-w-krakowie-basia-stepniak-wilk-jubileuszowa-bombonierka-25-lecie-pracy-artystycznej","status":"publish","type":"post","link":"https:\/\/studenckifestiwal.pl\/index.php\/2019\/08\/27\/koncert-inaugurujacy-55-studencki-festiwal-piosenki-w-krakowie-basia-stepniak-wilk-jubileuszowa-bombonierka-25-lecie-pracy-artystycznej\/","title":{"rendered":"Koncert inauguruj\u0105cy 55. Studencki Festiwal Piosenki w Krakowie &#8211; Basia St\u0119pniak-Wilk \u201eJubileuszowa bombonierka \u2013 25-lecie pracy artystycznej\u201d"},"content":{"rendered":"<div class='booster-block booster-read-block'>\n                <div class=\"twp-read-time\">\n                \t<i class=\"booster-icon twp-clock\"><\/i> <span>Read Time:<\/span>1 Minute, 19 Second                <\/div>\n\n            <\/div>\n<p>Mija w\u0142a\u015bnie 25 lat od chwili, kiedy m\u0142oda \u015bpiewaj\u0105ca autorka Basia St\u0119pniak otrzyma\u0142a g\u0142\u00f3wn\u0105 nagrod\u0119 Bi\u0142gorajskich Spotka\u0144 z Poezj\u0105 \u015apiewan\u0105 i Piosenk\u0105 Autorsk\u0105, a chwil\u0119 p\u00f3\u017aniej wygra\u0142a \u2013 Turniej \u015apiewaj\u0105cych Poezj\u0119 \u201e\u0141a\u017ania\u201d w Radomiu, Studencki Festiwal Piosenki w Krakowie (otrzyma\u0142a te\u017c w\u00f3wczas Nagrod\u0119 im. W. Bellona, przyznawan\u0105 najlepszym autorom)&nbsp;oraz inne przegl\u0105dy i festiwale. Sezon 1994\/95 by\u0142 dla artystki i jej piosenek prze\u0142omowy. Wtedy zadebiutowa\u0142a te\u017c na scenie Lochu Camelot i Piwnicy pod Baranami. Potem by\u0142y nowe piosenki, recitale, zachwyty publiczno\u015bci, kt\u00f3ra polubi\u0142a Basi liryk\u0119 i humor, p\u0142yty, pierwsze miejsca na listach przeboj\u00f3w. I kolejne wyr\u00f3\u017cnienia \u2013 Grand Prix im. J. Kofty Og\u00f3lnopolskiego Przegl\u0105du Piosenki Autorskiej OPPA w Warszawie, Nagroda Kapitu\u0142y im. J. Kaczmarskiego za ca\u0142okszta\u0142t dokona\u0144 artystycznych, nagroda presti\u017cowego Konkursu im. A. Lindgren, organizowanego przez Fundacj\u0119 ABC XXI Ca\u0142a Polska Czyta Dzieciom, za ksi\u0105\u017ck\u0119 \u201eTulisia\u201d. Ostatnie lata to te\u017c prowadzone przez Basi\u0119 St\u0119pniak-Wilk salony literacko muzyczne i koncerty w Nowohuckim Centrum Kultury, a tak\u017ce autorska audycja \u201eMuzyczna bombonierka\u201d w Radiu Krak\u00f3w.<\/p>\n\n\n\n<p>W koncercie jubileuszowym \u201eBasia St\u0119pniak-Wilk \u2013 25-lecie pracy artystycznej\u201d us\u0142yszymy jubilatk\u0119 oraz artyst\u00f3w, z kt\u00f3rymi Basia wsp\u00f3\u0142pracowa\u0142a, wykonawc\u00f3w jej utwor\u00f3w. Wyst\u0105pi\u0105 \u2013&nbsp;<strong>Grzegorz Turnau<\/strong>,&nbsp;<strong>Marek Ba\u0142ata<\/strong>,&nbsp;<strong>Lidia Jazgar<\/strong>,&nbsp;<strong>Ryszard Br\u0105czek<\/strong>,&nbsp;<strong>Teatr Loch Camelot<\/strong>&nbsp;i inni sceniczni przyjaciele Basi! Nie zabraknie znanych publiczno\u015bci piosenek, takich jak \u201eBombonierka\u201d, \u201eC\u00f3\u017c mi z r\u00f3\u017c\u201d, ale i niespodzianek!<\/p>\n\n\n\n<p>\u015apiewaj\u0105cej poetce towarzyszy\u0107 b\u0119dzie zesp\u00f3\u0142 w sk\u0142adzie:\u00a0<strong>Jasiek Kusek<\/strong>\u00a0\u2013 fortepian,\u00a0<strong>Pawe\u0142 Solecki<\/strong>\u00a0\u2013 fagot, melodica, EWI,\u00a0<strong>Micha\u0142 Braszak<\/strong>\u00a0\u2013 kontrabas,\u00a0<strong>Gertruda Szyma\u0144ska<\/strong>\u00a0\u2013 perkusja.<\/p>\n\n\n\n<p>Link do wydarzenia: <\/p>\n\n\n\n<figure class=\"wp-block-embed-wordpress wp-block-embed is-type-wp-embed is-provider-nowohuckie-centrum-kultury\"><div class=\"wp-block-embed__wrapper\">\n<blockquote class=\"wp-embedded-content\" data-secret=\"FLXQCaLaDa\"><a href=\"https:\/\/nck.krakow.pl\/basia-stepniak-wilk-25-lecie-pracy\/\">Basia St\u0119pniak-Wilk \u201eJubileuszowa bombonierka \u2013 25-lecie pracy artystycznej\u201d<\/a><\/blockquote><iframe loading=\"lazy\" class=\"wp-embedded-content\" sandbox=\"allow-scripts\" security=\"restricted\" style=\"position: absolute; clip: rect(1px, 1px, 1px, 1px);\" title=\"&#8222;Basia St\u0119pniak-Wilk \u201eJubileuszowa bombonierka \u2013 25-lecie pracy artystycznej\u201d&#8221; &#8212; Nowohuckie Centrum Kultury\" src=\"https:\/\/nck.krakow.pl\/basia-stepniak-wilk-25-lecie-pracy\/embed\/#?secret=FLXQCaLaDa\" data-secret=\"FLXQCaLaDa\" width=\"600\" height=\"338\" frameborder=\"0\" marginwidth=\"0\" marginheight=\"0\" scrolling=\"no\"><\/iframe>\n<\/div><\/figure>\n\n\n\n<p>Organizatorem koncertu jest Nowohuckie Centrum Kultury,<\/p>\n        <div class=\"booster-block booster-reactions-block\">\n            <div class=\"twp-reactions-icons\">\n                \n                <div class=\"twp-reacts-wrap\">\n                    <a react-data=\"be-react-1\" post-id=\"1034\" class=\"be-face-icons un-reacted\" href=\"javascript:void(0)\">\n                        <img decoding=\"async\" src=\"https:\/\/studenckifestiwal.pl\/wp-content\/plugins\/booster-extension\/\/assets\/icon\/happy.svg\" alt=\"Happy\">\n                    <\/a>\n                    <div class=\"twp-reaction-title\">\n                        Happy                    <\/div>\n                    <div class=\"twp-count-percent\">\n                                                    <span style=\"display: none;\" class=\"twp-react-count\">0<\/span>\n                        \n                                                <span class=\"twp-react-percent\"><span>0<\/span> %<\/span>\n                                            <\/div>\n                <\/div>\n\n                <div class=\"twp-reacts-wrap\">\n                    <a react-data=\"be-react-2\" post-id=\"1034\" class=\"be-face-icons un-reacted\" href=\"javascript:void(0)\">\n                        <img decoding=\"async\" src=\"https:\/\/studenckifestiwal.pl\/wp-content\/plugins\/booster-extension\/\/assets\/icon\/sad.svg\" alt=\"Sad\">\n                    <\/a>\n                    <div class=\"twp-reaction-title\">\n                        Sad                    <\/div>\n                    <div class=\"twp-count-percent\">\n                                                    <span style=\"display: none;\" class=\"twp-react-count\">0<\/span>\n                                                                        <span class=\"twp-react-percent\"><span>0<\/span> %<\/span>\n                                            <\/div>\n                <\/div>\n\n                <div class=\"twp-reacts-wrap\">\n                    <a react-data=\"be-react-3\" post-id=\"1034\" class=\"be-face-icons un-reacted\" href=\"javascript:void(0)\">\n                        <img decoding=\"async\" src=\"https:\/\/studenckifestiwal.pl\/wp-content\/plugins\/booster-extension\/\/assets\/icon\/excited.svg\" alt=\"Excited\">\n                    <\/a>\n                    <div class=\"twp-reaction-title\">\n                        Excited                    <\/div>\n                    <div class=\"twp-count-percent\">\n                                                    <span style=\"display: none;\" class=\"twp-react-count\">0<\/span>\n                                                                        <span class=\"twp-react-percent\"><span>0<\/span> %<\/span>\n                                            <\/div>\n                <\/div>\n\n                <div class=\"twp-reacts-wrap\">\n                    <a react-data=\"be-react-6\" post-id=\"1034\" class=\"be-face-icons un-reacted\" href=\"javascript:void(0)\">\n                        <img decoding=\"async\" src=\"https:\/\/studenckifestiwal.pl\/wp-content\/plugins\/booster-extension\/\/assets\/icon\/sleepy.svg\" alt=\"Sleepy\">\n                    <\/a>\n                    <div class=\"twp-reaction-title\">\n                        Sleepy                    <\/div>\n                    <div class=\"twp-count-percent\">\n                                                    <span style=\"display: none;\" class=\"twp-react-count\">0<\/span>\n                        \n                                                <span class=\"twp-react-percent\"><span>0<\/span> %<\/span>\n                                            <\/div>\n                <\/div>\n\n                <div class=\"twp-reacts-wrap\">\n                    <a react-data=\"be-react-4\" post-id=\"1034\" class=\"be-face-icons un-reacted\" href=\"javascript:void(0)\">\n                        <img decoding=\"async\" src=\"https:\/\/studenckifestiwal.pl\/wp-content\/plugins\/booster-extension\/\/assets\/icon\/angry.svg\" alt=\"Angry\">\n                    <\/a>\n                    <div class=\"twp-reaction-title\">Angry<\/div>\n                    <div class=\"twp-count-percent\">\n                                                    <span style=\"display: none;\" class=\"twp-react-count\">0<\/span>\n                                                                        <span class=\"twp-react-percent\"><span>0<\/span> %<\/span>\n                        \n                    <\/div>\n                <\/div>\n\n                <div class=\"twp-reacts-wrap\">\n                    <a react-data=\"be-react-5\" post-id=\"1034\" class=\"be-face-icons un-reacted\" href=\"javascript:void(0)\">\n                        <img decoding=\"async\" src=\"https:\/\/studenckifestiwal.pl\/wp-content\/plugins\/booster-extension\/\/assets\/icon\/surprise.svg\" alt=\"Surprise\">\n                    <\/a>\n                    <div class=\"twp-reaction-title\">Surprise<\/div>\n                    <div class=\"twp-count-percent\">\n                                                    <span style=\"display: none;\" class=\"twp-react-count\">0<\/span>\n                                                                        <span class=\"twp-react-percent\"><span>0<\/span> %<\/span>\n                                            <\/div>\n                <\/div>\n\n            <\/div>\n        <\/div>\n\n    ","protected":false},"excerpt":{"rendered":"<p>Mija w\u0142a\u015bnie 25 lat od chwili, kiedy m\u0142oda \u015bpiewaj\u0105ca autorka Basia St\u0119pniak otrzyma\u0142a g\u0142\u00f3wn\u0105 nagrod\u0119 Bi\u0142gorajskich Spotka\u0144 z Poezj\u0105 \u015apiewan\u0105<\/p>\n<p><a href=\"https:\/\/studenckifestiwal.pl\/index.php\/2019\/08\/27\/koncert-inaugurujacy-55-studencki-festiwal-piosenki-w-krakowie-basia-stepniak-wilk-jubileuszowa-bombonierka-25-lecie-pracy-artystycznej\/\" class=\"more-link\">Czytaj wi\u0119cej<span class=\"screen-reader-text\">Koncert inauguruj\u0105cy 55. Studencki Festiwal Piosenki w Krakowie &#8211; Basia St\u0119pniak-Wilk \u201eJubileuszowa bombonierka \u2013 25-lecie pracy artystycznej\u201d<\/span><\/a><\/p>\n","protected":false},"author":1,"featured_media":1035,"comment_status":"closed","ping_status":"closed","sticky":false,"template":"","format":"standard","meta":{"ngg_post_thumbnail":0,"footnotes":""},"categories":[1],"tags":[],"class_list":["post-1034","post","type-post","status-publish","format-standard","has-post-thumbnail","hentry","category-slider"],"builder_content":"","_links":{"self":[{"href":"https:\/\/studenckifestiwal.pl\/index.php\/wp-json\/wp\/v2\/posts\/1034","targetHints":{"allow":["GET"]}}],"collection":[{"href":"https:\/\/studenckifestiwal.pl\/index.php\/wp-json\/wp\/v2\/posts"}],"about":[{"href":"https:\/\/studenckifestiwal.pl\/index.php\/wp-json\/wp\/v2\/types\/post"}],"author":[{"embeddable":true,"href":"https:\/\/studenckifestiwal.pl\/index.php\/wp-json\/wp\/v2\/users\/1"}],"replies":[{"embeddable":true,"href":"https:\/\/studenckifestiwal.pl\/index.php\/wp-json\/wp\/v2\/comments?post=1034"}],"version-history":[{"count":1,"href":"https:\/\/studenckifestiwal.pl\/index.php\/wp-json\/wp\/v2\/posts\/1034\/revisions"}],"predecessor-version":[{"id":1036,"href":"https:\/\/studenckifestiwal.pl\/index.php\/wp-json\/wp\/v2\/posts\/1034\/revisions\/1036"}],"wp:featuredmedia":[{"embeddable":true,"href":"https:\/\/studenckifestiwal.pl\/index.php\/wp-json\/wp\/v2\/media\/1035"}],"wp:attachment":[{"href":"https:\/\/studenckifestiwal.pl\/index.php\/wp-json\/wp\/v2\/media?parent=1034"}],"wp:term":[{"taxonomy":"category","embeddable":true,"href":"https:\/\/studenckifestiwal.pl\/index.php\/wp-json\/wp\/v2\/categories?post=1034"},{"taxonomy":"post_tag","embeddable":true,"href":"https:\/\/studenckifestiwal.pl\/index.php\/wp-json\/wp\/v2\/tags?post=1034"}],"curies":[{"name":"wp","href":"https:\/\/api.w.org\/{rel}","templated":true}]}}