{"id":1003,"date":"2019-08-09T14:13:50","date_gmt":"2019-08-09T12:13:50","guid":{"rendered":"http:\/\/studenckifestiwal.pl\/?p=1003"},"modified":"2019-08-13T08:57:55","modified_gmt":"2019-08-13T06:57:55","slug":"koncert-laureatow-oraz-koncert-finalowy-pt-elementarz","status":"publish","type":"post","link":"https:\/\/studenckifestiwal.pl\/index.php\/2019\/08\/09\/koncert-laureatow-oraz-koncert-finalowy-pt-elementarz\/","title":{"rendered":"Koncert laureat\u00f3w oraz Koncert Fina\u0142owy pt. &#8222;Elementarz&#8221;"},"content":{"rendered":"<div class='booster-block booster-read-block'>\n                <div class=\"twp-read-time\">\n                \t<i class=\"booster-icon twp-clock\"><\/i> <span>Read Time:<\/span>33 Second                <\/div>\n\n            <\/div>\n<p>\n\nKoncert Laureat\u00f3w jubileuszowej 55 edycji Studenckiego Festiwalu Piosenki w Krakowie oraz Koncert Fina\u0142owy pt. \u201eElementarz\u201d<\/p>\n\n\n\n<p>W ramach fina\u0142owej muzycznej uczty 55 Studenckiego Festiwalu Piosenki w Krakowie zapraszamy do Ma\u0142opolskiego Ogrodu Sztuki na koncert piosenek w nowych aran\u017cacjach do tekst\u00f3w: Agnieszki Osieckiej, Magdy Czapi\u0144skiej, Jonasza Kofty, Wojciecha M\u0142ynarskiego, Jeremiego Przybory, Jana Wo\u0142ka. <\/p>\n\n\n\n<p>Za\u015bpiewaj\u0105: Dorota Osi\u0144ska, Natalia Sikora, Jaros\u0142aw Wasik, \u0141ukasz Zagrobelny oraz Marcin Januszkiewicz,<\/p>\n\n\n\n<p>Towarzyszy\u0142 im b\u0119dzie zesp\u00f3\u0142 pod kierownictwem Mi\u0142osza Wo\u015bko. <\/p>\n\n\n\n<p>Koncert poprowadzi Krystyna Czub\u00f3wna.  <\/p>\n\n\n\n<p>Scenariusz: Krzysztof Ryzlak <\/p>\n\n\n\n<p>Produkcja koncertu: Magdalena Mrozek, Mateusz Marchewka <\/p>\n\n\n\n<p>Czas trwania koncertu: 150 minut. <\/p>\n\n\n\n<p>Miejsce: Ma\u0142opolski Ogr\u00f3d Sztuki (ul. Rajska 12, Krak\u00f3w) <\/p>\n\n\n\n<p>Godzina: 19h00<\/p>\n\n\n\n<p>Data: 20.10.2019  <\/p>\n\n\n\n<p>Zapraszamy! <\/p>\n\n\n\n<p>Bilety:<\/p>\n\n\n\n<p><a href=\"https:\/\/www.facebook.com\/events\/476446346236393\/\" target=\"_blank\" rel=\"noreferrer noopener\" aria-label=\" (otwiera si\u0119 na nowej zak\u0142adce)\">https:\/\/www.facebook.com\/events\/476446346236393\/<\/a><\/p>\n        <div class=\"booster-block booster-reactions-block\">\n            <div class=\"twp-reactions-icons\">\n                \n                <div class=\"twp-reacts-wrap\">\n                    <a react-data=\"be-react-1\" post-id=\"1003\" class=\"be-face-icons un-reacted\" href=\"javascript:void(0)\">\n                        <img decoding=\"async\" src=\"https:\/\/studenckifestiwal.pl\/wp-content\/plugins\/booster-extension\/\/assets\/icon\/happy.svg\" alt=\"Happy\">\n                    <\/a>\n                    <div class=\"twp-reaction-title\">\n                        Happy                    <\/div>\n                    <div class=\"twp-count-percent\">\n                                                    <span style=\"display: none;\" class=\"twp-react-count\">0<\/span>\n                        \n                                                <span class=\"twp-react-percent\"><span>0<\/span> %<\/span>\n                                            <\/div>\n                <\/div>\n\n                <div class=\"twp-reacts-wrap\">\n                    <a react-data=\"be-react-2\" post-id=\"1003\" class=\"be-face-icons un-reacted\" href=\"javascript:void(0)\">\n                        <img decoding=\"async\" src=\"https:\/\/studenckifestiwal.pl\/wp-content\/plugins\/booster-extension\/\/assets\/icon\/sad.svg\" alt=\"Sad\">\n                    <\/a>\n                    <div class=\"twp-reaction-title\">\n                        Sad                    <\/div>\n                    <div class=\"twp-count-percent\">\n                                                    <span style=\"display: none;\" class=\"twp-react-count\">0<\/span>\n                                                                        <span class=\"twp-react-percent\"><span>0<\/span> %<\/span>\n                                            <\/div>\n                <\/div>\n\n                <div class=\"twp-reacts-wrap\">\n                    <a react-data=\"be-react-3\" post-id=\"1003\" class=\"be-face-icons un-reacted\" href=\"javascript:void(0)\">\n                        <img decoding=\"async\" src=\"https:\/\/studenckifestiwal.pl\/wp-content\/plugins\/booster-extension\/\/assets\/icon\/excited.svg\" alt=\"Excited\">\n                    <\/a>\n                    <div class=\"twp-reaction-title\">\n                        Excited                    <\/div>\n                    <div class=\"twp-count-percent\">\n                                                    <span style=\"display: none;\" class=\"twp-react-count\">0<\/span>\n                                                                        <span class=\"twp-react-percent\"><span>0<\/span> %<\/span>\n                                            <\/div>\n                <\/div>\n\n                <div class=\"twp-reacts-wrap\">\n                    <a react-data=\"be-react-6\" post-id=\"1003\" class=\"be-face-icons un-reacted\" href=\"javascript:void(0)\">\n                        <img decoding=\"async\" src=\"https:\/\/studenckifestiwal.pl\/wp-content\/plugins\/booster-extension\/\/assets\/icon\/sleepy.svg\" alt=\"Sleepy\">\n                    <\/a>\n                    <div class=\"twp-reaction-title\">\n                        Sleepy                    <\/div>\n                    <div class=\"twp-count-percent\">\n                                                    <span style=\"display: none;\" class=\"twp-react-count\">0<\/span>\n                        \n                                                <span class=\"twp-react-percent\"><span>0<\/span> %<\/span>\n                                            <\/div>\n                <\/div>\n\n                <div class=\"twp-reacts-wrap\">\n                    <a react-data=\"be-react-4\" post-id=\"1003\" class=\"be-face-icons un-reacted\" href=\"javascript:void(0)\">\n                        <img decoding=\"async\" src=\"https:\/\/studenckifestiwal.pl\/wp-content\/plugins\/booster-extension\/\/assets\/icon\/angry.svg\" alt=\"Angry\">\n                    <\/a>\n                    <div class=\"twp-reaction-title\">Angry<\/div>\n                    <div class=\"twp-count-percent\">\n                                                    <span style=\"display: none;\" class=\"twp-react-count\">0<\/span>\n                                                                        <span class=\"twp-react-percent\"><span>0<\/span> %<\/span>\n                        \n                    <\/div>\n                <\/div>\n\n                <div class=\"twp-reacts-wrap\">\n                    <a react-data=\"be-react-5\" post-id=\"1003\" class=\"be-face-icons un-reacted\" href=\"javascript:void(0)\">\n                        <img decoding=\"async\" src=\"https:\/\/studenckifestiwal.pl\/wp-content\/plugins\/booster-extension\/\/assets\/icon\/surprise.svg\" alt=\"Surprise\">\n                    <\/a>\n                    <div class=\"twp-reaction-title\">Surprise<\/div>\n                    <div class=\"twp-count-percent\">\n                                                    <span style=\"display: none;\" class=\"twp-react-count\">0<\/span>\n                                                                        <span class=\"twp-react-percent\"><span>0<\/span> %<\/span>\n                                            <\/div>\n                <\/div>\n\n            <\/div>\n        <\/div>\n\n    ","protected":false},"excerpt":{"rendered":"<p>Koncert Laureat\u00f3w jubileuszowej 55 edycji Studenckiego Festiwalu Piosenki w Krakowie oraz Koncert Fina\u0142owy pt. \u201eElementarz\u201d W ramach fina\u0142owej muzycznej uczty<\/p>\n<p><a href=\"https:\/\/studenckifestiwal.pl\/index.php\/2019\/08\/09\/koncert-laureatow-oraz-koncert-finalowy-pt-elementarz\/\" class=\"more-link\">Czytaj wi\u0119cej<span class=\"screen-reader-text\">Koncert laureat\u00f3w oraz Koncert Fina\u0142owy pt. &#8222;Elementarz&#8221;<\/span><\/a><\/p>\n","protected":false},"author":1,"featured_media":1005,"comment_status":"closed","ping_status":"closed","sticky":false,"template":"","format":"standard","meta":{"ngg_post_thumbnail":0,"footnotes":""},"categories":[1],"tags":[],"class_list":["post-1003","post","type-post","status-publish","format-standard","has-post-thumbnail","hentry","category-slider"],"builder_content":"","_links":{"self":[{"href":"https:\/\/studenckifestiwal.pl\/index.php\/wp-json\/wp\/v2\/posts\/1003","targetHints":{"allow":["GET"]}}],"collection":[{"href":"https:\/\/studenckifestiwal.pl\/index.php\/wp-json\/wp\/v2\/posts"}],"about":[{"href":"https:\/\/studenckifestiwal.pl\/index.php\/wp-json\/wp\/v2\/types\/post"}],"author":[{"embeddable":true,"href":"https:\/\/studenckifestiwal.pl\/index.php\/wp-json\/wp\/v2\/users\/1"}],"replies":[{"embeddable":true,"href":"https:\/\/studenckifestiwal.pl\/index.php\/wp-json\/wp\/v2\/comments?post=1003"}],"version-history":[{"count":6,"href":"https:\/\/studenckifestiwal.pl\/index.php\/wp-json\/wp\/v2\/posts\/1003\/revisions"}],"predecessor-version":[{"id":1012,"href":"https:\/\/studenckifestiwal.pl\/index.php\/wp-json\/wp\/v2\/posts\/1003\/revisions\/1012"}],"wp:featuredmedia":[{"embeddable":true,"href":"https:\/\/studenckifestiwal.pl\/index.php\/wp-json\/wp\/v2\/media\/1005"}],"wp:attachment":[{"href":"https:\/\/studenckifestiwal.pl\/index.php\/wp-json\/wp\/v2\/media?parent=1003"}],"wp:term":[{"taxonomy":"category","embeddable":true,"href":"https:\/\/studenckifestiwal.pl\/index.php\/wp-json\/wp\/v2\/categories?post=1003"},{"taxonomy":"post_tag","embeddable":true,"href":"https:\/\/studenckifestiwal.pl\/index.php\/wp-json\/wp\/v2\/tags?post=1003"}],"curies":[{"name":"wp","href":"https:\/\/api.w.org\/{rel}","templated":true}]}}