{"id":3594,"date":"2024-10-24T10:01:04","date_gmt":"2024-10-24T08:01:04","guid":{"rendered":"https:\/\/studenckifestiwal.pl\/?p=3594"},"modified":"2024-10-24T10:03:59","modified_gmt":"2024-10-24T08:03:59","slug":"werdykt-60-sfp","status":"publish","type":"post","link":"http:\/\/studenckifestiwal.pl\/index.php\/2024\/10\/24\/werdykt-60-sfp\/","title":{"rendered":"WERDYKT 60.SFP"},"content":{"rendered":"<div class='booster-block booster-read-block'>\n                <div class=\"twp-read-time\">\n                \t<i class=\"booster-icon twp-clock\"><\/i> <span>Read Time:<\/span>45 Second                <\/div>\n\n            <\/div><!--themify_builder_content-->\n<div id=\"themify_builder_content-3594\" data-postid=\"3594\" class=\"themify_builder_content themify_builder_content-3594 themify_builder tf_clear\">\n                    <div  data-lazy=\"1\" class=\"module_row themify_builder_row tb_ky54200 tb_first tf_w\">\n                        <div class=\"row_inner col_align_top tb_col_count_1 tf_box tf_rel\">\n                        <div  data-lazy=\"1\" class=\"module_column tb-column col-full tb_1zyl201 first\">\n                    <!-- module text -->\n<div  class=\"module module-text tb_pmij569   \" data-lazy=\"1\">\n        <div  class=\"tb_text_wrap\">\n        <div class=\"xdj266r x11i5rnm xat24cr x1mh8g0r x1vvkbs x126k92a\"><div dir=\"auto\">WERDYKT<\/div><div dir=\"auto\">&nbsp;<\/div><\/div><div class=\"x11i5rnm xat24cr x1mh8g0r x1vvkbs xtlvy1s x126k92a\"><div dir=\"auto\">Krak\u00f3w, 19 pa\u017adziernika 2024r.<\/div><div dir=\"auto\">&nbsp;<\/div><\/div><div class=\"x11i5rnm xat24cr x1mh8g0r x1vvkbs xtlvy1s x126k92a\"><div dir=\"auto\">60. Studencki Festiwal Piosenki w Krakowie<\/div><\/div><div class=\"x11i5rnm xat24cr x1mh8g0r x1vvkbs xtlvy1s x126k92a\"><div dir=\"auto\">&nbsp;<\/div><div dir=\"auto\">Protok\u00f3\u0142 JURY<\/div><div dir=\"auto\">&nbsp;<\/div><\/div><div class=\"x11i5rnm xat24cr x1mh8g0r x1vvkbs xtlvy1s x126k92a\"><div dir=\"auto\">Jury w sk\u0142adzie:<\/div><div dir=\"auto\">&nbsp;<\/div><\/div><div class=\"x11i5rnm xat24cr x1mh8g0r x1vvkbs xtlvy1s x126k92a\"><div dir=\"auto\"><span class=\"html-span xdj266r x11i5rnm xat24cr x1mh8g0r xexx8yu x4uap5 x18d9i69 xkhd6sd x1hl2dhg x16tdsg8 x1vvkbs\"><a class=\"x1i10hfl xjbqb8w x1ejq31n xd10rxx x1sy0etr x17r0tee x972fbf xcfux6l x1qhh985 xm0m39n x9f619 x1ypdohk xt0psk2 xe8uvvx xdj266r x11i5rnm xat24cr x1mh8g0r xexx8yu x4uap5 x18d9i69 xkhd6sd x16tdsg8 x1hl2dhg xggy1nq x1a2a7pz x1sur9pj xkrqix3 x1fey0fg x1s688f\" tabindex=\"0\" role=\"link\" href=\"https:\/\/www.facebook.com\/profile.php?id=1579760542&amp;__cft__[0]=AZXNKuakl4GGm-sAVlssZc1wuSyxq0VXqiv1opq37gI-kYSbwF7myDh_OSbn9au0VTaT_Q6Ukw-kVzhT37jzTmbhSkkLSSFH8mXHPj5i3zDq0EPQvPDiKI5TWuGtXh4RnVsZWLNA4FbwhaOUld4Qjo_cn4g7Jnf2-B7G5v5VktnO-Ootx4yyVlcYONEHL97p7DtcS5SvMlgjg_5yTcxplbaw&amp;__tn__=-]K-R\"><span class=\"xt0psk2\">Jaros\u0142aw Wasik<\/span><\/a><\/span> \u2013 przewodnicz\u0105cy<\/div><div dir=\"auto\"><span class=\"html-span xdj266r x11i5rnm xat24cr x1mh8g0r xexx8yu x4uap5 x18d9i69 xkhd6sd x1hl2dhg x16tdsg8 x1vvkbs\"><a class=\"x1i10hfl xjbqb8w x1ejq31n xd10rxx x1sy0etr x17r0tee x972fbf xcfux6l x1qhh985 xm0m39n x9f619 x1ypdohk xt0psk2 xe8uvvx xdj266r x11i5rnm xat24cr x1mh8g0r xexx8yu x4uap5 x18d9i69 xkhd6sd x16tdsg8 x1hl2dhg xggy1nq x1a2a7pz x1sur9pj xkrqix3 x1fey0fg x1s688f\" tabindex=\"0\" role=\"link\" href=\"https:\/\/www.facebook.com\/asianawojska?__cft__[0]=AZXNKuakl4GGm-sAVlssZc1wuSyxq0VXqiv1opq37gI-kYSbwF7myDh_OSbn9au0VTaT_Q6Ukw-kVzhT37jzTmbhSkkLSSFH8mXHPj5i3zDq0EPQvPDiKI5TWuGtXh4RnVsZWLNA4FbwhaOUld4Qjo_cn4g7Jnf2-B7G5v5VktnO-Ootx4yyVlcYONEHL97p7DtcS5SvMlgjg_5yTcxplbaw&amp;__tn__=-]K-R\"><span class=\"xt0psk2\">Asia Nawojska<\/span><\/a><\/span><\/div><div dir=\"auto\">Ewa Kornecka<\/div><div dir=\"auto\">Ewa \u015anie\u017canka<\/div><div dir=\"auto\">Jan Poprawa<\/div><div dir=\"auto\"><span class=\"html-span xdj266r x11i5rnm xat24cr x1mh8g0r xexx8yu x4uap5 x18d9i69 xkhd6sd x1hl2dhg x16tdsg8 x1vvkbs\"><a class=\"x1i10hfl xjbqb8w x1ejq31n xd10rxx x1sy0etr x17r0tee x972fbf xcfux6l x1qhh985 xm0m39n x9f619 x1ypdohk xt0psk2 xe8uvvx xdj266r x11i5rnm xat24cr x1mh8g0r xexx8yu x4uap5 x18d9i69 xkhd6sd x16tdsg8 x1hl2dhg xggy1nq x1a2a7pz x1sur9pj xkrqix3 x1fey0fg x1s688f\" tabindex=\"0\" role=\"link\" href=\"https:\/\/www.facebook.com\/marcin.kusy.16?__cft__[0]=AZXNKuakl4GGm-sAVlssZc1wuSyxq0VXqiv1opq37gI-kYSbwF7myDh_OSbn9au0VTaT_Q6Ukw-kVzhT37jzTmbhSkkLSSFH8mXHPj5i3zDq0EPQvPDiKI5TWuGtXh4RnVsZWLNA4FbwhaOUld4Qjo_cn4g7Jnf2-B7G5v5VktnO-Ootx4yyVlcYONEHL97p7DtcS5SvMlgjg_5yTcxplbaw&amp;__tn__=-]K-R\"><span class=\"xt0psk2\">Marcin Kusy<\/span><\/a><\/span><\/div><div dir=\"auto\">&nbsp;<\/div><\/div><div class=\"x11i5rnm xat24cr x1mh8g0r x1vvkbs xtlvy1s x126k92a\"><div dir=\"auto\">po wys\u0142uchaniu 25 wykonawc\u00f3w zakwalifikowanych do udzia\u0142u w konkursie Jubileuszowego, 60. Studenckiego Festiwalu Piosenki w Krakowie postanowi\u0142o przyzna\u0107 nast\u0119puj\u0105ce nagrody:<\/div><\/div><div class=\"x11i5rnm xat24cr x1mh8g0r x1vvkbs xtlvy1s x126k92a\"><div dir=\"auto\">&nbsp;<\/div><div dir=\"auto\">I nagrod\u0119 ex aquo otrzymuj\u0105:<\/div><div dir=\"auto\">&nbsp;<\/div><\/div><div class=\"x11i5rnm xat24cr x1mh8g0r x1vvkbs xtlvy1s x126k92a\"><div dir=\"auto\"><span class=\"html-span xdj266r x11i5rnm xat24cr x1mh8g0r xexx8yu x4uap5 x18d9i69 xkhd6sd x1hl2dhg x16tdsg8 x1vvkbs\"><a class=\"x1i10hfl xjbqb8w x1ejq31n xd10rxx x1sy0etr x17r0tee x972fbf xcfux6l x1qhh985 xm0m39n x9f619 x1ypdohk xt0psk2 xe8uvvx xdj266r x11i5rnm xat24cr x1mh8g0r xexx8yu x4uap5 x18d9i69 xkhd6sd x16tdsg8 x1hl2dhg xggy1nq x1a2a7pz x1sur9pj xkrqix3 x1fey0fg x1s688f\" tabindex=\"0\" role=\"link\" href=\"https:\/\/www.facebook.com\/blazejsergiusz?__cft__[0]=AZXNKuakl4GGm-sAVlssZc1wuSyxq0VXqiv1opq37gI-kYSbwF7myDh_OSbn9au0VTaT_Q6Ukw-kVzhT37jzTmbhSkkLSSFH8mXHPj5i3zDq0EPQvPDiKI5TWuGtXh4RnVsZWLNA4FbwhaOUld4Qjo_cn4g7Jnf2-B7G5v5VktnO-Ootx4yyVlcYONEHL97p7DtcS5SvMlgjg_5yTcxplbaw&amp;__tn__=-]K-R\"><span class=\"xt0psk2\">B\u0142a\u017cej Kowalewski<\/span><\/a><\/span> \u2013 4000 z\u0142 \u2013 ufundowane przez Prezydenta Miasta Krakowa<\/div><div dir=\"auto\">&nbsp;<\/div><\/div><div class=\"x11i5rnm xat24cr x1mh8g0r x1vvkbs xtlvy1s x126k92a\"><div dir=\"auto\">Przedwiecz\u00f3r \u2013 4000 z\u0142 \u2013 ufundowane przez Fundacj\u0119 Studencki Festiwal Piosenki<\/div><div dir=\"auto\">&nbsp;<\/div><\/div><div class=\"x11i5rnm xat24cr x1mh8g0r x1vvkbs xtlvy1s x126k92a\"><div dir=\"auto\">Zuzanna Mulec \u2013 1000 euro \u2013 ufundowane przez SAWP<\/div><\/div><div class=\"x11i5rnm xat24cr x1mh8g0r x1vvkbs xtlvy1s x126k92a\"><div dir=\"auto\">&nbsp;<\/div><div dir=\"auto\">II nagrod\u0119 otrzymuje:<\/div><div dir=\"auto\">&nbsp;<\/div><\/div><div class=\"x11i5rnm xat24cr x1mh8g0r x1vvkbs xtlvy1s x126k92a\"><div dir=\"auto\">Fuzja \u2013 2500,00 z\u0142 oraz sesja nagraniowa w studiu nagra\u0144 w <span class=\"html-span xdj266r x11i5rnm xat24cr x1mh8g0r xexx8yu x4uap5 x18d9i69 xkhd6sd x1hl2dhg x16tdsg8 x1vvkbs\"><a class=\"x1i10hfl xjbqb8w x1ejq31n xd10rxx x1sy0etr x17r0tee x972fbf xcfux6l x1qhh985 xm0m39n x9f619 x1ypdohk xt0psk2 xe8uvvx xdj266r x11i5rnm xat24cr x1mh8g0r xexx8yu x4uap5 x18d9i69 xkhd6sd x16tdsg8 x1hl2dhg xggy1nq x1a2a7pz x1sur9pj xkrqix3 x1fey0fg x1s688f\" tabindex=\"0\" role=\"link\" href=\"https:\/\/www.facebook.com\/muzeumpolskiejpiosenki?__cft__[0]=AZXNKuakl4GGm-sAVlssZc1wuSyxq0VXqiv1opq37gI-kYSbwF7myDh_OSbn9au0VTaT_Q6Ukw-kVzhT37jzTmbhSkkLSSFH8mXHPj5i3zDq0EPQvPDiKI5TWuGtXh4RnVsZWLNA4FbwhaOUld4Qjo_cn4g7Jnf2-B7G5v5VktnO-Ootx4yyVlcYONEHL97p7DtcS5SvMlgjg_5yTcxplbaw&amp;__tn__=-]K-R\"><span class=\"xt0psk2\">Muzeum Polskiej Piosenki w Opolu<\/span><\/a><\/span> \u2013 ufundowan\u0105 przez Muzeum Polskiej Piosenki w Opolu<\/div><div dir=\"auto\">&nbsp;<\/div><\/div><div class=\"x11i5rnm xat24cr x1mh8g0r x1vvkbs xtlvy1s x126k92a\"><div dir=\"auto\">III nagrod\u0119 otrzymuj\u0105:<\/div><div dir=\"auto\">&nbsp;<\/div><\/div><div class=\"x11i5rnm xat24cr x1mh8g0r x1vvkbs xtlvy1s x126k92a\"><div dir=\"auto\"><span class=\"html-span xdj266r x11i5rnm xat24cr x1mh8g0r xexx8yu x4uap5 x18d9i69 xkhd6sd x1hl2dhg x16tdsg8 x1vvkbs\"><a class=\"x1i10hfl xjbqb8w x1ejq31n xd10rxx x1sy0etr x17r0tee x972fbf xcfux6l x1qhh985 xm0m39n x9f619 x1ypdohk xt0psk2 xe8uvvx xdj266r x11i5rnm xat24cr x1mh8g0r xexx8yu x4uap5 x18d9i69 xkhd6sd x16tdsg8 x1hl2dhg xggy1nq x1a2a7pz x1sur9pj xkrqix3 x1fey0fg x1s688f\" tabindex=\"0\" role=\"link\" href=\"https:\/\/www.facebook.com\/alstromerie.official?__cft__[0]=AZXNKuakl4GGm-sAVlssZc1wuSyxq0VXqiv1opq37gI-kYSbwF7myDh_OSbn9au0VTaT_Q6Ukw-kVzhT37jzTmbhSkkLSSFH8mXHPj5i3zDq0EPQvPDiKI5TWuGtXh4RnVsZWLNA4FbwhaOUld4Qjo_cn4g7Jnf2-B7G5v5VktnO-Ootx4yyVlcYONEHL97p7DtcS5SvMlgjg_5yTcxplbaw&amp;__tn__=-]K-R\"><span class=\"xt0psk2\">Alstromerie<\/span><\/a><\/span> &#8211; koncert o warto\u015bci 4000,00 z\u0142 ufundowany przez <span class=\"html-span xdj266r x11i5rnm xat24cr x1mh8g0r xexx8yu x4uap5 x18d9i69 xkhd6sd x1hl2dhg x16tdsg8 x1vvkbs\"><a class=\"x1i10hfl xjbqb8w x1ejq31n xd10rxx x1sy0etr x17r0tee x972fbf xcfux6l x1qhh985 xm0m39n x9f619 x1ypdohk xt0psk2 xe8uvvx xdj266r x11i5rnm xat24cr x1mh8g0r xexx8yu x4uap5 x18d9i69 xkhd6sd x16tdsg8 x1hl2dhg xggy1nq x1a2a7pz x1sur9pj xkrqix3 x1fey0fg x1s688f\" tabindex=\"0\" role=\"link\" href=\"https:\/\/www.facebook.com\/krakowskieforum?__cft__[0]=AZXNKuakl4GGm-sAVlssZc1wuSyxq0VXqiv1opq37gI-kYSbwF7myDh_OSbn9au0VTaT_Q6Ukw-kVzhT37jzTmbhSkkLSSFH8mXHPj5i3zDq0EPQvPDiKI5TWuGtXh4RnVsZWLNA4FbwhaOUld4Qjo_cn4g7Jnf2-B7G5v5VktnO-Ootx4yyVlcYONEHL97p7DtcS5SvMlgjg_5yTcxplbaw&amp;__tn__=-]K-R\"><span class=\"xt0psk2\">Krakowskie Forum Kultury<\/span><\/a><\/span>.<\/div><div dir=\"auto\">&nbsp;<\/div><\/div><div class=\"x11i5rnm xat24cr x1mh8g0r x1vvkbs xtlvy1s x126k92a\"><div dir=\"auto\">Dodatkowo, Jury zdecydowa\u0142o si\u0119 przyzna\u0107 wyr\u00f3\u017cnienie \u2013 voucher podr\u00f3\u017cniczy o warto\u015bci 3000,00 z\u0142 ufundowany przez <span class=\"html-span xdj266r x11i5rnm xat24cr x1mh8g0r xexx8yu x4uap5 x18d9i69 xkhd6sd x1hl2dhg x16tdsg8 x1vvkbs\"><a class=\"x1i10hfl xjbqb8w x1ejq31n xd10rxx x1sy0etr x17r0tee x972fbf xcfux6l x1qhh985 xm0m39n x9f619 x1ypdohk xt0psk2 xe8uvvx xdj266r x11i5rnm xat24cr x1mh8g0r xexx8yu x4uap5 x18d9i69 xkhd6sd x16tdsg8 x1hl2dhg xggy1nq x1a2a7pz x1sur9pj xkrqix3 x1fey0fg x1s688f\" tabindex=\"0\" role=\"link\" href=\"https:\/\/www.facebook.com\/dyskontowepodroze?__cft__[0]=AZXNKuakl4GGm-sAVlssZc1wuSyxq0VXqiv1opq37gI-kYSbwF7myDh_OSbn9au0VTaT_Q6Ukw-kVzhT37jzTmbhSkkLSSFH8mXHPj5i3zDq0EPQvPDiKI5TWuGtXh4RnVsZWLNA4FbwhaOUld4Qjo_cn4g7Jnf2-B7G5v5VktnO-Ootx4yyVlcYONEHL97p7DtcS5SvMlgjg_5yTcxplbaw&amp;__tn__=-]K-R\"><span class=\"xt0psk2\">Dyskontowe Podr\u00f3\u017ce<\/span><\/a><\/span>, kt\u00f3ry otrzymuje <span class=\"html-span xdj266r x11i5rnm xat24cr x1mh8g0r xexx8yu x4uap5 x18d9i69 xkhd6sd x1hl2dhg x16tdsg8 x1vvkbs\"><a class=\"x1i10hfl xjbqb8w x1ejq31n xd10rxx x1sy0etr x17r0tee x972fbf xcfux6l x1qhh985 xm0m39n x9f619 x1ypdohk xt0psk2 xe8uvvx xdj266r x11i5rnm xat24cr x1mh8g0r xexx8yu x4uap5 x18d9i69 xkhd6sd x16tdsg8 x1hl2dhg xggy1nq x1a2a7pz x1sur9pj xkrqix3 x1fey0fg x1s688f\" tabindex=\"0\" role=\"link\" href=\"https:\/\/www.facebook.com\/ganczarska?__cft__[0]=AZXNKuakl4GGm-sAVlssZc1wuSyxq0VXqiv1opq37gI-kYSbwF7myDh_OSbn9au0VTaT_Q6Ukw-kVzhT37jzTmbhSkkLSSFH8mXHPj5i3zDq0EPQvPDiKI5TWuGtXh4RnVsZWLNA4FbwhaOUld4Qjo_cn4g7Jnf2-B7G5v5VktnO-Ootx4yyVlcYONEHL97p7DtcS5SvMlgjg_5yTcxplbaw&amp;__tn__=-]K-R\"><span class=\"xt0psk2\">Ganczarska<\/span><\/a><\/span>.<\/div><\/div>    <\/div>\n<\/div>\n<!-- \/module text -->        <\/div>\n                        <\/div>\n        <\/div>\n        <\/div>\n<!--\/themify_builder_content-->        <div class=\"booster-block booster-reactions-block\">\n            <div class=\"twp-reactions-icons\">\n                \n                <div class=\"twp-reacts-wrap\">\n                    <a react-data=\"be-react-1\" post-id=\"3594\" class=\"be-face-icons un-reacted\" href=\"javascript:void(0)\">\n                        <img decoding=\"async\" src=\"http:\/\/studenckifestiwal.pl\/wp-content\/plugins\/booster-extension\/\/assets\/icon\/happy.svg\" alt=\"Happy\">\n                    <\/a>\n                    <div class=\"twp-reaction-title\">\n                        Happy                    <\/div>\n                    <div class=\"twp-count-percent\">\n                                                    <span style=\"display: none;\" class=\"twp-react-count\">0<\/span>\n                        \n                                                <span class=\"twp-react-percent\"><span>0<\/span> %<\/span>\n                                            <\/div>\n                <\/div>\n\n                <div class=\"twp-reacts-wrap\">\n                    <a react-data=\"be-react-2\" post-id=\"3594\" class=\"be-face-icons un-reacted\" href=\"javascript:void(0)\">\n                        <img decoding=\"async\" src=\"http:\/\/studenckifestiwal.pl\/wp-content\/plugins\/booster-extension\/\/assets\/icon\/sad.svg\" alt=\"Sad\">\n                    <\/a>\n                    <div class=\"twp-reaction-title\">\n                        Sad                    <\/div>\n                    <div class=\"twp-count-percent\">\n                                                    <span style=\"display: none;\" class=\"twp-react-count\">0<\/span>\n                                                                        <span class=\"twp-react-percent\"><span>0<\/span> %<\/span>\n                                            <\/div>\n                <\/div>\n\n                <div class=\"twp-reacts-wrap\">\n                    <a react-data=\"be-react-3\" post-id=\"3594\" class=\"be-face-icons un-reacted\" href=\"javascript:void(0)\">\n                        <img decoding=\"async\" src=\"http:\/\/studenckifestiwal.pl\/wp-content\/plugins\/booster-extension\/\/assets\/icon\/excited.svg\" alt=\"Excited\">\n                    <\/a>\n                    <div class=\"twp-reaction-title\">\n                        Excited                    <\/div>\n                    <div class=\"twp-count-percent\">\n                                                    <span style=\"display: none;\" class=\"twp-react-count\">0<\/span>\n                                                                        <span class=\"twp-react-percent\"><span>0<\/span> %<\/span>\n                                            <\/div>\n                <\/div>\n\n                <div class=\"twp-reacts-wrap\">\n                    <a react-data=\"be-react-6\" post-id=\"3594\" class=\"be-face-icons un-reacted\" href=\"javascript:void(0)\">\n                        <img decoding=\"async\" src=\"http:\/\/studenckifestiwal.pl\/wp-content\/plugins\/booster-extension\/\/assets\/icon\/sleepy.svg\" alt=\"Sleepy\">\n                    <\/a>\n                    <div class=\"twp-reaction-title\">\n                        Sleepy                    <\/div>\n                    <div class=\"twp-count-percent\">\n                                                    <span style=\"display: none;\" class=\"twp-react-count\">0<\/span>\n                        \n                                                <span class=\"twp-react-percent\"><span>0<\/span> %<\/span>\n                                            <\/div>\n                <\/div>\n\n                <div class=\"twp-reacts-wrap\">\n                    <a react-data=\"be-react-4\" post-id=\"3594\" class=\"be-face-icons un-reacted\" href=\"javascript:void(0)\">\n                        <img decoding=\"async\" src=\"http:\/\/studenckifestiwal.pl\/wp-content\/plugins\/booster-extension\/\/assets\/icon\/angry.svg\" alt=\"Angry\">\n                    <\/a>\n                    <div class=\"twp-reaction-title\">Angry<\/div>\n                    <div class=\"twp-count-percent\">\n                                                    <span style=\"display: none;\" class=\"twp-react-count\">0<\/span>\n                                                                        <span class=\"twp-react-percent\"><span>0<\/span> %<\/span>\n                        \n                    <\/div>\n                <\/div>\n\n                <div class=\"twp-reacts-wrap\">\n                    <a react-data=\"be-react-5\" post-id=\"3594\" class=\"be-face-icons un-reacted\" href=\"javascript:void(0)\">\n                        <img decoding=\"async\" src=\"http:\/\/studenckifestiwal.pl\/wp-content\/plugins\/booster-extension\/\/assets\/icon\/surprise.svg\" alt=\"Surprise\">\n                    <\/a>\n                    <div class=\"twp-reaction-title\">Surprise<\/div>\n                    <div class=\"twp-count-percent\">\n                                                    <span style=\"display: none;\" class=\"twp-react-count\">0<\/span>\n                                                                        <span class=\"twp-react-percent\"><span>0<\/span> %<\/span>\n                                            <\/div>\n                <\/div>\n\n            <\/div>\n        <\/div>","protected":false},"excerpt":{"rendered":"<p>WERDYKT&nbsp;Krak\u00f3w, 19 pa\u017adziernika 2024r.&nbsp;60. Studencki Festiwal Piosenki w Krakowie&nbsp;Protok\u00f3\u0142 JURY&nbsp;Jury w sk\u0142adzie:&nbsp;Jaros\u0142aw Wasik \u2013 przewodnicz\u0105cyAsia NawojskaEwa KorneckaEwa \u015anie\u017cankaJan PoprawaMarcin Kusy&nbsp;po<\/p>\n<p><a href=\"http:\/\/studenckifestiwal.pl\/index.php\/2024\/10\/24\/werdykt-60-sfp\/\" class=\"more-link\">Czytaj wi\u0119cej<span class=\"screen-reader-text\">WERDYKT 60.SFP<\/span><\/a><\/p>\n","protected":false},"author":1,"featured_media":3598,"comment_status":"closed","ping_status":"closed","sticky":false,"template":"","format":"standard","meta":{"ngg_post_thumbnail":0,"footnotes":""},"categories":[1],"tags":[],"class_list":["post-3594","post","type-post","status-publish","format-standard","has-post-thumbnail","hentry","category-slider"],"builder_content":"WERDYKT&nbsp;Krak\u00f3w, 19 pa\u017adziernika 2024r.&nbsp;60. Studencki Festiwal Piosenki w Krakowie&nbsp;Protok\u00f3\u0142 JURY&nbsp;Jury w sk\u0142adzie:&nbsp;<a tabindex=\"0\" role=\"link\" href=\"https:\/\/www.facebook.com\/profile.php?id=1579760542&amp;__cft__[0]=AZXNKuakl4GGm-sAVlssZc1wuSyxq0VXqiv1opq37gI-kYSbwF7myDh_OSbn9au0VTaT_Q6Ukw-kVzhT37jzTmbhSkkLSSFH8mXHPj5i3zDq0EPQvPDiKI5TWuGtXh4RnVsZWLNA4FbwhaOUld4Qjo_cn4g7Jnf2-B7G5v5VktnO-Ootx4yyVlcYONEHL97p7DtcS5SvMlgjg_5yTcxplbaw&amp;__tn__=-]K-R\">Jaros\u0142aw Wasik<\/a> \u2013 przewodnicz\u0105cy<a tabindex=\"0\" role=\"link\" href=\"https:\/\/www.facebook.com\/asianawojska?__cft__[0]=AZXNKuakl4GGm-sAVlssZc1wuSyxq0VXqiv1opq37gI-kYSbwF7myDh_OSbn9au0VTaT_Q6Ukw-kVzhT37jzTmbhSkkLSSFH8mXHPj5i3zDq0EPQvPDiKI5TWuGtXh4RnVsZWLNA4FbwhaOUld4Qjo_cn4g7Jnf2-B7G5v5VktnO-Ootx4yyVlcYONEHL97p7DtcS5SvMlgjg_5yTcxplbaw&amp;__tn__=-]K-R\">Asia Nawojska<\/a>Ewa KorneckaEwa \u015anie\u017cankaJan Poprawa<a tabindex=\"0\" role=\"link\" href=\"https:\/\/www.facebook.com\/marcin.kusy.16?__cft__[0]=AZXNKuakl4GGm-sAVlssZc1wuSyxq0VXqiv1opq37gI-kYSbwF7myDh_OSbn9au0VTaT_Q6Ukw-kVzhT37jzTmbhSkkLSSFH8mXHPj5i3zDq0EPQvPDiKI5TWuGtXh4RnVsZWLNA4FbwhaOUld4Qjo_cn4g7Jnf2-B7G5v5VktnO-Ootx4yyVlcYONEHL97p7DtcS5SvMlgjg_5yTcxplbaw&amp;__tn__=-]K-R\">Marcin Kusy<\/a>&nbsp;po wys\u0142uchaniu 25 wykonawc\u00f3w zakwalifikowanych do udzia\u0142u w konkursie Jubileuszowego, 60. Studenckiego Festiwalu Piosenki w Krakowie postanowi\u0142o przyzna\u0107 nast\u0119puj\u0105ce nagrody:&nbsp;I nagrod\u0119 ex aquo otrzymuj\u0105:&nbsp;<a tabindex=\"0\" role=\"link\" href=\"https:\/\/www.facebook.com\/blazejsergiusz?__cft__[0]=AZXNKuakl4GGm-sAVlssZc1wuSyxq0VXqiv1opq37gI-kYSbwF7myDh_OSbn9au0VTaT_Q6Ukw-kVzhT37jzTmbhSkkLSSFH8mXHPj5i3zDq0EPQvPDiKI5TWuGtXh4RnVsZWLNA4FbwhaOUld4Qjo_cn4g7Jnf2-B7G5v5VktnO-Ootx4yyVlcYONEHL97p7DtcS5SvMlgjg_5yTcxplbaw&amp;__tn__=-]K-R\">B\u0142a\u017cej Kowalewski<\/a> \u2013 4000 z\u0142 \u2013 ufundowane przez Prezydenta Miasta Krakowa&nbsp;Przedwiecz\u00f3r \u2013 4000 z\u0142 \u2013 ufundowane przez Fundacj\u0119 Studencki Festiwal Piosenki&nbsp;Zuzanna Mulec \u2013 1000 euro \u2013 ufundowane przez SAWP&nbsp;II nagrod\u0119 otrzymuje:&nbsp;Fuzja \u2013 2500,00 z\u0142 oraz sesja nagraniowa w studiu nagra\u0144 w <a tabindex=\"0\" role=\"link\" href=\"https:\/\/www.facebook.com\/muzeumpolskiejpiosenki?__cft__[0]=AZXNKuakl4GGm-sAVlssZc1wuSyxq0VXqiv1opq37gI-kYSbwF7myDh_OSbn9au0VTaT_Q6Ukw-kVzhT37jzTmbhSkkLSSFH8mXHPj5i3zDq0EPQvPDiKI5TWuGtXh4RnVsZWLNA4FbwhaOUld4Qjo_cn4g7Jnf2-B7G5v5VktnO-Ootx4yyVlcYONEHL97p7DtcS5SvMlgjg_5yTcxplbaw&amp;__tn__=-]K-R\">Muzeum Polskiej Piosenki w Opolu<\/a> \u2013 ufundowan\u0105 przez Muzeum Polskiej Piosenki w Opolu&nbsp;III nagrod\u0119 otrzymuj\u0105:&nbsp;<a tabindex=\"0\" role=\"link\" href=\"https:\/\/www.facebook.com\/alstromerie.official?__cft__[0]=AZXNKuakl4GGm-sAVlssZc1wuSyxq0VXqiv1opq37gI-kYSbwF7myDh_OSbn9au0VTaT_Q6Ukw-kVzhT37jzTmbhSkkLSSFH8mXHPj5i3zDq0EPQvPDiKI5TWuGtXh4RnVsZWLNA4FbwhaOUld4Qjo_cn4g7Jnf2-B7G5v5VktnO-Ootx4yyVlcYONEHL97p7DtcS5SvMlgjg_5yTcxplbaw&amp;__tn__=-]K-R\">Alstromerie<\/a> - koncert o warto\u015bci 4000,00 z\u0142 ufundowany przez <a tabindex=\"0\" role=\"link\" href=\"https:\/\/www.facebook.com\/krakowskieforum?__cft__[0]=AZXNKuakl4GGm-sAVlssZc1wuSyxq0VXqiv1opq37gI-kYSbwF7myDh_OSbn9au0VTaT_Q6Ukw-kVzhT37jzTmbhSkkLSSFH8mXHPj5i3zDq0EPQvPDiKI5TWuGtXh4RnVsZWLNA4FbwhaOUld4Qjo_cn4g7Jnf2-B7G5v5VktnO-Ootx4yyVlcYONEHL97p7DtcS5SvMlgjg_5yTcxplbaw&amp;__tn__=-]K-R\">Krakowskie Forum Kultury<\/a>.&nbsp;Dodatkowo, Jury zdecydowa\u0142o si\u0119 przyzna\u0107 wyr\u00f3\u017cnienie \u2013 voucher podr\u00f3\u017cniczy o warto\u015bci 3000,00 z\u0142 ufundowany przez <a tabindex=\"0\" role=\"link\" href=\"https:\/\/www.facebook.com\/dyskontowepodroze?__cft__[0]=AZXNKuakl4GGm-sAVlssZc1wuSyxq0VXqiv1opq37gI-kYSbwF7myDh_OSbn9au0VTaT_Q6Ukw-kVzhT37jzTmbhSkkLSSFH8mXHPj5i3zDq0EPQvPDiKI5TWuGtXh4RnVsZWLNA4FbwhaOUld4Qjo_cn4g7Jnf2-B7G5v5VktnO-Ootx4yyVlcYONEHL97p7DtcS5SvMlgjg_5yTcxplbaw&amp;__tn__=-]K-R\">Dyskontowe Podr\u00f3\u017ce<\/a>, kt\u00f3ry otrzymuje <a tabindex=\"0\" role=\"link\" href=\"https:\/\/www.facebook.com\/ganczarska?__cft__[0]=AZXNKuakl4GGm-sAVlssZc1wuSyxq0VXqiv1opq37gI-kYSbwF7myDh_OSbn9au0VTaT_Q6Ukw-kVzhT37jzTmbhSkkLSSFH8mXHPj5i3zDq0EPQvPDiKI5TWuGtXh4RnVsZWLNA4FbwhaOUld4Qjo_cn4g7Jnf2-B7G5v5VktnO-Ootx4yyVlcYONEHL97p7DtcS5SvMlgjg_5yTcxplbaw&amp;__tn__=-]K-R\">Ganczarska<\/a>.","_links":{"self":[{"href":"http:\/\/studenckifestiwal.pl\/index.php\/wp-json\/wp\/v2\/posts\/3594","targetHints":{"allow":["GET"]}}],"collection":[{"href":"http:\/\/studenckifestiwal.pl\/index.php\/wp-json\/wp\/v2\/posts"}],"about":[{"href":"http:\/\/studenckifestiwal.pl\/index.php\/wp-json\/wp\/v2\/types\/post"}],"author":[{"embeddable":true,"href":"http:\/\/studenckifestiwal.pl\/index.php\/wp-json\/wp\/v2\/users\/1"}],"replies":[{"embeddable":true,"href":"http:\/\/studenckifestiwal.pl\/index.php\/wp-json\/wp\/v2\/comments?post=3594"}],"version-history":[{"count":4,"href":"http:\/\/studenckifestiwal.pl\/index.php\/wp-json\/wp\/v2\/posts\/3594\/revisions"}],"predecessor-version":[{"id":3600,"href":"http:\/\/studenckifestiwal.pl\/index.php\/wp-json\/wp\/v2\/posts\/3594\/revisions\/3600"}],"wp:featuredmedia":[{"embeddable":true,"href":"http:\/\/studenckifestiwal.pl\/index.php\/wp-json\/wp\/v2\/media\/3598"}],"wp:attachment":[{"href":"http:\/\/studenckifestiwal.pl\/index.php\/wp-json\/wp\/v2\/media?parent=3594"}],"wp:term":[{"taxonomy":"category","embeddable":true,"href":"http:\/\/studenckifestiwal.pl\/index.php\/wp-json\/wp\/v2\/categories?post=3594"},{"taxonomy":"post_tag","embeddable":true,"href":"http:\/\/studenckifestiwal.pl\/index.php\/wp-json\/wp\/v2\/tags?post=3594"}],"curies":[{"name":"wp","href":"https:\/\/api.w.org\/{rel}","templated":true}]}}