{"id":357,"date":"2018-06-19T11:02:52","date_gmt":"2018-06-19T09:02:52","guid":{"rendered":"http:\/\/studenckifestiwal.pl\/?p=357"},"modified":"2018-08-20T12:24:13","modified_gmt":"2018-08-20T10:24:13","slug":"koncert-finalowy","status":"publish","type":"post","link":"http:\/\/studenckifestiwal.pl\/index.php\/2018\/06\/19\/koncert-finalowy\/","title":{"rendered":"53. SFP-KFP \u201eWojciech M\u0142ynarski. Awers \u2013 rewers\u201d"},"content":{"rendered":"<div class='booster-block booster-read-block'>\n                <div class=\"twp-read-time\">\n                \t<i class=\"booster-icon twp-clock\"><\/i> <span>Read Time:<\/span>2 Minute, 4 Second                <\/div>\n\n            <\/div><p>Scenariusz i re\u017cyseria: Bogus\u0142aw Sobczuk;<\/p>\n<p>Kierownictwo muzyczne: Jasiek Kusek;<\/p>\n<p>Wyst\u0119puj\u0105: Beata Banasik, Adrianna Maja Ku\u0107mierz, Agnieszka Przekupie\u0144, Agata Ro\u017cankowska, Anastazja Simi\u0144ska, Jakub Pawlak, Pawe\u0142 Ruszkowski, Piotr T\u0142ustochowicz.<\/p>\n<p>Go\u015bcie specjalni: Maciej Male\u0144czuk, Jan M\u0142ynarski.<\/p>\n<p>Zgodnie z istniej\u0105c\u0105 \u201eod zawsze\u201d tradycj\u0105 festiwalu, jego fina\u0142owym koncertem staramy si\u0119 reagowa\u0107 na (ostatnio \u2013 coraz bardziej) otaczaj\u0105c\u0105 nas rzeczywisto\u015b\u0107.<\/p>\n<p>W tym roku \u0142\u0105czymy ten zwyczaj z okoliczno\u015bci\u0105 szczeg\u00f3ln\u0105, jak\u0105 jest pami\u0119\u0107 o Wojciechu M\u0142ynarskim. Z jednej wi\u0119c strony jeste\u015bmy winni ten koncert Wojciechowi M\u0142ynarskiemu \u2013 wielokrotnemu jurorowi festiwalu i przez ca\u0142e lata jego sojusznikowi, z drugiej strony winni jeste\u015bmy ten koncert Wojtkowi M\u0142ynarskiemu \u2013 naszemu znakomitemu Koledze.<\/p>\n<p>Koncert \u201eWojciech M\u0142ynarski. Awers \u2013 rewers\u201d wykona \u00f3semka \u015bwietnych m\u0142odych artyst\u00f3w, laureat\u00f3w festiwalu z ostatnich kilku lat, obecnie (ju\u017c) absolwent\u00f3w znanych uczelni artystycznych (PWST w Krakowie, AM w Gda\u0144sku \u2013 wokalistyka musicalowa, AM w Bydgoszczy \u2013 wokalistyka jazzowa, Uniwersytet w Arras \u2013 sztuki widowiskowe, Pa\u0144stwowa Szko\u0142a Aktorska w Strassburgu). Wszyscy oni dostawali pierwsze nagrody i \u201egrandprixy\u201d \u2013 poza Krakowem \u2013 tak\u017ce na Przegl\u0105dzie Piosenki Aktorskiej we Wroc\u0142awiu, na \u201eOsieckiej\u201d w Warszawie, czy na \u201eAnnie German\u201d w Moskwie; obecnie graj\u0105, a zw\u0142aszcza \u015bpiewaj\u0105 (!) g\u0142\u00f3wne role w teatrach muzycznych \u0141odzi, Szczecina, Warszawy i Gdyni. Za\u015bpiewaj\u0105 solo, w duetach, tercetach i zbior\u00f3wkach. Towarzyszy\u0107 im b\u0119dzie orkiestra z\u0142o\u017cona ze student\u00f3w i absolwent\u00f3w wydzia\u0142\u00f3w muzyki jazzowej dwu Akademii Muzycznych \u2013 katowickiej i krakowskiej. Do jednej z kolejnych pozycji do\u0142\u0105czy Jan M\u0142ynarski \u2013 by zasi\u0105\u015b\u0107 za perkusj\u0105 i \u2013 zza niej \u2013 za\u015bpiewa\u0107 jedn\u0105 z piosenek swojego Taty.<\/p>\n<p>Tytu\u0142owy \u201eawers\u201d i \u201erewers\u201d to osobisto \u2013 liryczna, a z drugiej strony publicystyczno \u2013 szydercza nuta w tw\u00f3rczo\u015bci M\u0142ynarskiego. Liryk\u0119 (\u201eKocham ci\u0119, \u017cycie\u201d, \u201ePoranne \u0142zy\u201d, \u201eZmieni\u0142e\u015b si\u0119\u201d, \u201eJu\u017c ci\u0119 nie kocham\u201d, \u201eMoja mi\u0142o\u015b\u0107 najwi\u0119ksza\u201d) przedstawi\u0105 wykonawcy bez kompleksu podejmuj\u0105cy repertuar wybitnych polskich artyst\u00f3w r\u00f3\u017cnych pokole\u0144, takich jak Edyta Geppert, Krystyna Pro\u0144ko, Kalina J\u0119drusik, czy Micha\u0142 Bajor. Publicystyk\u0119 i szyderstwo wy\u015bpiewaj\u0105 m\u0142odzie\u0144cy w okularach i z\u0142o\u015bliwie inteligentne panny.<\/p>\n<p>W trzech czwartych koncertu na scenie pojawi si\u0119 artysta \u201ewieloaspektowy\u201d: poeta, kompozytor, gitarzysta, piosenkarz, skandalista, bard \u2013 Maciej Male\u0144czuk. Przedstawi fragmenty swojej najnowszej p\u0142yty pt.: \u201eMale\u0144czuk gra M\u0142ynarskiego\u201d, a do fina\u0142u poprosi wszystkich wykonawc\u00f3w.<\/p>\n<p>Piosenki Wojciecha M\u0142ynarskiego zabrzmi\u0105, przypuszczam, \u201ejak zawsze\u201d: te o mi\u0142o\u015bci \u2013 poniewa\u017c s\u0105 ponadczasowe, uniwersalne i po ludzku nam bliskie; te o naszym \u201etu i teraz\u201d \u2013 bo po kilkudziesi\u0119ciu latach, nieoczekiwanie (i ku naszemu niemi\u0142emu zdziwieniu) okazuj\u0105 si\u0119 aktualne, jak gdyby wtedy by\u0142y proroczo pisane w zwi\u0105zku z tym, co dzieje si\u0119 w\u0142a\u015bnie teraz i w\u0142a\u015bnie tutaj. Przypomnienie Wojtkowej liryki jest nasz\u0105 wielk\u0105 przyjemno\u015bci\u0105. Si\u0119gni\u0119cie po Jego repertuar cierpki i gorzki w smaku \u2013 w obecnej sytuacji &#8211; traktujemy jak nasz, nie mniejszy, obowi\u0105zek. Wynikaj\u0105cy z tradycji tego festiwalu.<\/p>\n        <div class=\"booster-block booster-reactions-block\">\n            <div class=\"twp-reactions-icons\">\n                \n                <div class=\"twp-reacts-wrap\">\n                    <a react-data=\"be-react-1\" post-id=\"357\" class=\"be-face-icons un-reacted\" href=\"javascript:void(0)\">\n                        <img decoding=\"async\" src=\"http:\/\/studenckifestiwal.pl\/wp-content\/plugins\/booster-extension\/\/assets\/icon\/happy.svg\" alt=\"Happy\">\n                    <\/a>\n                    <div class=\"twp-reaction-title\">\n                        Happy                    <\/div>\n                    <div class=\"twp-count-percent\">\n                                                    <span style=\"display: none;\" class=\"twp-react-count\">0<\/span>\n                        \n                                                <span class=\"twp-react-percent\"><span>0<\/span> %<\/span>\n                                            <\/div>\n                <\/div>\n\n                <div class=\"twp-reacts-wrap\">\n                    <a react-data=\"be-react-2\" post-id=\"357\" class=\"be-face-icons un-reacted\" href=\"javascript:void(0)\">\n                        <img decoding=\"async\" src=\"http:\/\/studenckifestiwal.pl\/wp-content\/plugins\/booster-extension\/\/assets\/icon\/sad.svg\" alt=\"Sad\">\n                    <\/a>\n                    <div class=\"twp-reaction-title\">\n                        Sad                    <\/div>\n                    <div class=\"twp-count-percent\">\n                                                    <span style=\"display: none;\" class=\"twp-react-count\">0<\/span>\n                                                                        <span class=\"twp-react-percent\"><span>0<\/span> %<\/span>\n                                            <\/div>\n                <\/div>\n\n                <div class=\"twp-reacts-wrap\">\n                    <a react-data=\"be-react-3\" post-id=\"357\" class=\"be-face-icons un-reacted\" href=\"javascript:void(0)\">\n                        <img decoding=\"async\" src=\"http:\/\/studenckifestiwal.pl\/wp-content\/plugins\/booster-extension\/\/assets\/icon\/excited.svg\" alt=\"Excited\">\n                    <\/a>\n                    <div class=\"twp-reaction-title\">\n                        Excited                    <\/div>\n                    <div class=\"twp-count-percent\">\n                                                    <span style=\"display: none;\" class=\"twp-react-count\">0<\/span>\n                                                                        <span class=\"twp-react-percent\"><span>0<\/span> %<\/span>\n                                            <\/div>\n                <\/div>\n\n                <div class=\"twp-reacts-wrap\">\n                    <a react-data=\"be-react-6\" post-id=\"357\" class=\"be-face-icons un-reacted\" href=\"javascript:void(0)\">\n                        <img decoding=\"async\" src=\"http:\/\/studenckifestiwal.pl\/wp-content\/plugins\/booster-extension\/\/assets\/icon\/sleepy.svg\" alt=\"Sleepy\">\n                    <\/a>\n                    <div class=\"twp-reaction-title\">\n                        Sleepy                    <\/div>\n                    <div class=\"twp-count-percent\">\n                                                    <span style=\"display: none;\" class=\"twp-react-count\">0<\/span>\n                        \n                                                <span class=\"twp-react-percent\"><span>0<\/span> %<\/span>\n                                            <\/div>\n                <\/div>\n\n                <div class=\"twp-reacts-wrap\">\n                    <a react-data=\"be-react-4\" post-id=\"357\" class=\"be-face-icons un-reacted\" href=\"javascript:void(0)\">\n                        <img decoding=\"async\" src=\"http:\/\/studenckifestiwal.pl\/wp-content\/plugins\/booster-extension\/\/assets\/icon\/angry.svg\" alt=\"Angry\">\n                    <\/a>\n                    <div class=\"twp-reaction-title\">Angry<\/div>\n                    <div class=\"twp-count-percent\">\n                                                    <span style=\"display: none;\" class=\"twp-react-count\">0<\/span>\n                                                                        <span class=\"twp-react-percent\"><span>0<\/span> %<\/span>\n                        \n                    <\/div>\n                <\/div>\n\n                <div class=\"twp-reacts-wrap\">\n                    <a react-data=\"be-react-5\" post-id=\"357\" class=\"be-face-icons un-reacted\" href=\"javascript:void(0)\">\n                        <img decoding=\"async\" src=\"http:\/\/studenckifestiwal.pl\/wp-content\/plugins\/booster-extension\/\/assets\/icon\/surprise.svg\" alt=\"Surprise\">\n                    <\/a>\n                    <div class=\"twp-reaction-title\">Surprise<\/div>\n                    <div class=\"twp-count-percent\">\n                                                    <span style=\"display: none;\" class=\"twp-react-count\">0<\/span>\n                                                                        <span class=\"twp-react-percent\"><span>0<\/span> %<\/span>\n                                            <\/div>\n                <\/div>\n\n            <\/div>\n        <\/div>\n\n    ","protected":false},"excerpt":{"rendered":"<p>Scenariusz i re\u017cyseria: Bogus\u0142aw Sobczuk; Kierownictwo muzyczne: Jasiek Kusek; Wyst\u0119puj\u0105: Beata Banasik, Adrianna Maja Ku\u0107mierz, Agnieszka Przekupie\u0144, Agata Ro\u017cankowska, Anastazja<\/p>\n<p><a href=\"http:\/\/studenckifestiwal.pl\/index.php\/2018\/06\/19\/koncert-finalowy\/\" class=\"more-link\">Czytaj wi\u0119cej<span class=\"screen-reader-text\">53. SFP-KFP \u201eWojciech M\u0142ynarski. Awers \u2013 rewers\u201d<\/span><\/a><\/p>\n","protected":false},"author":1,"featured_media":577,"comment_status":"closed","ping_status":"open","sticky":false,"template":"","format":"standard","meta":{"ngg_post_thumbnail":0,"footnotes":""},"categories":[1],"tags":[],"class_list":["post-357","post","type-post","status-publish","format-standard","has-post-thumbnail","hentry","category-slider"],"builder_content":"","_links":{"self":[{"href":"http:\/\/studenckifestiwal.pl\/index.php\/wp-json\/wp\/v2\/posts\/357","targetHints":{"allow":["GET"]}}],"collection":[{"href":"http:\/\/studenckifestiwal.pl\/index.php\/wp-json\/wp\/v2\/posts"}],"about":[{"href":"http:\/\/studenckifestiwal.pl\/index.php\/wp-json\/wp\/v2\/types\/post"}],"author":[{"embeddable":true,"href":"http:\/\/studenckifestiwal.pl\/index.php\/wp-json\/wp\/v2\/users\/1"}],"replies":[{"embeddable":true,"href":"http:\/\/studenckifestiwal.pl\/index.php\/wp-json\/wp\/v2\/comments?post=357"}],"version-history":[{"count":6,"href":"http:\/\/studenckifestiwal.pl\/index.php\/wp-json\/wp\/v2\/posts\/357\/revisions"}],"predecessor-version":[{"id":724,"href":"http:\/\/studenckifestiwal.pl\/index.php\/wp-json\/wp\/v2\/posts\/357\/revisions\/724"}],"wp:featuredmedia":[{"embeddable":true,"href":"http:\/\/studenckifestiwal.pl\/index.php\/wp-json\/wp\/v2\/media\/577"}],"wp:attachment":[{"href":"http:\/\/studenckifestiwal.pl\/index.php\/wp-json\/wp\/v2\/media?parent=357"}],"wp:term":[{"taxonomy":"category","embeddable":true,"href":"http:\/\/studenckifestiwal.pl\/index.php\/wp-json\/wp\/v2\/categories?post=357"},{"taxonomy":"post_tag","embeddable":true,"href":"http:\/\/studenckifestiwal.pl\/index.php\/wp-json\/wp\/v2\/tags?post=357"}],"curies":[{"name":"wp","href":"https:\/\/api.w.org\/{rel}","templated":true}]}}