{"id":2686,"date":"2021-09-15T10:39:10","date_gmt":"2021-09-15T08:39:10","guid":{"rendered":"http:\/\/studenckifestiwal.pl\/?p=2686"},"modified":"2021-09-17T11:13:31","modified_gmt":"2021-09-17T09:13:31","slug":"kuba-badach-tribute-to-andrzej-zaucha-57-sfp","status":"publish","type":"post","link":"http:\/\/studenckifestiwal.pl\/index.php\/2021\/09\/15\/kuba-badach-tribute-to-andrzej-zaucha-57-sfp\/","title":{"rendered":"Kuba Badach \u2013 \u201eTribute to Andrzej Zaucha\u201d | 57. SFP"},"content":{"rendered":"<div class='booster-block booster-read-block'>\n                <div class=\"twp-read-time\">\n                \t<i class=\"booster-icon twp-clock\"><\/i> <span>Read Time:<\/span>0 Second                <\/div>\n\n            <\/div><!--themify_builder_content-->\n<div id=\"themify_builder_content-2686\" data-postid=\"2686\" class=\"themify_builder_content themify_builder_content-2686 themify_builder tf_clear\">\n                    <div  data-lazy=\"1\" class=\"module_row themify_builder_row tb_mpop540 tb_first tf_w\">\n                        <div class=\"row_inner col_align_top tb_col_count_1 tf_box tf_rel\">\n                        <div  data-lazy=\"1\" class=\"module_column tb-column col-full tb_mci8541 first\">\n                    <!-- module text -->\n<div  class=\"module module-text tb_iz7c547   \" data-lazy=\"1\">\n        <div  class=\"tb_text_wrap\">\n        <div class=\"kvgmc6g5 cxmmr5t8 oygrvhab hcukyx3x c1et5uql\">Kuba Badach \u2013 &#8222;Tribute to Andrzej Zaucha\u201d | 57.SFP<\/div><div>&nbsp;<\/div><div class=\"o9v6fnle cxmmr5t8 oygrvhab hcukyx3x c1et5uql\">15 pa\u017adziernika 2021 roku<br>Nowohuckie Centrum Kultury al. Jana Paw\u0142a II<\/div><div>&nbsp;<\/div><div class=\"o9v6fnle cxmmr5t8 oygrvhab hcukyx3x c1et5uql\">Koncert obejmuje nie\u015bmiertelne utwory polskiej legendy sceny muzycznej Andrzeja Zauchy w autorskich aran\u017cacjach Jacka Piskorza i Kuby Badacha. Us\u0142yszymy m.in. \u201eBy\u0142a\u015b serca biciem\u201d, \u201eB\u0105d\u017a moim natchnieniem, \u201dC\u2019est la vie\u201d czy \u201eSi\u00f3dmy rok. Materia\u0142, prezentowany podczas koncertu zosta\u0142 wydany na p\u0142ycie Kuby Badacha &#8222;Tribute to Andrzej Zaucha&#8221;, kt\u00f3ra to otrzyma\u0142a status &#8222;Z\u0142otej P\u0142yty&#8221;.<\/div><div class=\"o9v6fnle cxmmr5t8 oygrvhab hcukyx3x c1et5uql\"><br>&#8222;To moje podzi\u0119kowanie dla Zauchy. Nie wiem, by\u0107 mo\u017ce machn\u0105\u0142by r\u0119k\u0105 zniesmaczony, s\u0142ysz\u0105c s\u0142owo \u201eho\u0142d\u201d\u2026 Ale to zaszczyt \u015bpiewa\u0107 jego utwory&#8230;&#8221; \u2013 Kuba Badach.<\/div><div>&nbsp;<\/div><div class=\"o9v6fnle cxmmr5t8 oygrvhab hcukyx3x c1et5uql\">Data wydarzenia nie jest przypadkowa i przypada w tygodniu 30 rocznicy tragicznej \u015bmierci artysty.<\/div><div class=\"o9v6fnle cxmmr5t8 oygrvhab hcukyx3x c1et5uql\">________________________________<\/div><div class=\"o9v6fnle cxmmr5t8 oygrvhab hcukyx3x c1et5uql\">Koncert jest cz\u0119\u015bci\u0105 57. Studenckiego Festiwalu Piosenki w Krakowie, najstarszego Festiwalu piosenki autorskiej w Polsce. Tegoroczna edycja odb\u0119dzie si\u0119 w Krakowie dniach 13-17.10.2021.<\/div><div>&nbsp;<\/div><div class=\"o9v6fnle cxmmr5t8 oygrvhab hcukyx3x c1et5uql\">Zadanie finansowane ze \u015brodk\u00f3w Miasta Krakowa.<\/div><div>&nbsp;<\/div><div>Bilety:&nbsp;<\/div><div><p><a href=\"https:\/\/biletyna.pl\/spektakl\/Kuba-Badach-Tribute-to-Andrzej-Zaucha-koncert-w-ramach-57-Studenckiego-Festiwalu-Piosenki-w-Krakowie\/Krakow?fbclid=IwAR3UzUJy3p9PdZ451qi6KCDa-JA6ABQ7rHliYCjE3JX6iDNUtyTFOJgzbTU\">https:\/\/biletyna.pl\/spektakl\/Kuba-Badach-Tribute-to-Andrzej-Zaucha-koncert-w-ramach-57-Studenckiego-Festiwalu-Piosenki-w-Krakowie\/Krakow?fbclid=IwAR3UzUJy3p9PdZ451qi6KCDa-JA6ABQ7rHliYCjE3JX6iDNUtyTFOJgzbTU<\/a><\/p><\/div>    <\/div>\n<\/div>\n<!-- \/module text -->        <\/div>\n                        <\/div>\n        <\/div>\n        <\/div>\n<!--\/themify_builder_content-->        <div class=\"booster-block booster-reactions-block\">\n            <div class=\"twp-reactions-icons\">\n                \n                <div class=\"twp-reacts-wrap\">\n                    <a react-data=\"be-react-1\" post-id=\"2686\" class=\"be-face-icons un-reacted\" href=\"javascript:void(0)\">\n                        <img decoding=\"async\" src=\"http:\/\/studenckifestiwal.pl\/wp-content\/plugins\/booster-extension\/\/assets\/icon\/happy.svg\" alt=\"Happy\">\n                    <\/a>\n                    <div class=\"twp-reaction-title\">\n                        Happy                    <\/div>\n                    <div class=\"twp-count-percent\">\n                                                    <span style=\"display: none;\" class=\"twp-react-count\">0<\/span>\n                        \n                                                <span class=\"twp-react-percent\"><span>0<\/span> %<\/span>\n                                            <\/div>\n                <\/div>\n\n                <div class=\"twp-reacts-wrap\">\n                    <a react-data=\"be-react-2\" post-id=\"2686\" class=\"be-face-icons un-reacted\" href=\"javascript:void(0)\">\n                        <img decoding=\"async\" src=\"http:\/\/studenckifestiwal.pl\/wp-content\/plugins\/booster-extension\/\/assets\/icon\/sad.svg\" alt=\"Sad\">\n                    <\/a>\n                    <div class=\"twp-reaction-title\">\n                        Sad                    <\/div>\n                    <div class=\"twp-count-percent\">\n                                                    <span style=\"display: none;\" class=\"twp-react-count\">0<\/span>\n                                                                        <span class=\"twp-react-percent\"><span>0<\/span> %<\/span>\n                                            <\/div>\n                <\/div>\n\n                <div class=\"twp-reacts-wrap\">\n                    <a react-data=\"be-react-3\" post-id=\"2686\" class=\"be-face-icons un-reacted\" href=\"javascript:void(0)\">\n                        <img decoding=\"async\" src=\"http:\/\/studenckifestiwal.pl\/wp-content\/plugins\/booster-extension\/\/assets\/icon\/excited.svg\" alt=\"Excited\">\n                    <\/a>\n                    <div class=\"twp-reaction-title\">\n                        Excited                    <\/div>\n                    <div class=\"twp-count-percent\">\n                                                    <span style=\"display: none;\" class=\"twp-react-count\">0<\/span>\n                                                                        <span class=\"twp-react-percent\"><span>0<\/span> %<\/span>\n                                            <\/div>\n                <\/div>\n\n                <div class=\"twp-reacts-wrap\">\n                    <a react-data=\"be-react-6\" post-id=\"2686\" class=\"be-face-icons un-reacted\" href=\"javascript:void(0)\">\n                        <img decoding=\"async\" src=\"http:\/\/studenckifestiwal.pl\/wp-content\/plugins\/booster-extension\/\/assets\/icon\/sleepy.svg\" alt=\"Sleepy\">\n                    <\/a>\n                    <div class=\"twp-reaction-title\">\n                        Sleepy                    <\/div>\n                    <div class=\"twp-count-percent\">\n                                                    <span style=\"display: none;\" class=\"twp-react-count\">0<\/span>\n                        \n                                                <span class=\"twp-react-percent\"><span>0<\/span> %<\/span>\n                                            <\/div>\n                <\/div>\n\n                <div class=\"twp-reacts-wrap\">\n                    <a react-data=\"be-react-4\" post-id=\"2686\" class=\"be-face-icons un-reacted\" href=\"javascript:void(0)\">\n                        <img decoding=\"async\" src=\"http:\/\/studenckifestiwal.pl\/wp-content\/plugins\/booster-extension\/\/assets\/icon\/angry.svg\" alt=\"Angry\">\n                    <\/a>\n                    <div class=\"twp-reaction-title\">Angry<\/div>\n                    <div class=\"twp-count-percent\">\n                                                    <span style=\"display: none;\" class=\"twp-react-count\">0<\/span>\n                                                                        <span class=\"twp-react-percent\"><span>0<\/span> %<\/span>\n                        \n                    <\/div>\n                <\/div>\n\n                <div class=\"twp-reacts-wrap\">\n                    <a react-data=\"be-react-5\" post-id=\"2686\" class=\"be-face-icons un-reacted\" href=\"javascript:void(0)\">\n                        <img decoding=\"async\" src=\"http:\/\/studenckifestiwal.pl\/wp-content\/plugins\/booster-extension\/\/assets\/icon\/surprise.svg\" alt=\"Surprise\">\n                    <\/a>\n                    <div class=\"twp-reaction-title\">Surprise<\/div>\n                    <div class=\"twp-count-percent\">\n                                                    <span style=\"display: none;\" class=\"twp-react-count\">0<\/span>\n                                                                        <span class=\"twp-react-percent\"><span>0<\/span> %<\/span>\n                                            <\/div>\n                <\/div>\n\n            <\/div>\n        <\/div>","protected":false},"excerpt":{"rendered":"<p>Kuba Badach \u2013 &#8222;Tribute to Andrzej Zaucha\u201d | 57.SFP&nbsp;15 pa\u017adziernika 2021 rokuNowohuckie Centrum Kultury al. Jana Paw\u0142a II&nbsp;Koncert obejmuje nie\u015bmiertelne<\/p>\n<p><a href=\"http:\/\/studenckifestiwal.pl\/index.php\/2021\/09\/15\/kuba-badach-tribute-to-andrzej-zaucha-57-sfp\/\" class=\"more-link\">Czytaj wi\u0119cej<span class=\"screen-reader-text\">Kuba Badach \u2013 \u201eTribute to Andrzej Zaucha\u201d | 57. SFP<\/span><\/a><\/p>\n","protected":false},"author":1,"featured_media":2687,"comment_status":"closed","ping_status":"closed","sticky":false,"template":"","format":"standard","meta":{"ngg_post_thumbnail":0,"footnotes":""},"categories":[1],"tags":[],"class_list":["post-2686","post","type-post","status-publish","format-standard","has-post-thumbnail","hentry","category-slider"],"builder_content":"Kuba Badach \u2013 \"Tribute to Andrzej Zaucha\u201d | 57.SFP&nbsp;15 pa\u017adziernika 2021 roku<br>Nowohuckie Centrum Kultury al. Jana Paw\u0142a II&nbsp;Koncert obejmuje nie\u015bmiertelne utwory polskiej legendy sceny muzycznej Andrzeja Zauchy w autorskich aran\u017cacjach Jacka Piskorza i Kuby Badacha. Us\u0142yszymy m.in. \u201eBy\u0142a\u015b serca biciem\u201d, \u201eB\u0105d\u017a moim natchnieniem, \u201dC\u2019est la vie\u201d czy \u201eSi\u00f3dmy rok. Materia\u0142, prezentowany podczas koncertu zosta\u0142 wydany na p\u0142ycie Kuby Badacha \"Tribute to Andrzej Zaucha\", kt\u00f3ra to otrzyma\u0142a status \"Z\u0142otej P\u0142yty\".<br>\"To moje podzi\u0119kowanie dla Zauchy. Nie wiem, by\u0107 mo\u017ce machn\u0105\u0142by r\u0119k\u0105 zniesmaczony, s\u0142ysz\u0105c s\u0142owo \u201eho\u0142d\u201d\u2026 Ale to zaszczyt \u015bpiewa\u0107 jego utwory...\" \u2013 Kuba Badach.&nbsp;Data wydarzenia nie jest przypadkowa i przypada w tygodniu 30 rocznicy tragicznej \u015bmierci artysty.________________________________Koncert jest cz\u0119\u015bci\u0105 57. Studenckiego Festiwalu Piosenki w Krakowie, najstarszego Festiwalu piosenki autorskiej w Polsce. Tegoroczna edycja odb\u0119dzie si\u0119 w Krakowie dniach 13-17.10.2021.&nbsp;Zadanie finansowane ze \u015brodk\u00f3w Miasta Krakowa.&nbsp;Bilety:&nbsp;<p><a href=\"https:\/\/biletyna.pl\/spektakl\/Kuba-Badach-Tribute-to-Andrzej-Zaucha-koncert-w-ramach-57-Studenckiego-Festiwalu-Piosenki-w-Krakowie\/Krakow?fbclid=IwAR3UzUJy3p9PdZ451qi6KCDa-JA6ABQ7rHliYCjE3JX6iDNUtyTFOJgzbTU\">https:\/\/biletyna.pl\/spektakl\/Kuba-Badach-Tribute-to-Andrzej-Zaucha-koncert-w-ramach-57-Studenckiego-Festiwalu-Piosenki-w-Krakowie\/Krakow?fbclid=IwAR3UzUJy3p9PdZ451qi6KCDa-JA6ABQ7rHliYCjE3JX6iDNUtyTFOJgzbTU<\/a><\/p>","_links":{"self":[{"href":"http:\/\/studenckifestiwal.pl\/index.php\/wp-json\/wp\/v2\/posts\/2686","targetHints":{"allow":["GET"]}}],"collection":[{"href":"http:\/\/studenckifestiwal.pl\/index.php\/wp-json\/wp\/v2\/posts"}],"about":[{"href":"http:\/\/studenckifestiwal.pl\/index.php\/wp-json\/wp\/v2\/types\/post"}],"author":[{"embeddable":true,"href":"http:\/\/studenckifestiwal.pl\/index.php\/wp-json\/wp\/v2\/users\/1"}],"replies":[{"embeddable":true,"href":"http:\/\/studenckifestiwal.pl\/index.php\/wp-json\/wp\/v2\/comments?post=2686"}],"version-history":[{"count":1,"href":"http:\/\/studenckifestiwal.pl\/index.php\/wp-json\/wp\/v2\/posts\/2686\/revisions"}],"predecessor-version":[{"id":2688,"href":"http:\/\/studenckifestiwal.pl\/index.php\/wp-json\/wp\/v2\/posts\/2686\/revisions\/2688"}],"wp:featuredmedia":[{"embeddable":true,"href":"http:\/\/studenckifestiwal.pl\/index.php\/wp-json\/wp\/v2\/media\/2687"}],"wp:attachment":[{"href":"http:\/\/studenckifestiwal.pl\/index.php\/wp-json\/wp\/v2\/media?parent=2686"}],"wp:term":[{"taxonomy":"category","embeddable":true,"href":"http:\/\/studenckifestiwal.pl\/index.php\/wp-json\/wp\/v2\/categories?post=2686"},{"taxonomy":"post_tag","embeddable":true,"href":"http:\/\/studenckifestiwal.pl\/index.php\/wp-json\/wp\/v2\/tags?post=2686"}],"curies":[{"name":"wp","href":"https:\/\/api.w.org\/{rel}","templated":true}]}}