{"id":2681,"date":"2021-09-13T11:40:17","date_gmt":"2021-09-13T09:40:17","guid":{"rendered":"http:\/\/studenckifestiwal.pl\/?p=2681"},"modified":"2021-09-13T11:40:19","modified_gmt":"2021-09-13T09:40:19","slug":"maja-kleszcz-osiecka-de-luxe-57-sfp","status":"publish","type":"post","link":"http:\/\/studenckifestiwal.pl\/index.php\/2021\/09\/13\/maja-kleszcz-osiecka-de-luxe-57-sfp\/","title":{"rendered":"Maja Kleszcz \u201eOSIECKA DE LUXE\u201d | 57. SFP"},"content":{"rendered":"<div class='booster-block booster-read-block'>\n                <div class=\"twp-read-time\">\n                \t<i class=\"booster-icon twp-clock\"><\/i> <span>Read Time:<\/span>0 Second                <\/div>\n\n            <\/div><!--themify_builder_content-->\n<div id=\"themify_builder_content-2681\" data-postid=\"2681\" class=\"themify_builder_content themify_builder_content-2681 themify_builder tf_clear\">\n                    <div  data-lazy=\"1\" class=\"module_row themify_builder_row tb_jkk5563 tb_first tf_w\">\n                        <div class=\"row_inner col_align_top tb_col_count_1 tf_box tf_rel\">\n                        <div  data-lazy=\"1\" class=\"module_column tb-column col-full tb_gc99564 first\">\n                    <!-- module text -->\n<div  class=\"module module-text tb_rhcq424   \" data-lazy=\"1\">\n        <div  class=\"tb_text_wrap\">\n        <div class=\"kvgmc6g5 cxmmr5t8 oygrvhab hcukyx3x c1et5uql\">Maja Kleszcz \u201eOSIECKA DE LUXE\u201d | 57. SFP | Muzeum Manggha<\/div><div class=\"o9v6fnle cxmmr5t8 oygrvhab hcukyx3x c1et5uql\">14 pa\u017adziernika 2021 roku<\/div><div>&nbsp;<\/div><div class=\"o9v6fnle cxmmr5t8 oygrvhab hcukyx3x c1et5uql\">Muzeum Sztuki i Techniki Japo\u0144skiej Manggha ul. M.Konopnickiej 26<\/div><div class=\"o9v6fnle cxmmr5t8 oygrvhab hcukyx3x c1et5uql\">Maja Kleszcz &#8211; karier\u0119 artystyczn\u0105 zaczyna\u0142a w wieku 14 lat w Kapeli ze Wsi Warszawa, zdobywaj\u0105c liczne nagrody (min. BBC Radio, 3 Fryderyki), wyst\u0119puj\u0105c w ponad 30 krajach \u015bwiata. Od 2010 roku, po odej\u015bciu z Kapeli, wraz z Wojciechem Krzakiem tworzy projekt artystyczny \u201eincarNations\u201d, eksploruj\u0105cy \u015bwiat retrobrzmie\u0144 z pogranicza jazzu i bluesa.<\/div><div class=\"o9v6fnle cxmmr5t8 oygrvhab hcukyx3x c1et5uql\">Specjalnie dla niej teksty tworzy Bogdan Loebl, znany wcze\u015bniej z legendarnej ju\u017c tw\u00f3rczo\u015bci grupy Breakout. I r\u00f3wnie\u017c ta aktywno\u015b\u0107 zosta\u0142a dostrze\u017cona przez publiczno\u015b\u0107 i krytyk\u0119 (nominacje do nagr\u00f3d Tr\u00f3jki, TVP Kultura czy Fryderyk\u00f3w).<\/div><div>&nbsp;<\/div><div class=\"o9v6fnle cxmmr5t8 oygrvhab hcukyx3x c1et5uql\">Jej g\u0142os nie pozostawia odbiorcy oboj\u0119tnym. Wywo\u0142uje najg\u0142\u0119bsze emocje i pozwala uwierzy\u0107, \u017ce nawet dzi\u015b mo\u017cliwa jest bezkompromisowa wiara w sztuk\u0119.<\/div><div>&nbsp;<\/div><div class=\"o9v6fnle cxmmr5t8 oygrvhab hcukyx3x c1et5uql\">W nieszablonowym projekcie artystycznym &#8211; \u201eOsiecka de Luxe\u201d Maja Kleszcz, podejmuje si\u0119 \u015bwie\u017cej i nowoczesnej interpretacji piosenek Agnieszki Osieckiej. Artystka, okre\u015blana przez pras\u0119 polsk\u0105 Amy Winehouse czy Ell\u0105 Fitzgerald, z w\u0142a\u015bciwym sobie podej\u015bciem retro bierze na warsztat najwi\u0119ksze przeboje b\u0119d\u0105ce jednocze\u015bnie kamieniami<br>milowymi polskiej piosenki (m.in. \u201eNiech \u017cyje bal\u201d, \u201eUciekaj moje serce\u201d, \u201eNa ca\u0142ych jeziorach\u201d czy \u201eNim wstanie dzie\u0144\u201d). A koncert, tak jak i album, przywraca pami\u0119\u0107 dawnej muzycznej elegancji.<\/div><div>&nbsp;<\/div><div class=\"o9v6fnle cxmmr5t8 oygrvhab hcukyx3x c1et5uql\">12 wydanych p\u0142yt, 20 realizacji teatralnych, setki koncert\u00f3w i wiele nagr\u00f3d &#8211; to jest najlepsza wizyt\u00f3wka.<\/div><div>&nbsp;<\/div><div class=\"o9v6fnle cxmmr5t8 oygrvhab hcukyx3x c1et5uql\">Opr\u00f3cz specyfiki estradowej Maja Kleszcz z powodzeniem zajmuje si\u0119 r\u00f3wnie\u017c komponowaniem muzyki teatralnej (nagrody m.in: Festiwal Gombrowiczowski, Festiwal Teatralny \u201eBoska Komedia\u201d) oraz filmowej. Obdarzona talentem aktorskim, gra r\u00f3wnie\u017c w licznych spektaklach, m.in. w Teatrze Narodowym w Warszawie czy Teatrze Polskim we Wroc\u0142awiu.<br>________________________________<br>Koncert jest cz\u0119\u015bci\u0105 57. Studenckiego Festiwalu Piosenki w Krakowie (13-17.10.2021), najstarszego Festiwalu piosenki autorskiej w Polsce.<br><br><\/div><div>Bilety:<p>\nhttps:\/\/goingapp.pl\/wydarzenie\/maja-kleszcz-osiecka-de-luxe-57-sfp\/pazdziernik-2021\n<\/p><\/div>    <\/div>\n<\/div>\n<!-- \/module text -->        <\/div>\n                        <\/div>\n        <\/div>\n        <\/div>\n<!--\/themify_builder_content-->        <div class=\"booster-block booster-reactions-block\">\n            <div class=\"twp-reactions-icons\">\n                \n                <div class=\"twp-reacts-wrap\">\n                    <a react-data=\"be-react-1\" post-id=\"2681\" class=\"be-face-icons un-reacted\" href=\"javascript:void(0)\">\n                        <img decoding=\"async\" src=\"http:\/\/studenckifestiwal.pl\/wp-content\/plugins\/booster-extension\/\/assets\/icon\/happy.svg\" alt=\"Happy\">\n                    <\/a>\n                    <div class=\"twp-reaction-title\">\n                        Happy                    <\/div>\n                    <div class=\"twp-count-percent\">\n                                                    <span style=\"display: none;\" class=\"twp-react-count\">0<\/span>\n                        \n                                                <span class=\"twp-react-percent\"><span>0<\/span> %<\/span>\n                                            <\/div>\n                <\/div>\n\n                <div class=\"twp-reacts-wrap\">\n                    <a react-data=\"be-react-2\" post-id=\"2681\" class=\"be-face-icons un-reacted\" href=\"javascript:void(0)\">\n                        <img decoding=\"async\" src=\"http:\/\/studenckifestiwal.pl\/wp-content\/plugins\/booster-extension\/\/assets\/icon\/sad.svg\" alt=\"Sad\">\n                    <\/a>\n                    <div class=\"twp-reaction-title\">\n                        Sad                    <\/div>\n                    <div class=\"twp-count-percent\">\n                                                    <span style=\"display: none;\" class=\"twp-react-count\">0<\/span>\n                                                                        <span class=\"twp-react-percent\"><span>0<\/span> %<\/span>\n                                            <\/div>\n                <\/div>\n\n                <div class=\"twp-reacts-wrap\">\n                    <a react-data=\"be-react-3\" post-id=\"2681\" class=\"be-face-icons un-reacted\" href=\"javascript:void(0)\">\n                        <img decoding=\"async\" src=\"http:\/\/studenckifestiwal.pl\/wp-content\/plugins\/booster-extension\/\/assets\/icon\/excited.svg\" alt=\"Excited\">\n                    <\/a>\n                    <div class=\"twp-reaction-title\">\n                        Excited                    <\/div>\n                    <div class=\"twp-count-percent\">\n                                                    <span style=\"display: none;\" class=\"twp-react-count\">0<\/span>\n                                                                        <span class=\"twp-react-percent\"><span>0<\/span> %<\/span>\n                                            <\/div>\n                <\/div>\n\n                <div class=\"twp-reacts-wrap\">\n                    <a react-data=\"be-react-6\" post-id=\"2681\" class=\"be-face-icons un-reacted\" href=\"javascript:void(0)\">\n                        <img decoding=\"async\" src=\"http:\/\/studenckifestiwal.pl\/wp-content\/plugins\/booster-extension\/\/assets\/icon\/sleepy.svg\" alt=\"Sleepy\">\n                    <\/a>\n                    <div class=\"twp-reaction-title\">\n                        Sleepy                    <\/div>\n                    <div class=\"twp-count-percent\">\n                                                    <span style=\"display: none;\" class=\"twp-react-count\">0<\/span>\n                        \n                                                <span class=\"twp-react-percent\"><span>0<\/span> %<\/span>\n                                            <\/div>\n                <\/div>\n\n                <div class=\"twp-reacts-wrap\">\n                    <a react-data=\"be-react-4\" post-id=\"2681\" class=\"be-face-icons un-reacted\" href=\"javascript:void(0)\">\n                        <img decoding=\"async\" src=\"http:\/\/studenckifestiwal.pl\/wp-content\/plugins\/booster-extension\/\/assets\/icon\/angry.svg\" alt=\"Angry\">\n                    <\/a>\n                    <div class=\"twp-reaction-title\">Angry<\/div>\n                    <div class=\"twp-count-percent\">\n                                                    <span style=\"display: none;\" class=\"twp-react-count\">0<\/span>\n                                                                        <span class=\"twp-react-percent\"><span>0<\/span> %<\/span>\n                        \n                    <\/div>\n                <\/div>\n\n                <div class=\"twp-reacts-wrap\">\n                    <a react-data=\"be-react-5\" post-id=\"2681\" class=\"be-face-icons un-reacted\" href=\"javascript:void(0)\">\n                        <img decoding=\"async\" src=\"http:\/\/studenckifestiwal.pl\/wp-content\/plugins\/booster-extension\/\/assets\/icon\/surprise.svg\" alt=\"Surprise\">\n                    <\/a>\n                    <div class=\"twp-reaction-title\">Surprise<\/div>\n                    <div class=\"twp-count-percent\">\n                                                    <span style=\"display: none;\" class=\"twp-react-count\">0<\/span>\n                                                                        <span class=\"twp-react-percent\"><span>0<\/span> %<\/span>\n                                            <\/div>\n                <\/div>\n\n            <\/div>\n        <\/div>","protected":false},"excerpt":{"rendered":"<p>Maja Kleszcz \u201eOSIECKA DE LUXE\u201d | 57. SFP | Muzeum Manggha14 pa\u017adziernika 2021 roku&nbsp;Muzeum Sztuki i Techniki Japo\u0144skiej Manggha ul.<\/p>\n<p><a href=\"http:\/\/studenckifestiwal.pl\/index.php\/2021\/09\/13\/maja-kleszcz-osiecka-de-luxe-57-sfp\/\" class=\"more-link\">Czytaj wi\u0119cej<span class=\"screen-reader-text\">Maja Kleszcz \u201eOSIECKA DE LUXE\u201d | 57. SFP<\/span><\/a><\/p>\n","protected":false},"author":1,"featured_media":2682,"comment_status":"closed","ping_status":"closed","sticky":false,"template":"","format":"standard","meta":{"ngg_post_thumbnail":0,"footnotes":""},"categories":[1],"tags":[],"class_list":["post-2681","post","type-post","status-publish","format-standard","has-post-thumbnail","hentry","category-slider"],"builder_content":"Maja Kleszcz \u201eOSIECKA DE LUXE\u201d | 57. SFP | Muzeum Manggha14 pa\u017adziernika 2021 roku&nbsp;Muzeum Sztuki i Techniki Japo\u0144skiej Manggha ul. M.Konopnickiej 26Maja Kleszcz - karier\u0119 artystyczn\u0105 zaczyna\u0142a w wieku 14 lat w Kapeli ze Wsi Warszawa, zdobywaj\u0105c liczne nagrody (min. BBC Radio, 3 Fryderyki), wyst\u0119puj\u0105c w ponad 30 krajach \u015bwiata. Od 2010 roku, po odej\u015bciu z Kapeli, wraz z Wojciechem Krzakiem tworzy projekt artystyczny \u201eincarNations\u201d, eksploruj\u0105cy \u015bwiat retrobrzmie\u0144 z pogranicza jazzu i bluesa.Specjalnie dla niej teksty tworzy Bogdan Loebl, znany wcze\u015bniej z legendarnej ju\u017c tw\u00f3rczo\u015bci grupy Breakout. I r\u00f3wnie\u017c ta aktywno\u015b\u0107 zosta\u0142a dostrze\u017cona przez publiczno\u015b\u0107 i krytyk\u0119 (nominacje do nagr\u00f3d Tr\u00f3jki, TVP Kultura czy Fryderyk\u00f3w).&nbsp;Jej g\u0142os nie pozostawia odbiorcy oboj\u0119tnym. Wywo\u0142uje najg\u0142\u0119bsze emocje i pozwala uwierzy\u0107, \u017ce nawet dzi\u015b mo\u017cliwa jest bezkompromisowa wiara w sztuk\u0119.&nbsp;W nieszablonowym projekcie artystycznym - \u201eOsiecka de Luxe\u201d Maja Kleszcz, podejmuje si\u0119 \u015bwie\u017cej i nowoczesnej interpretacji piosenek Agnieszki Osieckiej. Artystka, okre\u015blana przez pras\u0119 polsk\u0105 Amy Winehouse czy Ell\u0105 Fitzgerald, z w\u0142a\u015bciwym sobie podej\u015bciem retro bierze na warsztat najwi\u0119ksze przeboje b\u0119d\u0105ce jednocze\u015bnie kamieniami<br>milowymi polskiej piosenki (m.in. \u201eNiech \u017cyje bal\u201d, \u201eUciekaj moje serce\u201d, \u201eNa ca\u0142ych jeziorach\u201d czy \u201eNim wstanie dzie\u0144\u201d). A koncert, tak jak i album, przywraca pami\u0119\u0107 dawnej muzycznej elegancji.&nbsp;12 wydanych p\u0142yt, 20 realizacji teatralnych, setki koncert\u00f3w i wiele nagr\u00f3d - to jest najlepsza wizyt\u00f3wka.&nbsp;Opr\u00f3cz specyfiki estradowej Maja Kleszcz z powodzeniem zajmuje si\u0119 r\u00f3wnie\u017c komponowaniem muzyki teatralnej (nagrody m.in: Festiwal Gombrowiczowski, Festiwal Teatralny \u201eBoska Komedia\u201d) oraz filmowej. Obdarzona talentem aktorskim, gra r\u00f3wnie\u017c w licznych spektaklach, m.in. w Teatrze Narodowym w Warszawie czy Teatrze Polskim we Wroc\u0142awiu.<br>________________________________<br>Koncert jest cz\u0119\u015bci\u0105 57. Studenckiego Festiwalu Piosenki w Krakowie (13-17.10.2021), najstarszego Festiwalu piosenki autorskiej w Polsce.<br><br>Bilety:<p>https:\/\/goingapp.pl\/wydarzenie\/maja-kleszcz-osiecka-de-luxe-57-sfp\/pazdziernik-2021<\/p>","_links":{"self":[{"href":"http:\/\/studenckifestiwal.pl\/index.php\/wp-json\/wp\/v2\/posts\/2681","targetHints":{"allow":["GET"]}}],"collection":[{"href":"http:\/\/studenckifestiwal.pl\/index.php\/wp-json\/wp\/v2\/posts"}],"about":[{"href":"http:\/\/studenckifestiwal.pl\/index.php\/wp-json\/wp\/v2\/types\/post"}],"author":[{"embeddable":true,"href":"http:\/\/studenckifestiwal.pl\/index.php\/wp-json\/wp\/v2\/users\/1"}],"replies":[{"embeddable":true,"href":"http:\/\/studenckifestiwal.pl\/index.php\/wp-json\/wp\/v2\/comments?post=2681"}],"version-history":[{"count":1,"href":"http:\/\/studenckifestiwal.pl\/index.php\/wp-json\/wp\/v2\/posts\/2681\/revisions"}],"predecessor-version":[{"id":2683,"href":"http:\/\/studenckifestiwal.pl\/index.php\/wp-json\/wp\/v2\/posts\/2681\/revisions\/2683"}],"wp:featuredmedia":[{"embeddable":true,"href":"http:\/\/studenckifestiwal.pl\/index.php\/wp-json\/wp\/v2\/media\/2682"}],"wp:attachment":[{"href":"http:\/\/studenckifestiwal.pl\/index.php\/wp-json\/wp\/v2\/media?parent=2681"}],"wp:term":[{"taxonomy":"category","embeddable":true,"href":"http:\/\/studenckifestiwal.pl\/index.php\/wp-json\/wp\/v2\/categories?post=2681"},{"taxonomy":"post_tag","embeddable":true,"href":"http:\/\/studenckifestiwal.pl\/index.php\/wp-json\/wp\/v2\/tags?post=2681"}],"curies":[{"name":"wp","href":"https:\/\/api.w.org\/{rel}","templated":true}]}}